{"id":986,"date":"2017-01-05T08:56:02","date_gmt":"2017-01-05T07:56:02","guid":{"rendered":"https:\/\/www.cefarm24.pl\/czytelnia\/?p=986"},"modified":"2022-02-08T09:38:19","modified_gmt":"2022-02-08T08:38:19","slug":"depresja-objawy-i-konsekwencje-cz-2","status":"publish","type":"post","link":"https:\/\/www.cefarm24.pl\/czytelnia\/zdrowie\/jestem-kobieta\/depresja-objawy-i-konsekwencje-cz-2\/","title":{"rendered":"Depresja &#8211; objawy i konsekwencje, cz. 2"},"content":{"rendered":"\n<h2 class=\"wp-block-heading\" id=\"zaburzenia-depresyjne-moga-przybierac-rozne-formy-niezaleznie-od-swojej-postaci-wymagaja-swiadomosci-wagi-problemu-udania-sie-po-pomoc-do-specjalisty-i-podjecia-leczenia\">Zaburzenia depresyjne mog\u0105 przybiera\u0107 r\u00f3\u017cne formy. Niezale\u017cnie od swojej postaci, wymagaj\u0105 \u015bwiadomo\u015bci wagi problemu, udania si\u0119 po pomoc do specjalisty i podj\u0119cia leczenia.<\/h2><div class=\"article-box-container inside-article-box-container\"><div class=\"article-box-image-container\">\r\n                    <img decoding=\"async\" src=\"https:\/\/www.cefarm24.pl\/czytelnia\/wp-content\/uploads\/2021\/03\/fotolia_213351023_subscription_monthly_m.jpg__908x607_q85_crop_subsampling-2.jpg\" alt=\"Produkty wspomagaj\u0105ce w stosowaniu diety\" class=\"img-responsive\" \/>\r\n                <\/div><div class=\"article-box-content-container\">\r\n                    <p class=\"article-box-title\">Produkty wspomagaj\u0105ce w stosowaniu diety<\/p>\r\n                <div class=\"article-box-description\">Sprawd\u017a produkty wspomagaj\u0105ce stosowanie diety:<\/div><div class=\"article-box-buttons\"><div class=\"article-box-button\"><a href=\"https:\/\/www.cefarm24.pl\/odchudzanie-i-oczyszczanie.html\" target=\"_blank\" class=\"btn btn-article-box\">Odchudzanie i oczyszczanie<\/a><\/div><div class=\"article-box-button\"><a href=\"https:\/\/www.cefarm24.pl\/preparaty-wapnia-a.html\" target=\"_blank\" class=\"btn btn-article-box\">Preparaty wapnia<\/a><\/div><\/div><\/div><\/div>\n\n\n\n<p><span style=\"font-weight: 400;\">W <\/span><a href=\"https:\/\/www.cefarm24.pl\/czytelnia\/porady-okolozdrowotne\/depresja-objawy-i-konsekwencje-cz-1\" target=\"_blank\" rel=\"noopener\"><span style=\"font-weight: 400;\">pierwszej cz\u0119\u015bci artyku\u0142u<\/span><\/a><span style=\"font-weight: 400;\">&nbsp;opisali\u015bmy&nbsp;depresj\u0119 jako chorob\u0119 oraz przedstawili\u015bmy jej symptomy i warunki postawienia diagnozy. W drugiej ods\u0142onie zajmiemy si\u0119 przyczynami depresji, podamy jej r\u00f3\u017cne rodzaje, sprawdzimy, jak leczy si\u0119 depresj\u0119 oraz rzucimy okiem na statystyki dotycz\u0105ce tej choroby.<\/span><\/p>\n\n\n\n<h3 class=\"wp-block-heading\" id=\"przyczyny-depresji\"><span style=\"font-weight: 400;\">Przyczyny depresji<\/span><\/h3>\n\n\n\n<p><span style=\"font-weight: 400;\">Czynnik\u00f3w wp\u0142ywaj\u0105cych na powstanie depresji jest tak du\u017co, \u017ce mog\u0142yby one pos\u0142u\u017cy\u0107 za tre\u015b\u0107 osobnego artyku\u0142u. W\u015br\u00f3d najwa\u017cniejszych wymienia si\u0119:<\/span><\/p>\n\n\n\n<ol class=\"wp-block-list\"><li><span style=\"font-weight: 400;\">czynniki <strong>biologiczne<\/strong> (spadek ilo\u015bci neurotransmiter\u00f3w; zaburzenia somatyczne; przyjmowanie niekt\u00f3rych lek\u00f3w (np. na padaczk\u0119, na nadci\u015bnienie, onkologicznych, przeciwzapalnych); u\u017cywki; schorzenia neurologiczne, uk\u0142adu sercowego, wydalniczego, oddechowego i inne.<\/span><\/li><li><span style=\"font-weight: 400;\">czynniki <strong>wewn\u0119trzne<\/strong> (brak umiej\u0119tno\u015bci radzenia sobie z wewn\u0119trznymi problemami jednostki).<\/span><\/li><li><span style=\"font-weight: 400;\">czynniki <strong>interpersonalne<\/strong> (patologiczne otoczenie i niezdrowe relacje mi\u0119dzyludzkie, w tym przede wszystkim wi\u0119zi rodzinne, zawody mi\u0142osne, traumatyczne prze\u017cycia).<\/span><\/li><li><span style=\"font-weight: 400;\">czynniki <strong>genetyczne<\/strong>.<\/span><\/li><\/ol>\n\n\n\n<div class=\"article-box-container inside-article-box-container\"><div class=\"article-box-image-container\">\r\n                    <img decoding=\"async\" src=\"https:\/\/www.cefarm24.pl\/czytelnia\/wp-content\/uploads\/2021\/08\/bol-z-tylu-glowy-napieciowy-bol-glowy.jpg\" alt=\"Preparaty na popraw\u0119 nastroju i uspokojenie\" class=\"img-responsive\" \/>\r\n                <\/div><div class=\"article-box-content-container\">\r\n                    <p class=\"article-box-title\">Preparaty na popraw\u0119 nastroju i uspokojenie<\/p>\r\n                <div class=\"article-box-description\"><\/div><div class=\"article-box-buttons\"><div class=\"article-box-button\"><a href=\"https:\/\/www.cefarm24.pl\/przeciwdepresyjne.html\" target=\"_blank\" class=\"btn btn-article-box\">Leki przeciwdepresyjne<\/a><\/div><div class=\"article-box-button\"><a href=\"https:\/\/www.cefarm24.pl\/uspokajajace-nasenne-przeciwdepresyjne.html\t\t\t\t\t \t\t\t\t\t \t\t\t\t\t \t\t\t\t\t \t\t\t\t\t\" target=\"_blank\" class=\"btn btn-article-box\">Leki nasenne i na uspokojenie<\/a><\/div><\/div><\/div><\/div>\n\n\n\n<h3 class=\"wp-block-heading\" id=\"rodzaje-depresji\"><span style=\"font-weight: 400;\">Rodzaje depresji<\/span><\/h3>\n\n\n\n<p><span style=\"font-weight: 400;\">Jedn\u0105 z klasyfikacji choroby jest <strong>tr\u00f3jstronny podzia\u0142<\/strong> na depresje: <strong>endogenne, psychogenne oraz objawowe<\/strong>.<\/span><\/p>\n\n\n\n<p><span style=\"font-weight: 400;\"><strong>Depresje endogenne<\/strong> wyst\u0119puj\u0105 w przebiegu chor\u00f3b afektywnych i zaburze\u0144 schizoafektywnych. Do tego typu depresji zaliczamy: depresj\u0119 wielk\u0105 (endogenn\u0105, typow\u0105) oraz depresje atypowe &#8211; poronne, maskowane, subdepresje.<\/span><\/p>\n\n\n\n<p><span style=\"font-weight: 400;\"><strong>Depresje psychogenne<\/strong> z kolei powstaj\u0105 w rezultacie wewn\u0119trznych do\u015bwiadcze\u0144 psychicznych lub sytuacji zewn\u0119trznych. W sk\u0142ad tej grupy wchodz\u0105: depresje reaktywne (np. reakcja na \u017ca\u0142ob\u0119), depresje w przebiegu zaburze\u0144 nerwicowych (np. dystymia), depresje w przebiegu reakcji adaptacyjnych.<\/span><\/p>\n\n\n\n<p><span style=\"font-weight: 400;\">Wreszcie trzecim typem przypad\u0142o\u015bci s\u0105 <strong>depresje objawowe<\/strong>. W tym przypadku depresja jest konsekwencj\u0105 prze\u017cywanej\/przebytej choroby. Wyr\u00f3\u017cniamy depresje w chorobach somatycznych, depresje powi\u0105zane z przyjmowaniem lek\u00f3w oraz depresje w chorobach organicznych m\u00f3zgu.<\/span><\/p>\n\n\n\n<p><span style=\"font-weight: 400;\">Inny podzia\u0142 depresji uwzgl\u0119dnia <strong>trzy stopnie nasilenia objaw\u00f3w<\/strong>. W tym wypadku wyr\u00f3\u017cniamy depresj\u0119 <strong>\u0142agodn\u0105<\/strong> (subdepresj\u0119), <strong>umiarkowan\u0105 <\/strong>i<strong> ci\u0119\u017ck\u0105<\/strong>, a negatywne konsekwencje, a wi\u0119c stopie\u0144 komplikacji dla pacjenta w postaci r\u00f3\u017cnych objaw\u00f3w, ro\u015bnie oczywi\u015bcie wraz z kolejnymi fazami choroby.<\/span><\/p>\n\n\n\n<h2 class=\"wp-block-heading\" id=\"leczenie-depresji\"><span style=\"font-weight: 400;\">Leczenie depresji<\/span><\/h2>\n\n\n\n<p><a href=\"https:\/\/www.cefarm24.pl\/czytelnia\/porady-okolozdrowotne\/depresja-objawy-i-konsekwencje-cz-1\" target=\"_blank\" rel=\"noopener\"><span style=\"font-weight: 400;\">Jak wspomnieli\u015bmy w&nbsp;<\/span><span style=\"font-weight: 400;\">I cz\u0119\u015bci artyku\u0142u<\/span><\/a><span style=\"font-weight: 400;\">, <strong>depresja jest chorob\u0105, a wi\u0119c powinno si\u0119 j\u0105 leczy\u0107<\/strong>. Brak kuracji mo\u017ce skutkowa\u0107 rozbiciem, alienacj\u0105 i zamkni\u0119ciem si\u0119 w sobie pacjenta, dezorganizacj\u0105 dnia codziennego, utrat\u0105 zdolno\u015bci do pracy, nauki i funkcjonowania w spo\u0142ecze\u0144stwie. W niekt\u00f3rych przypadkach mo\u017ce doj\u015b\u0107 tak\u017ce do pr\u00f3b samob\u00f3jczych.<\/span><\/p>\n\n\n\n<p><span style=\"font-weight: 400;\">W terapii antydepresyjnej stosuje si\u0119 zazwyczaj <strong>dwie drogi<\/strong>: <strong>biologiczn\u0105<\/strong> (farmakologiczn\u0105) oraz <strong>psychologiczn\u0105<\/strong> (praca z psychoterapeut\u0105).<\/span><\/p>\n\n\n\n<p><span style=\"font-weight: 400;\">Leczenie z u\u017cyciem farmaceutyk\u00f3w mo\u017ce zaleci\u0107 <strong>jedynie lekarz, najlepiej psychiatria<\/strong>. Efekty tego rodzaju terapii b\u0119d\u0105 widoczne po 2 &#8211; 4 tygodniach od chwili rozpocz\u0119cia przyjmowania lek\u00f3w. Nale\u017cy <strong>stosowa\u0107 si\u0119 do wskaz\u00f3wek lekarza<\/strong> przepisuj\u0105cego antydepresanty, poniewa\u017c zbyt niskie dawki mog\u0105 okaza\u0107 si\u0119 nieskuteczne, a zbyt du\u017ce mog\u0105 by\u0107 zagro\u017ceniem dla \u017cycia. <strong>Leki antydepresyjne w po\u0142\u0105czeniu z innymi medykamentami mog\u0105 powodowa\u0107 dodatkowe komplikacje<\/strong>. Lekarz jednak mo\u017ce zaproponowa\u0107 leczenie \u0142agodniejszymi \u015brodkami, np. <a href=\"https:\/\/www.cefarm24.pl\/czytelnia\/wpisy-wyroznione\/wpis-wyrozniony-1\/inozytol-wtiamina-b8-wlasciwosci\" target=\"_blank\" rel=\"noopener\">inozytolem<\/a>.&nbsp;<\/span><\/p>\n\n\n\n<p><span style=\"font-weight: 400;\">Praca z psychologiem jest wa\u017cnym ogniwem terapii na etapie rozpoznania depresji. W dalszych fazach choroby <strong>warto dzia\u0142a\u0107 dwutorowo<\/strong> i &#8211; opr\u00f3cz leczenia biologicznego &#8211; podj\u0105\u0107 tak\u017ce psychoterapi\u0119. Praca z terapeut\u0105 pozwoli pozna\u0107 \u017ar\u00f3d\u0142a problem\u00f3w, zdefiniowa\u0107 obszar ra\u017cenia choroby czy zrozumie\u0107 konsekwencje wynikaj\u0105ce z jej wyst\u0105pienia. Psychoterapia daje choremu przede wszystkim <strong>poczucie wsparcia i \u015bwiadomo\u015b\u0107 tego, \u017ce pacjent nie musi radzi\u0107 sobie sam z zaistnia\u0142\u0105 sytuacj\u0105<\/strong>. Praca z terapeut\u0105 ma zawsze wymiar indywidualny, a jej dynamika i okres trwania s\u0105&nbsp;zale\u017cne od mo\u017cliwo\u015bci pacjenta, z\u0142o\u017cono\u015bci problemu i do\u015bwiadczenia osoby prowadz\u0105cej terapi\u0119.<\/span><\/p>\n\n\n\n<p><span style=\"font-weight: 400;\">Zar\u00f3wno leczenie farmakologiczne, jak i spotkania z terapeut\u0105 s\u0105 nastawione na wyniki odroczone w czasie, a <strong>leczenie depresji jest zazwyczaj procesem d\u0142ugotrwa\u0142ym<\/strong>, kt\u00f3rego okres zale\u017cy od specyfiki danego casusu. Najszybsze efekty mo\u017ce da\u0107 terapia elektrowstrz\u0105sami, ale jest to \u015brodek stosowany rzadko, jedynie przy najci\u0119\u017cszych przypadkach.<\/span><\/p>\n\n\n\n<h3 class=\"wp-block-heading\" id=\"depresja-okiem-statystyka\"><span style=\"font-weight: 400;\">Depresja okiem statystyka<\/span><\/h3>\n\n\n\n<p><span style=\"font-weight: 400;\">Jak donosi w swoim raporcie (2014 r.) Instytut Zarz\u0105dzania w Ochronie Zdrowia, <strong>na \u015bwiecie na depresj\u0119 cierpi 350 mln os\u00f3b<\/strong>, w tym 83 mln na Starym Kontynencie (<strong>a\u017c 27% Europejczyk\u00f3w<\/strong>). W Polsce z chorob\u0105 zmaga si\u0119 1,5 mln ludzi. Statystki m\u00f3wi\u0105, \u017ce na depresj\u0119 choruje <strong>2 razy wi\u0119cej kobiet ni\u017c m\u0119\u017cczyzn<\/strong>. Przyczyn tak jaskrawej dysproporcji mo\u017cna upatrywa\u0107 w r\u00f3\u017cnicach hormonalnych, czynnikach spo\u0142ecznych oraz stresogennych. Prawd\u0105 jest tak\u017ce to, \u017ce m\u0119\u017cczy\u017ani rzadziej zg\u0142aszaj\u0105 si\u0119 po pomoc (a przez to rzadziej figuruj\u0105 w statystykach), kt\u00f3r\u0105 odczytuj\u0105 jako wyraz s\u0142abo\u015bci.<\/span><\/p>\n\n\n\n<p><span style=\"font-weight: 400;\">Z ca\u0142\u0105 pewno\u015bci\u0105 <strong>depresja jest problemem globalnym<\/strong>. \u015awiatowa organizacja zdrowia szacuje, \u017ce w chwili obecnej depresja jest <strong>na czwartym miejscu w\u015br\u00f3d najcz\u0119stszych chor\u00f3b z tendencj\u0105 wzrostow\u0105<\/strong>. W 2020 r. b\u0119dzie zajmowa\u0142a ju\u017c miejsce drugie, a po up\u0142ywie kolejnej dekady zdominuje ten niechlubny ranking.<\/span><\/p>\n\n\n\n<p><span style=\"font-weight: 400;\"><strong>Depresj\u0105 s\u0105 zagro\u017ceni ludzie w ka\u017cdym wieku<\/strong>. Na \u015bwiecie najcz\u0119\u015bciej diagnozuje si\u0119 j\u0105 u ludzi w wieku 20 &#8211; 40 lat. W Polsce natomiast 80% pacjent\u00f3w jest w wieku 30 &#8211; 59 l. Problem narasta tak\u017ce w\u015br\u00f3d nieletnich. \u0179r\u00f3d\u0142a podaj\u0105, \u017ce na du\u017c\u0105 depresj\u0119 zapadnie 1 &#8211; 2% dzieci w wieku przedpokwitaniowym, 5 &#8211; 8% nastolatk\u00f3w i nawet do 20% osiemnastolatk\u00f3w. Jak wida\u0107, ryzyko wyst\u0105pienia depresji ro\u015bnie wraz z procesem dojrzewania i przejmowania nowych r\u00f3l. Przebieg\u0142a depresja mo\u017ce tak\u017ce atakowa\u0107 senior\u00f3w. Choroba jest szczeg\u00f3lnie niebezpieczna dla os\u00f3b starszych, kt\u00f3rym cz\u0119sto brakuje wiedzy i odwagi, by poprosi\u0107 o pomoc, ale tak\u017ce uwagi i wsparcia bliskich.<\/span><\/p>\n","protected":false},"excerpt":{"rendered":"<p>Zaburzenia depresyjne mog\u0105 przybiera\u0107 r\u00f3\u017cne formy. Niezale\u017cnie od swojej postaci, wymagaj\u0105 \u015bwiadomo\u015bci wagi problemu, udania si\u0119 po pomoc do specjalisty i podj\u0119cia leczenia. Produkty wspomagaj\u0105ce w stosowaniu diety Sprawd\u017a produkty wspomagaj\u0105ce stosowanie diety: Odchudzanie i oczyszczanie Preparaty wapnia W pierwszej cz\u0119\u015bci artyku\u0142u&nbsp;opisali\u015bmy&nbsp;depresj\u0119 jako chorob\u0119 oraz przedstawili\u015bmy jej symptomy i warunki postawienia diagnozy. W drugiej ods\u0142onie [&hellip;]<\/p>\n","protected":false},"author":3,"featured_media":988,"comment_status":"closed","ping_status":"open","sticky":false,"template":"","format":"standard","meta":{"_acf_changed":false,"footnotes":""},"categories":[401],"tags":[],"class_list":["post-986","post","type-post","status-publish","format-standard","has-post-thumbnail","hentry","category-jestem-kobieta"],"acf":[],"yoast_head":"<!-- This site is optimized with the Yoast SEO plugin v24.6 - https:\/\/yoast.com\/wordpress\/plugins\/seo\/ -->\n<title>Depresja - objawy i konsekwencje, cz. 2 - Czytelnia apteki Cefarm24<\/title>\n<meta name=\"description\" content=\"Depresja - objawy i konsekwencje. Przekonaj si\u0119, jakie s\u0105 przyczyny depresji, jak leczy\u0107 t\u0119 chorob\u0119 i ile os\u00f3b zmaga si\u0119 z jej symptomami.\" \/>\n<meta name=\"robots\" content=\"index, follow, max-snippet:-1, max-image-preview:large, max-video-preview:-1\" \/>\n<link rel=\"canonical\" href=\"https:\/\/www.cefarm24.pl\/czytelnia\/zdrowie\/jestem-kobieta\/depresja-objawy-i-konsekwencje-cz-2\/\" \/>\n<meta name=\"twitter:label1\" content=\"Napisane przez\" \/>\n\t<meta name=\"twitter:data1\" content=\"A F\" \/>\n\t<meta name=\"twitter:label2\" content=\"Szacowany czas czytania\" \/>\n\t<meta name=\"twitter:data2\" content=\"5 minut\" \/>\n<script type=\"application\/ld+json\" class=\"yoast-schema-graph\">{\"@context\":\"https:\/\/schema.org\",\"@graph\":[{\"@type\":\"Article\",\"@id\":\"https:\/\/www.cefarm24.pl\/czytelnia\/zdrowie\/jestem-kobieta\/depresja-objawy-i-konsekwencje-cz-2\/#article\",\"isPartOf\":{\"@id\":\"https:\/\/www.cefarm24.pl\/czytelnia\/zdrowie\/jestem-kobieta\/depresja-objawy-i-konsekwencje-cz-2\/\"},\"author\":{\"name\":\"A F\",\"@id\":\"https:\/\/www.cefarm24.pl\/czytelnia\/#\/schema\/person\/58bc3535b8df4030251392060439cc7e\"},\"headline\":\"Depresja &#8211; objawy i konsekwencje, cz. 2\",\"datePublished\":\"2017-01-05T07:56:02+00:00\",\"dateModified\":\"2022-02-08T08:38:19+00:00\",\"mainEntityOfPage\":{\"@id\":\"https:\/\/www.cefarm24.pl\/czytelnia\/zdrowie\/jestem-kobieta\/depresja-objawy-i-konsekwencje-cz-2\/\"},\"wordCount\":952,\"publisher\":{\"@id\":\"https:\/\/www.cefarm24.pl\/czytelnia\/#organization\"},\"image\":{\"@id\":\"https:\/\/www.cefarm24.pl\/czytelnia\/zdrowie\/jestem-kobieta\/depresja-objawy-i-konsekwencje-cz-2\/#primaryimage\"},\"thumbnailUrl\":\"https:\/\/www.cefarm24.pl\/czytelnia\/wp-content\/uploads\/2017\/01\/depresja.png\",\"articleSection\":[\"Jestem kobiet\u0105!\"],\"inLanguage\":\"pl-PL\"},{\"@type\":\"WebPage\",\"@id\":\"https:\/\/www.cefarm24.pl\/czytelnia\/zdrowie\/jestem-kobieta\/depresja-objawy-i-konsekwencje-cz-2\/\",\"url\":\"https:\/\/www.cefarm24.pl\/czytelnia\/zdrowie\/jestem-kobieta\/depresja-objawy-i-konsekwencje-cz-2\/\",\"name\":\"Depresja - objawy i konsekwencje, cz. 2 - Czytelnia apteki Cefarm24\",\"isPartOf\":{\"@id\":\"https:\/\/www.cefarm24.pl\/czytelnia\/#website\"},\"primaryImageOfPage\":{\"@id\":\"https:\/\/www.cefarm24.pl\/czytelnia\/zdrowie\/jestem-kobieta\/depresja-objawy-i-konsekwencje-cz-2\/#primaryimage\"},\"image\":{\"@id\":\"https:\/\/www.cefarm24.pl\/czytelnia\/zdrowie\/jestem-kobieta\/depresja-objawy-i-konsekwencje-cz-2\/#primaryimage\"},\"thumbnailUrl\":\"https:\/\/www.cefarm24.pl\/czytelnia\/wp-content\/uploads\/2017\/01\/depresja.png\",\"datePublished\":\"2017-01-05T07:56:02+00:00\",\"dateModified\":\"2022-02-08T08:38:19+00:00\",\"description\":\"Depresja - objawy i konsekwencje. Przekonaj si\u0119, jakie s\u0105 przyczyny depresji, jak leczy\u0107 t\u0119 chorob\u0119 i ile os\u00f3b zmaga si\u0119 z jej symptomami.\",\"breadcrumb\":{\"@id\":\"https:\/\/www.cefarm24.pl\/czytelnia\/zdrowie\/jestem-kobieta\/depresja-objawy-i-konsekwencje-cz-2\/#breadcrumb\"},\"inLanguage\":\"pl-PL\",\"potentialAction\":[{\"@type\":\"ReadAction\",\"target\":[\"https:\/\/www.cefarm24.pl\/czytelnia\/zdrowie\/jestem-kobieta\/depresja-objawy-i-konsekwencje-cz-2\/\"]}]},{\"@type\":\"ImageObject\",\"inLanguage\":\"pl-PL\",\"@id\":\"https:\/\/www.cefarm24.pl\/czytelnia\/zdrowie\/jestem-kobieta\/depresja-objawy-i-konsekwencje-cz-2\/#primaryimage\",\"url\":\"https:\/\/www.cefarm24.pl\/czytelnia\/wp-content\/uploads\/2017\/01\/depresja.png\",\"contentUrl\":\"https:\/\/www.cefarm24.pl\/czytelnia\/wp-content\/uploads\/2017\/01\/depresja.png\",\"width\":1199,\"height\":400,\"caption\":\"Czym jest czyrak? Przyczyny, objawy, leczenie i skutki\"},{\"@type\":\"BreadcrumbList\",\"@id\":\"https:\/\/www.cefarm24.pl\/czytelnia\/zdrowie\/jestem-kobieta\/depresja-objawy-i-konsekwencje-cz-2\/#breadcrumb\",\"itemListElement\":[{\"@type\":\"ListItem\",\"position\":1,\"name\":\"Strona g\u0142\u00f3wna\",\"item\":\"https:\/\/www.cefarm24.pl\/\"},{\"@type\":\"ListItem\",\"position\":2,\"name\":\"Czytelnia\",\"item\":\"https:\/\/www.cefarm24.pl\/czytelnia\/\"},{\"@type\":\"ListItem\",\"position\":3,\"name\":\"Zdrowie\",\"item\":\"https:\/\/www.cefarm24.pl\/czytelnia\/zdrowie\/\"},{\"@type\":\"ListItem\",\"position\":4,\"name\":\"Jestem kobiet\u0105!\",\"item\":\"https:\/\/www.cefarm24.pl\/czytelnia\/zdrowie\/jestem-kobieta\/\"},{\"@type\":\"ListItem\",\"position\":5,\"name\":\"Depresja &#8211; objawy i konsekwencje, cz. 2\"}]},{\"@type\":\"WebSite\",\"@id\":\"https:\/\/www.cefarm24.pl\/czytelnia\/#website\",\"url\":\"https:\/\/www.cefarm24.pl\/czytelnia\/\",\"name\":\"Czytelnia apteki Cefarm24\",\"description\":\"Porady zdrowotne, opisy chor\u00f3b, nowo\u015bci w ofercie lek\u00f3w i suplement\u00f3w. Czytaj i wiedz wi\u0119cej!\",\"publisher\":{\"@id\":\"https:\/\/www.cefarm24.pl\/czytelnia\/#organization\"},\"potentialAction\":[{\"@type\":\"SearchAction\",\"target\":{\"@type\":\"EntryPoint\",\"urlTemplate\":\"https:\/\/www.cefarm24.pl\/czytelnia\/?s={search_term_string}\"},\"query-input\":{\"@type\":\"PropertyValueSpecification\",\"valueRequired\":true,\"valueName\":\"search_term_string\"}}],\"inLanguage\":\"pl-PL\"},{\"@type\":\"Organization\",\"@id\":\"https:\/\/www.cefarm24.pl\/czytelnia\/#organization\",\"name\":\"Apteka Cefarm24\",\"url\":\"https:\/\/www.cefarm24.pl\/czytelnia\/\",\"logo\":{\"@type\":\"ImageObject\",\"inLanguage\":\"pl-PL\",\"@id\":\"https:\/\/www.cefarm24.pl\/czytelnia\/#\/schema\/logo\/image\/\",\"url\":\"https:\/\/www.cefarm24.pl\/czytelnia\/wp-content\/uploads\/2016\/04\/cefarm-logo.jpg\",\"contentUrl\":\"https:\/\/www.cefarm24.pl\/czytelnia\/wp-content\/uploads\/2016\/04\/cefarm-logo.jpg\",\"width\":310,\"height\":90,\"caption\":\"Apteka Cefarm24\"},\"image\":{\"@id\":\"https:\/\/www.cefarm24.pl\/czytelnia\/#\/schema\/logo\/image\/\"},\"sameAs\":[\"https:\/\/www.facebook.com\/cefarm24\/\"]},{\"@type\":\"Person\",\"@id\":\"https:\/\/www.cefarm24.pl\/czytelnia\/#\/schema\/person\/58bc3535b8df4030251392060439cc7e\",\"name\":\"A F\",\"image\":{\"@type\":\"ImageObject\",\"inLanguage\":\"pl-PL\",\"@id\":\"https:\/\/www.cefarm24.pl\/czytelnia\/#\/schema\/person\/image\/\",\"url\":\"https:\/\/secure.gravatar.com\/avatar\/348d7251e30dd20a2e62129287d8dd27?s=96&d=mm&r=g\",\"contentUrl\":\"https:\/\/secure.gravatar.com\/avatar\/348d7251e30dd20a2e62129287d8dd27?s=96&d=mm&r=g\",\"caption\":\"A F\"}}]}<\/script>\n<!-- \/ Yoast SEO plugin. -->","yoast_head_json":{"title":"Depresja - objawy i konsekwencje, cz. 2 - Czytelnia apteki Cefarm24","description":"Depresja - objawy i konsekwencje. Przekonaj si\u0119, jakie s\u0105 przyczyny depresji, jak leczy\u0107 t\u0119 chorob\u0119 i ile os\u00f3b zmaga si\u0119 z jej symptomami.","robots":{"index":"index","follow":"follow","max-snippet":"max-snippet:-1","max-image-preview":"max-image-preview:large","max-video-preview":"max-video-preview:-1"},"canonical":"https:\/\/www.cefarm24.pl\/czytelnia\/zdrowie\/jestem-kobieta\/depresja-objawy-i-konsekwencje-cz-2\/","twitter_misc":{"Napisane przez":"A F","Szacowany czas czytania":"5 minut"},"schema":{"@context":"https:\/\/schema.org","@graph":[{"@type":"Article","@id":"https:\/\/www.cefarm24.pl\/czytelnia\/zdrowie\/jestem-kobieta\/depresja-objawy-i-konsekwencje-cz-2\/#article","isPartOf":{"@id":"https:\/\/www.cefarm24.pl\/czytelnia\/zdrowie\/jestem-kobieta\/depresja-objawy-i-konsekwencje-cz-2\/"},"author":{"name":"A F","@id":"https:\/\/www.cefarm24.pl\/czytelnia\/#\/schema\/person\/58bc3535b8df4030251392060439cc7e"},"headline":"Depresja &#8211; objawy i konsekwencje, cz. 2","datePublished":"2017-01-05T07:56:02+00:00","dateModified":"2022-02-08T08:38:19+00:00","mainEntityOfPage":{"@id":"https:\/\/www.cefarm24.pl\/czytelnia\/zdrowie\/jestem-kobieta\/depresja-objawy-i-konsekwencje-cz-2\/"},"wordCount":952,"publisher":{"@id":"https:\/\/www.cefarm24.pl\/czytelnia\/#organization"},"image":{"@id":"https:\/\/www.cefarm24.pl\/czytelnia\/zdrowie\/jestem-kobieta\/depresja-objawy-i-konsekwencje-cz-2\/#primaryimage"},"thumbnailUrl":"https:\/\/www.cefarm24.pl\/czytelnia\/wp-content\/uploads\/2017\/01\/depresja.png","articleSection":["Jestem kobiet\u0105!"],"inLanguage":"pl-PL"},{"@type":"WebPage","@id":"https:\/\/www.cefarm24.pl\/czytelnia\/zdrowie\/jestem-kobieta\/depresja-objawy-i-konsekwencje-cz-2\/","url":"https:\/\/www.cefarm24.pl\/czytelnia\/zdrowie\/jestem-kobieta\/depresja-objawy-i-konsekwencje-cz-2\/","name":"Depresja - objawy i konsekwencje, cz. 2 - Czytelnia apteki Cefarm24","isPartOf":{"@id":"https:\/\/www.cefarm24.pl\/czytelnia\/#website"},"primaryImageOfPage":{"@id":"https:\/\/www.cefarm24.pl\/czytelnia\/zdrowie\/jestem-kobieta\/depresja-objawy-i-konsekwencje-cz-2\/#primaryimage"},"image":{"@id":"https:\/\/www.cefarm24.pl\/czytelnia\/zdrowie\/jestem-kobieta\/depresja-objawy-i-konsekwencje-cz-2\/#primaryimage"},"thumbnailUrl":"https:\/\/www.cefarm24.pl\/czytelnia\/wp-content\/uploads\/2017\/01\/depresja.png","datePublished":"2017-01-05T07:56:02+00:00","dateModified":"2022-02-08T08:38:19+00:00","description":"Depresja - objawy i konsekwencje. Przekonaj si\u0119, jakie s\u0105 przyczyny depresji, jak leczy\u0107 t\u0119 chorob\u0119 i ile os\u00f3b zmaga si\u0119 z jej symptomami.","breadcrumb":{"@id":"https:\/\/www.cefarm24.pl\/czytelnia\/zdrowie\/jestem-kobieta\/depresja-objawy-i-konsekwencje-cz-2\/#breadcrumb"},"inLanguage":"pl-PL","potentialAction":[{"@type":"ReadAction","target":["https:\/\/www.cefarm24.pl\/czytelnia\/zdrowie\/jestem-kobieta\/depresja-objawy-i-konsekwencje-cz-2\/"]}]},{"@type":"ImageObject","inLanguage":"pl-PL","@id":"https:\/\/www.cefarm24.pl\/czytelnia\/zdrowie\/jestem-kobieta\/depresja-objawy-i-konsekwencje-cz-2\/#primaryimage","url":"https:\/\/www.cefarm24.pl\/czytelnia\/wp-content\/uploads\/2017\/01\/depresja.png","contentUrl":"https:\/\/www.cefarm24.pl\/czytelnia\/wp-content\/uploads\/2017\/01\/depresja.png","width":1199,"height":400,"caption":"Czym jest czyrak? Przyczyny, objawy, leczenie i skutki"},{"@type":"BreadcrumbList","@id":"https:\/\/www.cefarm24.pl\/czytelnia\/zdrowie\/jestem-kobieta\/depresja-objawy-i-konsekwencje-cz-2\/#breadcrumb","itemListElement":[{"@type":"ListItem","position":1,"name":"Strona g\u0142\u00f3wna","item":"https:\/\/www.cefarm24.pl\/"},{"@type":"ListItem","position":2,"name":"Czytelnia","item":"https:\/\/www.cefarm24.pl\/czytelnia\/"},{"@type":"ListItem","position":3,"name":"Zdrowie","item":"https:\/\/www.cefarm24.pl\/czytelnia\/zdrowie\/"},{"@type":"ListItem","position":4,"name":"Jestem kobiet\u0105!","item":"https:\/\/www.cefarm24.pl\/czytelnia\/zdrowie\/jestem-kobieta\/"},{"@type":"ListItem","position":5,"name":"Depresja &#8211; objawy i konsekwencje, cz. 2"}]},{"@type":"WebSite","@id":"https:\/\/www.cefarm24.pl\/czytelnia\/#website","url":"https:\/\/www.cefarm24.pl\/czytelnia\/","name":"Czytelnia apteki Cefarm24","description":"Porady zdrowotne, opisy chor\u00f3b, nowo\u015bci w ofercie lek\u00f3w i suplement\u00f3w. Czytaj i wiedz wi\u0119cej!","publisher":{"@id":"https:\/\/www.cefarm24.pl\/czytelnia\/#organization"},"potentialAction":[{"@type":"SearchAction","target":{"@type":"EntryPoint","urlTemplate":"https:\/\/www.cefarm24.pl\/czytelnia\/?s={search_term_string}"},"query-input":{"@type":"PropertyValueSpecification","valueRequired":true,"valueName":"search_term_string"}}],"inLanguage":"pl-PL"},{"@type":"Organization","@id":"https:\/\/www.cefarm24.pl\/czytelnia\/#organization","name":"Apteka Cefarm24","url":"https:\/\/www.cefarm24.pl\/czytelnia\/","logo":{"@type":"ImageObject","inLanguage":"pl-PL","@id":"https:\/\/www.cefarm24.pl\/czytelnia\/#\/schema\/logo\/image\/","url":"https:\/\/www.cefarm24.pl\/czytelnia\/wp-content\/uploads\/2016\/04\/cefarm-logo.jpg","contentUrl":"https:\/\/www.cefarm24.pl\/czytelnia\/wp-content\/uploads\/2016\/04\/cefarm-logo.jpg","width":310,"height":90,"caption":"Apteka Cefarm24"},"image":{"@id":"https:\/\/www.cefarm24.pl\/czytelnia\/#\/schema\/logo\/image\/"},"sameAs":["https:\/\/www.facebook.com\/cefarm24\/"]},{"@type":"Person","@id":"https:\/\/www.cefarm24.pl\/czytelnia\/#\/schema\/person\/58bc3535b8df4030251392060439cc7e","name":"A F","image":{"@type":"ImageObject","inLanguage":"pl-PL","@id":"https:\/\/www.cefarm24.pl\/czytelnia\/#\/schema\/person\/image\/","url":"https:\/\/secure.gravatar.com\/avatar\/348d7251e30dd20a2e62129287d8dd27?s=96&d=mm&r=g","contentUrl":"https:\/\/secure.gravatar.com\/avatar\/348d7251e30dd20a2e62129287d8dd27?s=96&d=mm&r=g","caption":"A F"}}]}},"_links":{"self":[{"href":"https:\/\/www.cefarm24.pl\/czytelnia\/wp-json\/wp\/v2\/posts\/986","targetHints":{"allow":["GET"]}}],"collection":[{"href":"https:\/\/www.cefarm24.pl\/czytelnia\/wp-json\/wp\/v2\/posts"}],"about":[{"href":"https:\/\/www.cefarm24.pl\/czytelnia\/wp-json\/wp\/v2\/types\/post"}],"author":[{"embeddable":true,"href":"https:\/\/www.cefarm24.pl\/czytelnia\/wp-json\/wp\/v2\/users\/3"}],"replies":[{"embeddable":true,"href":"https:\/\/www.cefarm24.pl\/czytelnia\/wp-json\/wp\/v2\/comments?post=986"}],"version-history":[{"count":8,"href":"https:\/\/www.cefarm24.pl\/czytelnia\/wp-json\/wp\/v2\/posts\/986\/revisions"}],"predecessor-version":[{"id":8409,"href":"https:\/\/www.cefarm24.pl\/czytelnia\/wp-json\/wp\/v2\/posts\/986\/revisions\/8409"}],"wp:featuredmedia":[{"embeddable":true,"href":"https:\/\/www.cefarm24.pl\/czytelnia\/wp-json\/wp\/v2\/media\/988"}],"wp:attachment":[{"href":"https:\/\/www.cefarm24.pl\/czytelnia\/wp-json\/wp\/v2\/media?parent=986"}],"wp:term":[{"taxonomy":"category","embeddable":true,"href":"https:\/\/www.cefarm24.pl\/czytelnia\/wp-json\/wp\/v2\/categories?post=986"},{"taxonomy":"post_tag","embeddable":true,"href":"https:\/\/www.cefarm24.pl\/czytelnia\/wp-json\/wp\/v2\/tags?post=986"}],"curies":[{"name":"wp","href":"https:\/\/api.w.org\/{rel}","templated":true}]}}