{"id":9061,"date":"2022-04-28T12:28:06","date_gmt":"2022-04-28T10:28:06","guid":{"rendered":"https:\/\/www.cefarm24.pl\/czytelnia\/?p=9061"},"modified":"2025-01-11T18:43:35","modified_gmt":"2025-01-11T17:43:35","slug":"amantadyna-czy-viregyt-k-mozna-zastosowac-do-covid","status":"publish","type":"post","link":"https:\/\/www.cefarm24.pl\/czytelnia\/zdrowie\/amantadyna-czy-viregyt-k-mozna-zastosowac-do-covid\/","title":{"rendered":"Amantadyna. Czy Viregyt-K mo\u017cna zastosowa\u0107 w przypadku Covid"},"content":{"rendered":"\n<p>Amantadyna to lek dopaminergiczny, antycholinergiczny i wirusostatyczny. W Polsce dost\u0119pna jest w postaci dw\u00f3ch preparat\u00f3w. Pierwszym z nich jest Viregyt-K, kt\u00f3rego substancj\u0105 czynna jest chlorowodorek amantadyny, a drug\u0105 Amantix, kt\u00f3rego substancj\u0105 czynn\u0105 jest siarczan amantadyny. Wskazaniem do stosowania amantadyny jest przede wszystkim choroba Parkinsona i objawy parkinsonowskie, a w niekt\u00f3rych przypadkach r\u00f3wnie\u017c leczenie zaka\u017cenia wirusem grypy typu A. Szeroko badany jest r\u00f3wnie\u017c wp\u0142yw amantadyny na wirusa SARS-CoV-2. <strong>Co nale\u017cy wiedzie\u0107 o amantadynie, jej w\u0142a\u015bciwo\u015bciach i skutkach ubocznych?<\/strong> <strong>Kto nie powinien stosowa\u0107 amantadyny?<\/strong> Informacje na ten temat zebrali\u015bmy w poni\u017cszym artykule.<\/p>\n\n\n\n<h2 class=\"wp-block-heading\">Amantadyna &#8211; co to jest?<\/h2><div class=\"article-box-container inside-article-box-container\"><div class=\"article-box-image-container\">\r\n                    <img decoding=\"async\" src=\"https:\/\/www.cefarm24.pl\/czytelnia\/wp-content\/uploads\/2020\/08\/dlaczego-warto-ograniczyc-mieso.jpg\" alt=\"Witaminy i suplementy\" class=\"img-responsive\" \/>\r\n                <\/div><div class=\"article-box-content-container\">\r\n                    <p class=\"article-box-title\">Witaminy i suplementy<\/p>\r\n                <div class=\"article-box-description\"><\/div><div class=\"article-box-buttons\"><div class=\"article-box-button\"><a href=\" https:\/\/www.cefarm24.pl\/witaminy-i-mineraly-e.html\" target=\"_blank\" class=\"btn btn-article-box\">Witaminy i minera\u0142y<\/a><\/div><div class=\"article-box-button\"><a href=\"https:\/\/www.cefarm24.pl\/leki-i-suplementy-a.html\" target=\"_blank\" class=\"btn btn-article-box\">Leki i suplementy<\/a><\/div><\/div><\/div><\/div>\n\n\n\n<p>Syntetyczna amina tr\u00f3jpier\u015bcieniowa, kt\u00f3r\u0105 jest amantadyna, to popularny lek stosowany mi\u0119dzy innymi w przypadku choroby Parkinsona oraz walki z zespo\u0142ami parkinsonowskimi, a niekiedy r\u00f3wnie\u017c w przypadku leczenia stwardnienia rozsianego oraz ostrego uszkodzenia m\u00f3zgu. Ma dzia\u0142anie synergistyczne do lewodopy. Ze wzgl\u0119du na swoje w\u0142a\u015bciwo\u015bci wirusostatyczne lek z amantadyn\u0105 mo\u017ce by\u0107 r\u00f3wnie\u017c stosowany w przypadku infekcji wirusem grypy typu A.<\/p>\n\n\n\n<p>Amantadyna zosta\u0142a wprowadzona na rynek w roku 1966, a jej pocz\u0105tkowe wskazanie obejmowa\u0142o profilaktyk\u0119 grypy azjatyckiej. Po dziesi\u0119ciu latach dopuszczono lek do stosowania w przypadku profilaktyki grypy typu A, a z czasem zacz\u0119to go stosowa\u0107 tak\u017ce w celu \u0142agodzenia objaw\u00f3w parkinsonowskich. Cho\u0107 lek stosowany jest ju\u017c od dawna, swoj\u0105 popularno\u015b\u0107 zyska\u0142 w ostatnich latach w zwi\u0105zku z obiecuj\u0105c\u0105 hipotez\u0105, \u017ce <strong>amantadyn\u0119 <\/strong>wykorzysta\u0107 mo\u017cna w celu walki z wirusem SARS-CoV-2.<\/p>\n\n\n\n<h2 class=\"wp-block-heading\">Jak dzia\u0142a amantadyna?<\/h2>\n\n\n\n<p>Leki na bazie amantadyny zwi\u0119kszaj\u0105 pozakom\u00f3rkowe st\u0119\u017cenie dopaminy, czyli wykazuj\u0105 dzia\u0142anie dopaminergiczne. Efekt ten mo\u017cna osi\u0105gn\u0105\u0107 zar\u00f3wno poprzez zwi\u0119kszenie uwalniania dopaminy, jak r\u00f3wnie\u017c poprzez blokowanie jej wychwytu zwrotnego w neuronach presynaptycznych. Dopamina jest neuroprzeka\u017anikiem, kt\u00f3ry odpowiedzialny jest za pobudzanie o\u015brodkowego uk\u0142adu nerwowego. Dzia\u0142anie amantadyny to jednak nie tylko w\u0142a\u015bciwo\u015bci dopaminergiczne, ale r\u00f3wnie\u017c inne. Wykazano, \u017ce amantadyna dzia\u0142a jako antagonista dla receptor\u00f3w glutaminianowych NMDA, przez co dzia\u0142a r\u00f3wnie\u017c antycholinergicznie. Kolejne jej w\u0142a\u015bciwo\u015bci to dzia\u0142anie przeciwwirusowe, a konkretnie wirusostatyczne. Amantadyna stosowana w niewielkich dawkach ma zdolno\u015b\u0107 hamowania replikacji wirus\u00f3w grypy typu A, gdy\u017c wp\u0142ywa na materia\u0142 genetyczny wirusa. Mechanizm tego dzia\u0142ania wi\u0105\u017ce si\u0119 z blokowaniem pompy protonowej bia\u0142ka M2 wirusa <a href=\"https:\/\/www.cefarm24.pl\/czytelnia\/zdrowie\/choroby-i-terapie\/jak-odroznic-przeziebienie-od-grypy\/\"><strong>grypy<\/strong><\/a> typu A, przez co hamowane jest usuwanie wirusowej otoczki. W konsekwencji prowadzi to do unieczynnienia hemaglutyniny wirusa.<\/p>\n\n\n\n<p>Amantadyna jest substancj\u0105 bardzo dobrze wch\u0142aniaj\u0105c\u0105 si\u0119 z przewodu pokarmowego, jednak nie jest w ludzkim organizmie metabolizowana. Oznacza to, \u017ce wydalana jest z organizmu w postaci niezmienionej wraz z moczem (w ponad 90%) oraz w niewielkiej ilo\u015bci wraz z ka\u0142em.<\/p>\n\n\n\n<h2 class=\"wp-block-heading\">Wskazania do stosowania amantadyny<\/h2>\n\n\n\n<p>Podstawowym wskazaniem do przyjmowania lek\u00f3w z amantadyn\u0105 jest leczenie objaw\u00f3w choroby <a href=\"https:\/\/www.cefarm24.pl\/czytelnia\/zdrowie\/choroby-i-terapie\/choroba-parkinsona-diagnoza-i-leczenie\/\"><strong>Parkinsona<\/strong><\/a> b\u0105d\u017a wywo\u0142anych przez niekt\u00f3re medykamenty (w efekcie ubocznym) zaburze\u0144 ruchu, kt\u00f3re przypominaj\u0105 chorob\u0119 Parkinsona. Mowa o pozapiramidowych dzia\u0142aniach niepo\u017c\u0105danych pewnych neuroleptyk\u00f3w oraz lek\u00f3w wykazuj\u0105cych zbli\u017cony mechanizm dzia\u0142ania. Stosuj\u0105c <strong>amantadyn\u0119<\/strong>, mo\u017cna walczy\u0107 z objawami takimi jak:<\/p>\n\n\n\n<ul class=\"wp-block-list\">\n<li>sztywno\u015b\u0107,<\/li>\n\n\n\n<li>dr\u017cenie,<\/li>\n\n\n\n<li>akinezja,<\/li>\n\n\n\n<li>hipokinezja.<\/li>\n<\/ul>\n\n\n\n<p>Lek wp\u0142ywa zatem na jako\u015b\u0107 \u017cycia chorych i pozwala zredukowa\u0107 dolegliwo\u015bci, z kt\u00f3rymi zmagaj\u0105 si\u0119 pacjenci na co dzie\u0144. Zastosowa\u0107 go mo\u017cna r\u00f3wnie\u017c do terapii stwardnienia rozsianego, a tak\u017ce w przypadku ostrego uszkodzenia m\u00f3zgu. Amantadyna, ze wzgl\u0119du na swoje dzia\u0142anie wirusostatyczne,&nbsp; mo\u017ce by\u0107 przepisywana tak\u017ce w celu prewencji i leczenia grypy typu A, jednak obecnie, w zwi\u0105zku z du\u017c\u0105 oporno\u015bci\u0105 wirus\u00f3w grypy typu A, stosowana jest coraz rzadziej. Ciekawostk\u0105 jest r\u00f3wnie\u017c fakt, \u017ce substancja znajduje tak\u017ce zastosowanie w przypadku szpitalnej terapii zaburze\u0144 stanu czuwania i \u015bwiadomo\u015bci.<\/p>\n\n\n\n<h2 class=\"wp-block-heading\">Amantadyna bez recepty &#8211; gdzie kupi\u0107?<\/h2>\n\n\n\n<p>W Polsce <strong>amantadyna bez recepty<\/strong> nie jest dost\u0119pna. Niezb\u0119dna jest recepta od lekarza, w przeciwnym razie farmaceuta nie b\u0119dzie m\u00f3g\u0142 wyda\u0107 pacjentowi preparatu, kt\u00f3rego substancj\u0105 czynn\u0105 jest <strong>amantadyna. Lek bez recepty<\/strong> nie jest dost\u0119pny, gdy\u017c powinien by\u0107 stosowany wy\u0142\u0105cznie przy \u015bci\u015ble okre\u015blonych wskazaniach i w dawkach ustalonych indywidualnie przez lekarza. Je\u015bli jednak pacjentowi zostanie ju\u017c przepisana przez specjalist\u0119 <strong>amantadyna, apteka<\/strong> powinna wyda\u0107 lek bez problemu, o ile oczywi\u015bcie posiada go na stanie.<\/p>\n\n\n\n<h2 class=\"wp-block-heading\">Preparaty z amantadyn\u0105. Viregyt-K i Amantix &#8211; podobie\u0144stwa i r\u00f3\u017cnice<\/h2>\n\n\n\n<p>W Polsce dost\u0119pne s\u0105 dwa leki, kt\u00f3rych substancj\u0119 czynn\u0105 stanowi <strong>amantadyna. Preparaty<\/strong>, kt\u00f3re mo\u017cna kupi\u0107 w aptece, to Viregyt-K oraz Amantix. Substancj\u0105 czynn\u0105 leku Viregyt-K jest chlorowodorek amantadyny, natomiast substancj\u0105 czynn\u0105 leku Amantix jest siarczan amantadyny. Amantadyna bardzo dobrze wch\u0142aniana jest z przewodu pokarmowego, przy czym chlorowodorek amantadyny z <strong>Viregyt<\/strong> jest lepiej rozpuszczany od siarczanu amantadyny z Amantix. Oba te leki mo\u017cna kupi\u0107 jedynie na recept\u0119, jednak Viregyt-K we wskazaniach ma zar\u00f3wno wykorzystanie w terapii choroby Parkinsona i objaw\u00f3w parkinsonowskich, jak r\u00f3wnie\u017c walk\u0119 z gryp\u0105 typu A, podczas gdy lek Amantix nie jest obecnie raczej zalecany do stosowania przy walce z wirusem. Lek Viregyt-K dost\u0119pny jest w formie tabletek, a Amantix w formie tabletek i roztworu do infuzji. Roztw\u00f3r do infuzji stosowany jest przy pocz\u0105tkowym b\u0105d\u017a intensywnym leczeniu bardzo ci\u0119\u017ckich objaw\u00f3w towarzysz\u0105cych chorobie Parkinsona, a tak\u017ce w celu szpitalnego leczenia zaburze\u0144 \u015bwiadomo\u015bci i stanu czuwania.<\/p>\n\n\n\n<h2 class=\"wp-block-heading\">Jak stosowa\u0107 amantadyn\u0119?<\/h2>\n\n\n\n<p><strong>Amantadyna <\/strong>to <strong>lek bez recepty <\/strong>niedost\u0119pny mi\u0119dzy innymi z tego powodu, \u017ce jego dawkowanie powinno by\u0107 indywidualnie dobrane pacjentowi przez lekarza, a dodatkowo terapia nie powinna by\u0107 przerywana na w\u0142asn\u0105 r\u0119k\u0119, bez wcze\u015bniejszej konsultacji ze specjalist\u0105. <strong>Dawkowanie amantadyny<\/strong> nale\u017cy ustali\u0107, bior\u0105c pod uwag\u0119 og\u00f3lny stan zdrowia pacjenta i nasilenie objaw\u00f3w towarzysz\u0105cych jego schorzeniu, a tak\u017ce analizuj\u0105c, w jaki spos\u00f3b wp\u0142ywa na dany organizm <strong>amantadyna. Jak stosowa\u0107<\/strong> lek, ka\u017cdorazowo poinstruuje pacjenta zatem lekarz.<\/p>\n\n\n\n<p>W ulotkach preparat\u00f3w znajduj\u0105 si\u0119 wskaz\u00f3wki odno\u015bnie tego, jak mo\u017ce by\u0107 dawkowana <strong>amantadyna. Lek<\/strong> nale\u017cyjednak ostatecznie przyjmowa\u0107 zgodnie ze wskazaniami lekarza, kt\u00f3ry ustali jego najni\u017csz\u0105 dawk\u0119 wykazuj\u0105c\u0105 skuteczno\u015b\u0107 u danego pacjenta. Tabletek nie powinno si\u0119 przyjmowa\u0107 p\u00f3\u017aniej ni\u017c o godzinie 16. Zazwyczaj przy chorobie Parkinsona i zespo\u0142ach parkinsonowskich zaczyna si\u0119 od niewielkich dawek leku i stopniowo zwi\u0119ksza si\u0119 je, kontroluj\u0105c stan pacjenta i odpowied\u017a jego organizmu na wprowadzon\u0105 terapi\u0119.<\/p>\n\n\n\n<ul class=\"wp-block-list\">\n<li>Najcz\u0119\u015bciej zalecane dawkowanie amantadyny przy chorobie Parkinsona to dawka 100 mg substancji czynnej na dob\u0119 podawana przez tydzie\u0144, po czym zwi\u0119ksza si\u0119 j\u0105 do dawki 100 mg podawanej dwa razy na dob\u0119. Kolejne zwi\u0119kszenie dawki o 100 mg \u2013 o ile jest zasadne \u2013 mo\u017cliwe jest dopiero po nast\u0119pnym tygodniu itd. Ka\u017cdorazowo po zmianie dawki nale\u017cy obserwowa\u0107 stan pacjenta i odpowied\u017a jego organizmu na zmodyfikowane leczenie. Maksymalna dawka dobowa nie powinna przekracza\u0107 ostatecznie 400 mg substancji czynnej, jednak zaleca si\u0119, by pozosta\u0107 przy najni\u017cszej mo\u017cliwej dawce, kt\u00f3ra daje oczekiwane efekty. W przypadku pacjent\u00f3w w podesz\u0142ym wieku konieczne jest zazwyczaj indywidualne ustalenie ni\u017cszej dawki leku ni\u017c u innych pacjent\u00f3w.<\/li>\n\n\n\n<li>Je\u015bli chodzi o dawkowanie amantadyny w walce z gryp\u0105 typu A, zaleca si\u0119 przyjmowanie 100 mg amantadyny na dob\u0119 u os\u00f3b doros\u0142ych. Zazwyczaj terapia w tym przypadku trwa oko\u0142o 4-5 dni. Seniorom ponownie nale\u017cy dobra\u0107 dawk\u0119 indywidualnie.<\/li>\n<\/ul>\n\n\n\n<h2 class=\"wp-block-heading\">Bezpieczne stosowanie amantadyny<\/h2>\n\n\n\n<p>Wa\u017cne jest nie tylko to, jakie <strong>dawkowanie<\/strong> posiada amantadyna, ale r\u00f3wnie\u017c to, <strong>jak stosowa\u0107 amantadyn\u0119 <\/strong>prawid\u0142owo, by dzia\u0142a\u0142a zarazem skutecznie i bezpiecznie.<\/p>\n\n\n\n<ul class=\"wp-block-list\">\n<li>Przede wszystkim lek powinien by\u0107 stosowany pod kontrol\u0105 lekarza i zgodnie z ustalonym przez niego dawkowaniem. Nie wolno samodzielnie zwi\u0119ksza\u0107 dawki, gdy\u017c mo\u017ce by\u0107 to niebezpieczne dla organizmu. O przedawkowaniu amantadyny \u015bwiadczy\u0107 mog\u0105 zaburzenia widzenia, wymioty, dr\u017cenie, nadpobudliwo\u015b\u0107 i problemy z mow\u0105. Stan ten wymaga pilnego kontaktu z lekarzem.<\/li>\n\n\n\n<li>Nie zaleca si\u0119 r\u00f3wnie\u017c \u0142\u0105czenia amantadyny z alkoholem, poniewa\u017c substancja czynna zmniejsza tolerancj\u0119 organizmu na alkohol, czego konsekwencje mog\u0105 by\u0107 powa\u017cne. Mowa o nasileniu toksycznego wp\u0142ywu alkoholu na o\u015brodkowy uk\u0142ad nerwowy.<\/li>\n\n\n\n<li>Ze wzgl\u0119du na mo\u017cliwy wp\u0142yw amantadyny na koncentracj\u0119 pacjenci stosuj\u0105cy ten lek powinni r\u00f3wnie\u017c zachowa\u0107 szczeg\u00f3ln\u0105 uwag\u0119 przy prowadzeniu pojazd\u00f3w i obs\u0142udze maszyn, gdy\u017c mog\u0105 mie\u0107 op\u00f3\u017anion\u0105 reakcj\u0119 w nieoczekiwanych sytuacjach.<\/li>\n\n\n\n<li>Odstawianie Amantadyny r\u00f3wnie\u017c powinno by\u0107 kontrolowane przez lekarza. Zbyt raptowne odstawienie leku mo\u017ce bowiem skutkowa\u0107 zaostrzeniem objaw\u00f3w choroby Parkinsona czy te\u017c objaw\u00f3w takich jak dezorientacja, spl\u0105tanie, majaczenie itd. Lek odstawia si\u0119 zatem stopniowo, co tydzie\u0144 zmniejszaj\u0105c jego dawk\u0119, by organizm nie dozna\u0142 szoku.<\/li>\n<\/ul>\n\n\n\n<h2 class=\"wp-block-heading\">Amantadyna &#8211; przeciwwskazania<\/h2>\n\n\n\n<p>Cho\u0107 lek amantadyna ceniony jest za swoje w\u0142a\u015bciwo\u015bci, nie dla ka\u017cdego b\u0119dzie odpowiedni czy te\u017c bezpieczny. Wymienia si\u0119 pewne przeciwwskazania do stosowania preparat\u00f3w, kt\u00f3rych substancj\u0119 czynn\u0105 stanowi <strong>amantadyna. Lek bez recepty<\/strong> zawieraj\u0105cy ten sk\u0142adnik nie jest dost\u0119pny mi\u0119dzy innymi w zwi\u0105zku ze wspomnianymi przeciwwskazaniami, gdy\u017c lekarz powinien wcze\u015bniej oceni\u0107 bezpiecze\u0144stwo terapii u danego pacjenta, bior\u0105c pod uwag\u0119 dane, kt\u00f3re zbierze w wywiadzie medycznym. Dopiero po wykluczeniu ewentualnych przeciwwskaza\u0144 <strong>amantadyna<\/strong> mo\u017ce by\u0107 przepisana, a&nbsp;nast\u0119pnie lekarz dobierze indywidualnie <strong>dawkowanie<\/strong> do potrzeb chorego.<\/p>\n\n\n\n<p>W\u015br\u00f3d przeciwwskaza\u0144 do stosowania amantadyny wymienia si\u0119 mi\u0119dzy innymi uczulenie na substancj\u0119 czynn\u0105. Przeciwwskazaniem s\u0105 tak\u017ce r\u00f3\u017cnego rodzaju zaburzenia i choroby serca, w tym zaburzenia jego rytmu pracy, zapalenie mi\u0119\u015bnia sercowego, ci\u0119\u017cka zastoinowa niewydolno\u015b\u0107 serca czy te\u017c kardiomiopatia, zaburzenia przewodzenia serca, wyd\u0142u\u017cony odst\u0119p QT itd. Do przeciwwskaza\u0144 doda\u0107 nale\u017cy r\u00f3wnie\u017c zbyt niskie st\u0119\u017cenie magnezu lub potasu we krwi. Amantadyna nie powinna by\u0107 stosowana tak\u017ce w ci\u0105\u017cy i w czasie karmienia piersi\u0105. Mo\u017ce bowiem prowadzi\u0107 do powik\u0142a\u0144 ci\u0105\u017cy i przyczynia\u0107 si\u0119 do wad wrodzonych p\u0142odu, a przyjmowana w czasie laktacji, przenika do mleka kobiecego i mo\u017ce powodowa\u0107 dzia\u0142ania niepo\u017c\u0105dane u dziecka. Amantadyna mo\u017ce r\u00f3wnie\u017c wchodzi\u0107 w niepo\u017c\u0105dane interakcje z niekt\u00f3rymi lekami wyd\u0142u\u017caj\u0105cymi odst\u0119p QT.<\/p>\n\n\n\n<p>W <strong>ulotce amantadyny<\/strong> wymieniane s\u0105 r\u00f3wnie\u017c grupy pacjent\u00f3w, kt\u00f3rzy powinni zachowa\u0107 szczeg\u00f3ln\u0105 ostro\u017cno\u015b\u0107, je\u015bli maj\u0105 przyjmowa\u0107 lek. Mowa mi\u0119dzy innymi o m\u0119\u017cczyznach z przerostem prostaty, pacjentach z niewydolno\u015bci\u0105 nerek czy te\u017c o pacjentach ze stwierdzon\u0105 jaskr\u0105 z w\u0105skim k\u0105tem przes\u0105czania. Nale\u017cy tak\u017ce uwa\u017ca\u0107 na stosowanie amantadyny u pacjent\u00f3w w stanach spl\u0105tania czy pobudzenia.<\/p>\n\n\n\n<h2 class=\"wp-block-heading\">Skutki uboczne amantadyny<\/h2>\n\n\n\n<p>Jak niemal ka\u017cdy lek, r\u00f3wnie\u017c amantadyna mo\u017ce u niekt\u00f3rych os\u00f3b wykazywa\u0107 dzia\u0142ania niepo\u017c\u0105dane. Nie oznacza to jednak, \u017ce pojawi\u0105 si\u0119 one u ka\u017cdego pacjenta, kt\u00f3ry j\u0105 przyjmuje. Jakie skutki uboczne mo\u017ce wykazywa\u0107 <strong>amantadyna? Ulotka<\/strong> wspomina mi\u0119dzy innymi o bezsenno\u015bci, omamach i halucynacjach, pobudzeniu psychosomatycznym, sucho\u015bci w jamie ustnej, a tak\u017ce o zaburzeniach koncentracji oraz mo\u017cliwych obrz\u0119kach cia\u0142a. Skutki uboczne obejmuj\u0105 r\u00f3wnie\u017c mo\u017cliwo\u015b\u0107 zatrzymania moczu, je\u015bli lek stosowany b\u0119dzie przez pacjenta z rozrostem prostaty. Nie jest wykluczona tak\u017ce sinica marmurkowata, a dodatkowo u pacjenta doj\u015b\u0107 mo\u017ce do nag\u0142ego spadku ci\u015bnienia t\u0119tniczego w czasie gwa\u0142townego podnoszenia cia\u0142a. Mo\u017cliwe s\u0105 r\u00f3wnie\u017c b\u00f3le g\u0142owy, niewyra\u017ana mowa i zaburzenia widzenia, a nawet wra\u017cenie ko\u0142atania serca czy wzmo\u017cone pocenie si\u0119.<\/p>\n\n\n\n<h2 class=\"wp-block-heading\">Amantadyna &#8211; mo\u017cliwe interakcje z lekami<\/h2>\n\n\n\n<p>W\u015br\u00f3d przeciwwskaza\u0144 do stosowania leku z amantadyn\u0105 wymieniane s\u0105 mi\u0119dzy innymi niekt\u00f3re przyjmowane przez pacjent\u00f3w leki. Bardzo wa\u017cne zatem, by pacjent w wywiadzie medycznym poinformowa\u0142 lekarza o stosowanych przez siebie \u015brodkach (wydawanych na recept\u0119 i bez recepty), zanim lekarz przepisze mu lek, kt\u00f3rego substancj\u0105 czynn\u0105 jest <strong>amantadyna. Lek <\/strong>nie powinien by\u0107 \u0142\u0105czony mi\u0119dzy innymi z niekt\u00f3rymi lekami stosowanymi do:<\/p>\n\n\n\n<ul class=\"wp-block-list\">\n<li>leczenia alergii,<\/li>\n\n\n\n<li>walki z depresj\u0105,<\/li>\n\n\n\n<li>leczenia infekcji o pod\u0142o\u017cu bakteryjnym lub grzybiczym,<\/li>\n\n\n\n<li>terapii chor\u00f3b psychicznych,<\/li>\n\n\n\n<li>leczenia zaburze\u0144 rytmu serca.<\/li>\n<\/ul>\n\n\n\n<p>Szczeg\u00f3\u0142owa lista lek\u00f3w, kt\u00f3re nie powinny by\u0107 \u0142\u0105czone z amantadyn\u0105, znajduje si\u0119 w ulotce ka\u017cdego preparatu na bazie tej substancji.<\/p>\n\n\n\n<h2 class=\"wp-block-heading\">Amantadyna i Covid &#8211; co wiadomo?<\/h2>\n\n\n\n<p>Gdy \u015bwiat opanowa\u0142a pandemia, zacz\u0119to intensywnie poszukiwa\u0107 <strong>leku na koronawirusa. Amantadyna<\/strong> jest przyk\u0142adem substancji, kt\u00f3ra by\u0142a bardzo intensywnie testowana w tym kierunku, a cz\u0119\u015b\u0107 bada\u0144 dotycz\u0105cych jej dzia\u0142ania wci\u0105\u017c jest kontynuowana. Je\u015bli chodzi o zale\u017cno\u015b\u0107 na linii <strong>amantadyna-koronawirus<\/strong>, podstaw\u0105 wysnucia hipotezy o jej potencjalnej skuteczno\u015bci dzia\u0142ania w przypadku infekcji s\u0105 przeciwwirusowe w\u0142a\u015bciwo\u015bci, kt\u00f3re sprawdzaj\u0105 si\u0119 w przypadku wirus\u00f3w grypy typu A.<\/p>\n\n\n\n<p><strong>Lek amantadyna <\/strong>obecnie nie jest dopuszczony oficjalnie do obrotu ze wskazaniem leczenia <a href=\"https:\/\/www.cefarm24.pl\/czytelnia\/zdrowie\/choroby-i-terapie\/koronawirus-najwazniejsze-informacje\/\"><strong>Covid-19<\/strong><\/a>, cho\u0107 za\u017carte dyskusje w tym temacie wci\u0105\u017c trwaj\u0105. R\u00f3wnie\u017c Polskie Towarzystwo Epidemiolog\u00f3w i Lekarzy Chor\u00f3b Zaka\u017anych nie rekomenduje w przypadku Covid-19 leku <strong>amantadyna. Covid<\/strong>, cho\u0107 istnieje z nami ju\u017c od jakiego\u015b czasu, nie jest jeszcze w pe\u0142ni poznany i wci\u0105\u017c pojawiaj\u0105 si\u0119 nowe doniesienia o potencjalnych lekach, kt\u00f3re mog\u0142yby pom\u00f3c w walce z chorob\u0105. By dopu\u015bci\u0107 lek do u\u017cytku, potrzebna jest jednak nie tylko hipoteza, ale i jej potwierdzenie rzetelnymi badaniami klinicznymi.<\/p>\n\n\n\n<p>Aktualnie nie odkryto, <strong>jak leczy\u0107 Covid<\/strong> swoi\u015bcie, mimo \u017ce dla wielu obiecuj\u0105ca wydawa\u0142a si\u0119 w\u0142a\u015bnie <strong>amantadyna. Dawkowanie <\/strong>przy<strong> Covid <\/strong>proponowa\u0142 w Polsce mi\u0119dzy innymi <strong>doktor Bodnar, <\/strong>kt\u00f3ry niejednokrotnie wypowiada\u0142 si\u0119 w temacie tego, <strong>jak stosowa\u0107 amantadyn\u0119 na Covid<\/strong> oraz jakie efekty zauwa\u017cono przy terapii amantadyn\u0105 u chorych na koronawirusa. Badania kliniczne prowadzone w Polsce nie wykaza\u0142y dotychczas r\u00f3\u017cnic w skuteczno\u015bci walki z koronawirusem u os\u00f3b stosuj\u0105cych amantadyn\u0119 i placebo, cho\u0107 wiarygodno\u015b\u0107 tych bada\u0144 podwa\u017ca wspomniany <strong>dr Bodnar. Amantadyna <\/strong>ostatecznie wci\u0105\u017c jest wi\u0119c tematem gor\u0105cym i zapewne czas poka\u017ce, gdzie le\u017cy prawda.<\/p>\n\n\n\n<p><strong>Schemat leczenia <\/strong>koronawirusa amantadyn\u0105 bez trudu ka\u017cdy znajdzie w sieci, jednak nale\u017cy przestrzec przed samodzielnym stosowaniem terapii przy u\u017cyciu chocia\u017cby <strong>Viregyt-K 100 mg<\/strong>, bez bezpiecznego nadzoru lekarskiego. Po pierwsze \u2013 jak zaznaczono wcze\u015bniej \u2013 oficjalnie <strong>Viregyt-K 100 mg na Covid<\/strong> nie jest aktualnie rekomendowany, gdy\u017c nie udowodniono klinicznie jego znacz\u0105cego wp\u0142ywu na proces leczenia pacjent\u00f3w z koronawirusem. Dodatkowo nale\u017cy zwr\u00f3ci\u0107 uwag\u0119 na list\u0119 przeciwwskaza\u0144 amantadyny \u2013 nie mo\u017ce by\u0107 ona bezpiecznie stosowana przez ka\u017cdego. Jednocze\u015bnie trzeba pami\u0119ta\u0107 o skutkach ubocznych, kt\u00f3re lek mo\u017ce u niekt\u00f3rych pacjent\u00f3w powodowa\u0107. O ile w przypadku pacjent\u00f3w z chorob\u0105 Parkinsona czy objawami parkinsonowskimi korzy\u015bci terapii zazwyczaj przewy\u017cszaj\u0105 ryzyko jej skutk\u00f3w ubocznych, ci\u0119\u017cko to samo aktualnie powiedzie\u0107 o <strong>dawkowaniuViregyt-K na Covid.<\/strong> Do tematu nale\u017cy podej\u015b\u0107 odpowiedzialnie, gdy\u017c ka\u017cdy lek stosowany niezgodnie ze swoim przeznaczeniem i na przek\u00f3r przeciwwskazaniom mo\u017ce by\u0107 nie tylko nieskuteczny, ale wr\u0119cz szkodliwy.<\/p>\n\n\n\n<p><strong>Autor artyku\u0142u: mgr farm. Katarzyna Butkiewicz<\/strong><\/p>\n","protected":false},"excerpt":{"rendered":"<p>Amantadyna to lek dopaminergiczny, antycholinergiczny i wirusostatyczny. W Polsce dost\u0119pna jest w postaci dw\u00f3ch preparat\u00f3w. Pierwszym z nich jest Viregyt-K, kt\u00f3rego substancj\u0105 czynna jest chlorowodorek amantadyny, a drug\u0105 Amantix, kt\u00f3rego substancj\u0105 czynn\u0105 jest siarczan amantadyny. Wskazaniem do stosowania amantadyny jest przede wszystkim choroba Parkinsona i objawy parkinsonowskie, a w niekt\u00f3rych przypadkach r\u00f3wnie\u017c leczenie zaka\u017cenia wirusem [&hellip;]<\/p>\n","protected":false},"author":3,"featured_media":5077,"comment_status":"closed","ping_status":"closed","sticky":false,"template":"","format":"standard","meta":{"_acf_changed":false,"footnotes":""},"categories":[384],"tags":[],"class_list":["post-9061","post","type-post","status-publish","format-standard","has-post-thumbnail","hentry","category-zdrowie"],"acf":[],"yoast_head":"<!-- This site is optimized with the Yoast SEO plugin v24.6 - https:\/\/yoast.com\/wordpress\/plugins\/seo\/ -->\n<title>Amantadyna. Czy Viregyt-K mo\u017cna zastosowa\u0107 w przypadku Covid<\/title>\n<meta name=\"robots\" content=\"index, follow, max-snippet:-1, max-image-preview:large, max-video-preview:-1\" \/>\n<link rel=\"canonical\" href=\"https:\/\/www.cefarm24.pl\/czytelnia\/zdrowie\/amantadyna-czy-viregyt-k-mozna-zastosowac-do-covid\/\" \/>\n<meta name=\"twitter:label1\" content=\"Napisane przez\" \/>\n\t<meta name=\"twitter:data1\" content=\"A F\" \/>\n\t<meta name=\"twitter:label2\" content=\"Szacowany czas czytania\" \/>\n\t<meta name=\"twitter:data2\" content=\"13 minut\" \/>\n<script type=\"application\/ld+json\" class=\"yoast-schema-graph\">{\"@context\":\"https:\/\/schema.org\",\"@graph\":[{\"@type\":\"Article\",\"@id\":\"https:\/\/www.cefarm24.pl\/czytelnia\/zdrowie\/amantadyna-czy-viregyt-k-mozna-zastosowac-do-covid\/#article\",\"isPartOf\":{\"@id\":\"https:\/\/www.cefarm24.pl\/czytelnia\/zdrowie\/amantadyna-czy-viregyt-k-mozna-zastosowac-do-covid\/\"},\"author\":{\"name\":\"A F\",\"@id\":\"https:\/\/www.cefarm24.pl\/czytelnia\/#\/schema\/person\/58bc3535b8df4030251392060439cc7e\"},\"headline\":\"Amantadyna. Czy Viregyt-K mo\u017cna zastosowa\u0107 w przypadku Covid\",\"datePublished\":\"2022-04-28T10:28:06+00:00\",\"dateModified\":\"2025-01-11T17:43:35+00:00\",\"mainEntityOfPage\":{\"@id\":\"https:\/\/www.cefarm24.pl\/czytelnia\/zdrowie\/amantadyna-czy-viregyt-k-mozna-zastosowac-do-covid\/\"},\"wordCount\":2495,\"publisher\":{\"@id\":\"https:\/\/www.cefarm24.pl\/czytelnia\/#organization\"},\"image\":{\"@id\":\"https:\/\/www.cefarm24.pl\/czytelnia\/zdrowie\/amantadyna-czy-viregyt-k-mozna-zastosowac-do-covid\/#primaryimage\"},\"thumbnailUrl\":\"https:\/\/www.cefarm24.pl\/czytelnia\/wp-content\/uploads\/2021\/01\/amantadyna-a-leczenie-covid-19-e1609842146560.jpg\",\"articleSection\":[\"Zdrowie\"],\"inLanguage\":\"pl-PL\"},{\"@type\":\"WebPage\",\"@id\":\"https:\/\/www.cefarm24.pl\/czytelnia\/zdrowie\/amantadyna-czy-viregyt-k-mozna-zastosowac-do-covid\/\",\"url\":\"https:\/\/www.cefarm24.pl\/czytelnia\/zdrowie\/amantadyna-czy-viregyt-k-mozna-zastosowac-do-covid\/\",\"name\":\"Amantadyna. Czy Viregyt-K mo\u017cna zastosowa\u0107 w przypadku Covid\",\"isPartOf\":{\"@id\":\"https:\/\/www.cefarm24.pl\/czytelnia\/#website\"},\"primaryImageOfPage\":{\"@id\":\"https:\/\/www.cefarm24.pl\/czytelnia\/zdrowie\/amantadyna-czy-viregyt-k-mozna-zastosowac-do-covid\/#primaryimage\"},\"image\":{\"@id\":\"https:\/\/www.cefarm24.pl\/czytelnia\/zdrowie\/amantadyna-czy-viregyt-k-mozna-zastosowac-do-covid\/#primaryimage\"},\"thumbnailUrl\":\"https:\/\/www.cefarm24.pl\/czytelnia\/wp-content\/uploads\/2021\/01\/amantadyna-a-leczenie-covid-19-e1609842146560.jpg\",\"datePublished\":\"2022-04-28T10:28:06+00:00\",\"dateModified\":\"2025-01-11T17:43:35+00:00\",\"breadcrumb\":{\"@id\":\"https:\/\/www.cefarm24.pl\/czytelnia\/zdrowie\/amantadyna-czy-viregyt-k-mozna-zastosowac-do-covid\/#breadcrumb\"},\"inLanguage\":\"pl-PL\",\"potentialAction\":[{\"@type\":\"ReadAction\",\"target\":[\"https:\/\/www.cefarm24.pl\/czytelnia\/zdrowie\/amantadyna-czy-viregyt-k-mozna-zastosowac-do-covid\/\"]}]},{\"@type\":\"ImageObject\",\"inLanguage\":\"pl-PL\",\"@id\":\"https:\/\/www.cefarm24.pl\/czytelnia\/zdrowie\/amantadyna-czy-viregyt-k-mozna-zastosowac-do-covid\/#primaryimage\",\"url\":\"https:\/\/www.cefarm24.pl\/czytelnia\/wp-content\/uploads\/2021\/01\/amantadyna-a-leczenie-covid-19-e1609842146560.jpg\",\"contentUrl\":\"https:\/\/www.cefarm24.pl\/czytelnia\/wp-content\/uploads\/2021\/01\/amantadyna-a-leczenie-covid-19-e1609842146560.jpg\",\"width\":1500,\"height\":866,\"caption\":\"Amantadyna a Covid\"},{\"@type\":\"BreadcrumbList\",\"@id\":\"https:\/\/www.cefarm24.pl\/czytelnia\/zdrowie\/amantadyna-czy-viregyt-k-mozna-zastosowac-do-covid\/#breadcrumb\",\"itemListElement\":[{\"@type\":\"ListItem\",\"position\":1,\"name\":\"Strona g\u0142\u00f3wna\",\"item\":\"https:\/\/www.cefarm24.pl\/\"},{\"@type\":\"ListItem\",\"position\":2,\"name\":\"Czytelnia\",\"item\":\"https:\/\/www.cefarm24.pl\/czytelnia\/\"},{\"@type\":\"ListItem\",\"position\":3,\"name\":\"Zdrowie\",\"item\":\"https:\/\/www.cefarm24.pl\/czytelnia\/zdrowie\/\"},{\"@type\":\"ListItem\",\"position\":4,\"name\":\"Amantadyna. Czy Viregyt-K mo\u017cna zastosowa\u0107 w przypadku Covid\"}]},{\"@type\":\"WebSite\",\"@id\":\"https:\/\/www.cefarm24.pl\/czytelnia\/#website\",\"url\":\"https:\/\/www.cefarm24.pl\/czytelnia\/\",\"name\":\"Czytelnia apteki Cefarm24\",\"description\":\"Porady zdrowotne, opisy chor\u00f3b, nowo\u015bci w ofercie lek\u00f3w i suplement\u00f3w. Czytaj i wiedz wi\u0119cej!\",\"publisher\":{\"@id\":\"https:\/\/www.cefarm24.pl\/czytelnia\/#organization\"},\"potentialAction\":[{\"@type\":\"SearchAction\",\"target\":{\"@type\":\"EntryPoint\",\"urlTemplate\":\"https:\/\/www.cefarm24.pl\/czytelnia\/?s={search_term_string}\"},\"query-input\":{\"@type\":\"PropertyValueSpecification\",\"valueRequired\":true,\"valueName\":\"search_term_string\"}}],\"inLanguage\":\"pl-PL\"},{\"@type\":\"Organization\",\"@id\":\"https:\/\/www.cefarm24.pl\/czytelnia\/#organization\",\"name\":\"Apteka Cefarm24\",\"url\":\"https:\/\/www.cefarm24.pl\/czytelnia\/\",\"logo\":{\"@type\":\"ImageObject\",\"inLanguage\":\"pl-PL\",\"@id\":\"https:\/\/www.cefarm24.pl\/czytelnia\/#\/schema\/logo\/image\/\",\"url\":\"https:\/\/www.cefarm24.pl\/czytelnia\/wp-content\/uploads\/2016\/04\/cefarm-logo.jpg\",\"contentUrl\":\"https:\/\/www.cefarm24.pl\/czytelnia\/wp-content\/uploads\/2016\/04\/cefarm-logo.jpg\",\"width\":310,\"height\":90,\"caption\":\"Apteka Cefarm24\"},\"image\":{\"@id\":\"https:\/\/www.cefarm24.pl\/czytelnia\/#\/schema\/logo\/image\/\"},\"sameAs\":[\"https:\/\/www.facebook.com\/cefarm24\/\"]},{\"@type\":\"Person\",\"@id\":\"https:\/\/www.cefarm24.pl\/czytelnia\/#\/schema\/person\/58bc3535b8df4030251392060439cc7e\",\"name\":\"A F\",\"image\":{\"@type\":\"ImageObject\",\"inLanguage\":\"pl-PL\",\"@id\":\"https:\/\/www.cefarm24.pl\/czytelnia\/#\/schema\/person\/image\/\",\"url\":\"https:\/\/secure.gravatar.com\/avatar\/348d7251e30dd20a2e62129287d8dd27?s=96&d=mm&r=g\",\"contentUrl\":\"https:\/\/secure.gravatar.com\/avatar\/348d7251e30dd20a2e62129287d8dd27?s=96&d=mm&r=g\",\"caption\":\"A F\"}}]}<\/script>\n<!-- \/ Yoast SEO plugin. -->","yoast_head_json":{"title":"Amantadyna. Czy Viregyt-K mo\u017cna zastosowa\u0107 w przypadku Covid","robots":{"index":"index","follow":"follow","max-snippet":"max-snippet:-1","max-image-preview":"max-image-preview:large","max-video-preview":"max-video-preview:-1"},"canonical":"https:\/\/www.cefarm24.pl\/czytelnia\/zdrowie\/amantadyna-czy-viregyt-k-mozna-zastosowac-do-covid\/","twitter_misc":{"Napisane przez":"A F","Szacowany czas czytania":"13 minut"},"schema":{"@context":"https:\/\/schema.org","@graph":[{"@type":"Article","@id":"https:\/\/www.cefarm24.pl\/czytelnia\/zdrowie\/amantadyna-czy-viregyt-k-mozna-zastosowac-do-covid\/#article","isPartOf":{"@id":"https:\/\/www.cefarm24.pl\/czytelnia\/zdrowie\/amantadyna-czy-viregyt-k-mozna-zastosowac-do-covid\/"},"author":{"name":"A F","@id":"https:\/\/www.cefarm24.pl\/czytelnia\/#\/schema\/person\/58bc3535b8df4030251392060439cc7e"},"headline":"Amantadyna. Czy Viregyt-K mo\u017cna zastosowa\u0107 w przypadku Covid","datePublished":"2022-04-28T10:28:06+00:00","dateModified":"2025-01-11T17:43:35+00:00","mainEntityOfPage":{"@id":"https:\/\/www.cefarm24.pl\/czytelnia\/zdrowie\/amantadyna-czy-viregyt-k-mozna-zastosowac-do-covid\/"},"wordCount":2495,"publisher":{"@id":"https:\/\/www.cefarm24.pl\/czytelnia\/#organization"},"image":{"@id":"https:\/\/www.cefarm24.pl\/czytelnia\/zdrowie\/amantadyna-czy-viregyt-k-mozna-zastosowac-do-covid\/#primaryimage"},"thumbnailUrl":"https:\/\/www.cefarm24.pl\/czytelnia\/wp-content\/uploads\/2021\/01\/amantadyna-a-leczenie-covid-19-e1609842146560.jpg","articleSection":["Zdrowie"],"inLanguage":"pl-PL"},{"@type":"WebPage","@id":"https:\/\/www.cefarm24.pl\/czytelnia\/zdrowie\/amantadyna-czy-viregyt-k-mozna-zastosowac-do-covid\/","url":"https:\/\/www.cefarm24.pl\/czytelnia\/zdrowie\/amantadyna-czy-viregyt-k-mozna-zastosowac-do-covid\/","name":"Amantadyna. Czy Viregyt-K mo\u017cna zastosowa\u0107 w przypadku Covid","isPartOf":{"@id":"https:\/\/www.cefarm24.pl\/czytelnia\/#website"},"primaryImageOfPage":{"@id":"https:\/\/www.cefarm24.pl\/czytelnia\/zdrowie\/amantadyna-czy-viregyt-k-mozna-zastosowac-do-covid\/#primaryimage"},"image":{"@id":"https:\/\/www.cefarm24.pl\/czytelnia\/zdrowie\/amantadyna-czy-viregyt-k-mozna-zastosowac-do-covid\/#primaryimage"},"thumbnailUrl":"https:\/\/www.cefarm24.pl\/czytelnia\/wp-content\/uploads\/2021\/01\/amantadyna-a-leczenie-covid-19-e1609842146560.jpg","datePublished":"2022-04-28T10:28:06+00:00","dateModified":"2025-01-11T17:43:35+00:00","breadcrumb":{"@id":"https:\/\/www.cefarm24.pl\/czytelnia\/zdrowie\/amantadyna-czy-viregyt-k-mozna-zastosowac-do-covid\/#breadcrumb"},"inLanguage":"pl-PL","potentialAction":[{"@type":"ReadAction","target":["https:\/\/www.cefarm24.pl\/czytelnia\/zdrowie\/amantadyna-czy-viregyt-k-mozna-zastosowac-do-covid\/"]}]},{"@type":"ImageObject","inLanguage":"pl-PL","@id":"https:\/\/www.cefarm24.pl\/czytelnia\/zdrowie\/amantadyna-czy-viregyt-k-mozna-zastosowac-do-covid\/#primaryimage","url":"https:\/\/www.cefarm24.pl\/czytelnia\/wp-content\/uploads\/2021\/01\/amantadyna-a-leczenie-covid-19-e1609842146560.jpg","contentUrl":"https:\/\/www.cefarm24.pl\/czytelnia\/wp-content\/uploads\/2021\/01\/amantadyna-a-leczenie-covid-19-e1609842146560.jpg","width":1500,"height":866,"caption":"Amantadyna a Covid"},{"@type":"BreadcrumbList","@id":"https:\/\/www.cefarm24.pl\/czytelnia\/zdrowie\/amantadyna-czy-viregyt-k-mozna-zastosowac-do-covid\/#breadcrumb","itemListElement":[{"@type":"ListItem","position":1,"name":"Strona g\u0142\u00f3wna","item":"https:\/\/www.cefarm24.pl\/"},{"@type":"ListItem","position":2,"name":"Czytelnia","item":"https:\/\/www.cefarm24.pl\/czytelnia\/"},{"@type":"ListItem","position":3,"name":"Zdrowie","item":"https:\/\/www.cefarm24.pl\/czytelnia\/zdrowie\/"},{"@type":"ListItem","position":4,"name":"Amantadyna. Czy Viregyt-K mo\u017cna zastosowa\u0107 w przypadku Covid"}]},{"@type":"WebSite","@id":"https:\/\/www.cefarm24.pl\/czytelnia\/#website","url":"https:\/\/www.cefarm24.pl\/czytelnia\/","name":"Czytelnia apteki Cefarm24","description":"Porady zdrowotne, opisy chor\u00f3b, nowo\u015bci w ofercie lek\u00f3w i suplement\u00f3w. Czytaj i wiedz wi\u0119cej!","publisher":{"@id":"https:\/\/www.cefarm24.pl\/czytelnia\/#organization"},"potentialAction":[{"@type":"SearchAction","target":{"@type":"EntryPoint","urlTemplate":"https:\/\/www.cefarm24.pl\/czytelnia\/?s={search_term_string}"},"query-input":{"@type":"PropertyValueSpecification","valueRequired":true,"valueName":"search_term_string"}}],"inLanguage":"pl-PL"},{"@type":"Organization","@id":"https:\/\/www.cefarm24.pl\/czytelnia\/#organization","name":"Apteka Cefarm24","url":"https:\/\/www.cefarm24.pl\/czytelnia\/","logo":{"@type":"ImageObject","inLanguage":"pl-PL","@id":"https:\/\/www.cefarm24.pl\/czytelnia\/#\/schema\/logo\/image\/","url":"https:\/\/www.cefarm24.pl\/czytelnia\/wp-content\/uploads\/2016\/04\/cefarm-logo.jpg","contentUrl":"https:\/\/www.cefarm24.pl\/czytelnia\/wp-content\/uploads\/2016\/04\/cefarm-logo.jpg","width":310,"height":90,"caption":"Apteka Cefarm24"},"image":{"@id":"https:\/\/www.cefarm24.pl\/czytelnia\/#\/schema\/logo\/image\/"},"sameAs":["https:\/\/www.facebook.com\/cefarm24\/"]},{"@type":"Person","@id":"https:\/\/www.cefarm24.pl\/czytelnia\/#\/schema\/person\/58bc3535b8df4030251392060439cc7e","name":"A F","image":{"@type":"ImageObject","inLanguage":"pl-PL","@id":"https:\/\/www.cefarm24.pl\/czytelnia\/#\/schema\/person\/image\/","url":"https:\/\/secure.gravatar.com\/avatar\/348d7251e30dd20a2e62129287d8dd27?s=96&d=mm&r=g","contentUrl":"https:\/\/secure.gravatar.com\/avatar\/348d7251e30dd20a2e62129287d8dd27?s=96&d=mm&r=g","caption":"A F"}}]}},"_links":{"self":[{"href":"https:\/\/www.cefarm24.pl\/czytelnia\/wp-json\/wp\/v2\/posts\/9061","targetHints":{"allow":["GET"]}}],"collection":[{"href":"https:\/\/www.cefarm24.pl\/czytelnia\/wp-json\/wp\/v2\/posts"}],"about":[{"href":"https:\/\/www.cefarm24.pl\/czytelnia\/wp-json\/wp\/v2\/types\/post"}],"author":[{"embeddable":true,"href":"https:\/\/www.cefarm24.pl\/czytelnia\/wp-json\/wp\/v2\/users\/3"}],"replies":[{"embeddable":true,"href":"https:\/\/www.cefarm24.pl\/czytelnia\/wp-json\/wp\/v2\/comments?post=9061"}],"version-history":[{"count":2,"href":"https:\/\/www.cefarm24.pl\/czytelnia\/wp-json\/wp\/v2\/posts\/9061\/revisions"}],"predecessor-version":[{"id":11039,"href":"https:\/\/www.cefarm24.pl\/czytelnia\/wp-json\/wp\/v2\/posts\/9061\/revisions\/11039"}],"wp:featuredmedia":[{"embeddable":true,"href":"https:\/\/www.cefarm24.pl\/czytelnia\/wp-json\/wp\/v2\/media\/5077"}],"wp:attachment":[{"href":"https:\/\/www.cefarm24.pl\/czytelnia\/wp-json\/wp\/v2\/media?parent=9061"}],"wp:term":[{"taxonomy":"category","embeddable":true,"href":"https:\/\/www.cefarm24.pl\/czytelnia\/wp-json\/wp\/v2\/categories?post=9061"},{"taxonomy":"post_tag","embeddable":true,"href":"https:\/\/www.cefarm24.pl\/czytelnia\/wp-json\/wp\/v2\/tags?post=9061"}],"curies":[{"name":"wp","href":"https:\/\/api.w.org\/{rel}","templated":true}]}}