{"id":7916,"date":"2024-12-03T13:41:00","date_gmt":"2024-12-03T12:41:00","guid":{"rendered":"https:\/\/www.cefarm24.pl\/czytelnia\/?p=7916"},"modified":"2025-01-10T13:50:02","modified_gmt":"2025-01-10T12:50:02","slug":"anemia-przyczyny-objawy-i-leczenie-jakie-sa-skutki-nieleczonej-anemii","status":"publish","type":"post","link":"https:\/\/www.cefarm24.pl\/czytelnia\/zdrowie\/choroby-i-terapie\/anemia-przyczyny-objawy-i-leczenie-jakie-sa-skutki-nieleczonej-anemii\/","title":{"rendered":"Anemia \u2013 przyczyny, objawy i leczenie. Jakie s\u0105 skutki nieleczonej anemii?"},"content":{"rendered":"\n<p><strong>Zdrowie uk\u0142adu krwiono\u015bnego ma kluczowe znaczenie dla prawid\u0142owego funkcjonowania organizmu, a wszelkie zaburzenia w jego pracy mog\u0105 prowadzi\u0107 do powa\u017cnych konsekwencji. Jednym z najcz\u0119\u015bciej wyst\u0119puj\u0105cych problem\u00f3w zwi\u0105zanych z krwi\u0105 jest anemia, kt\u00f3ra dotyka ludzi na ca\u0142ym \u015bwiecie niezale\u017cnie od wieku.<\/strong><\/p>\n\n\n\n<p><strong>Istnieje wiele rodzaj\u00f3w chor\u00f3b uk\u0142adu krwiono\u015bnego oraz zaburze\u0144 krwi. Do najcz\u0119stszych zaburze\u0144 krwi zalicza si\u0119 anemi\u0119. Co to jest anemia? Definicja m\u00f3wi, \u017ceanemia, kt\u00f3ra inaczej nazywana jest niedokrwisto\u015bci\u0105, to stan chorobowy, w kt\u00f3rym liczba erytrocyt\u00f3w (czerwonych krwinek) lub st\u0119\u017cenie zawartej w nich hemoglobiny jest niewystarczaj\u0105ce do tego, by krew mog\u0142a prawid\u0142owo transportowa\u0107 tlen. Istnieje wiele rodzaj\u00f3w anemii, jednak najcz\u0119\u015bciej mamy do czynienia z niedokrwisto\u015bci\u0105 zwi\u0105zan\u0105 z niedoborem \u017celaza. Jakie s\u0105 przyczyny i objawy anemii, jak wygl\u0105da jej leczenie i do czego prowadzi nieleczona anemia?<\/strong><\/p>\n\n\n\n<h2 class=\"wp-block-heading\">Anemia \u2013 co to?<\/h2><div class=\"article-box-container inside-article-box-container\"><div class=\"article-box-image-container\">\r\n                    <img decoding=\"async\" src=\"https:\/\/www.cefarm24.pl\/czytelnia\/wp-content\/uploads\/2021\/05\/stres-oksydacyjny.jpg\" alt=\"Preparaty wspomagaj\u0105ce leczenie anemii\" class=\"img-responsive\" \/>\r\n                <\/div><div class=\"article-box-content-container\">\r\n                    <p class=\"article-box-title\">Preparaty wspomagaj\u0105ce leczenie anemii<\/p>\r\n                <div class=\"article-box-description\"><\/div><div class=\"article-box-buttons\"><div class=\"article-box-button\"><a href=\"https:\/\/www.cefarm24.pl\/preparaty-zelaza.html\t\t\t\t\t \t\t\t\t\t \t\t\t\t\t\" target=\"_blank\" class=\"btn btn-article-box\">Preparaty z \u017celazem<\/a><\/div><div class=\"article-box-button\"><a href=\"https:\/\/www.cefarm24.pl\/witamina-c-a.html\t\t\t\t\t \t\t\t\t\t \t\t\t\t\t\" target=\"_blank\" class=\"btn btn-article-box\">Preparaty z witamin\u0105 C<\/a><\/div><div class=\"article-box-button\"><a href=\"https:\/\/www.cefarm24.pl\/nutridrink-diasip-cubitan-a.html\t\t\t\t\t \t\t\t\t\t \t\t\t\t\t\" target=\"_blank\" class=\"btn btn-article-box\">Nutridrinki z witaminami<\/a><\/div><\/div><\/div><\/div>\n\n\n\n<p><strong>Anemia (\u0142ac. <em>anaemia<\/em>), inaczej niedokrwisto\u015b\u0107<\/strong><strong>,<\/strong> <strong>nale\u017cy do najcz\u0119stszych chor\u00f3b hematologicznych (chor\u00f3b krwi), z jakimi zmagaj\u0105 si\u0119 zar\u00f3wno dzieci, jak i doro\u015bli oraz osoby starsze<\/strong><strong>.&nbsp;<\/strong>Statystycznie cz\u0119\u015bciej anemia pojawia si\u0119 u kobiet, natomiast <strong>anemia u m\u0119\u017cczyzn<\/strong> w Polsce wyst\u0119puje o wiele rzadziej. Jest to chocia\u017cby zwi\u0105zane z utrat\u0105 krwi przez kobiety w czasie menstruacji, wi\u0119kszym ryzykiem anemii w czasie <a href=\"https:\/\/www.cefarm24.pl\/czytelnia\/zdrowie\/ciaza\/ciaza-miesiac-po-miesiacu\/\">ci\u0105\u017cy<\/a> i <a href=\"https:\/\/www.cefarm24.pl\/czytelnia\/zdrowie\/matka-i-dziecko-zdrowie\/karmienie-piersia-dlaczego-warto\/\">karmienia piersi\u0105<\/a>, a tak\u017ce mniejszymi od m\u0119\u017cczyzn zapasami <a href=\"https:\/\/www.cefarm24.pl\/czytelnia\/dieta\/wazne-mikroelementy-zelazo\/\">\u017celaza<\/a> w organizmie. Stan ten rozwija si\u0119 w wyniku pewnych zaburze\u0144 dotycz\u0105cych krwi, do kt\u00f3rych nale\u017c\u0105: zbyt niski poziom hemoglobiny, obni\u017cony hematokryt (liczba czerwonych krwinek w stosunku do pozosta\u0142ych sk\u0142adnik\u00f3w krwi) oraz niski poziom erytrocyt\u00f3w (zmniejszona liczba czerwonych krwinek).<\/p>\n\n\n\n<p>W przebiegu niedokrwisto\u015bci dochodzi do ograniczonej zdolno\u015bci krwi do transportu tlenu, czego efektem jest niedostateczne utlenowanie tkanek oraz narz\u0105d\u00f3w organizmu. <strong>Czy anemia jest gro\u017ana<\/strong> dla pacjenta? W du\u017cej mierze zale\u017cy to od rodzaju anemii, jednak zawsze stan ten wymaga konsultacji z lekarzem. W zale\u017cno\u015bci od nasilenia choroby rozr\u00f3\u017cnia si\u0119 nast\u0119puj\u0105ce rodzaje anemii (klasyfikacja wg przebiegu):<\/p>\n\n\n\n<ul class=\"wp-block-list\">\n<li><strong>\u0142agodna<\/strong>&nbsp;\u2013 st\u0119\u017cenie hemoglobiny oscyluje na poziomie pomi\u0119dzy 10 a 12 g\/dl u kobiet oraz 10 a 13,5 g\/dl u m\u0119\u017cczyzn;<\/li>\n\n\n\n<li><strong>umiarkowana<\/strong>&nbsp;\u2013 st\u0119\u017cenie hemoglobiny wynosi od 8-9,9 g\/dl;<\/li>\n\n\n\n<li><strong>ci\u0119\u017cka<\/strong>&nbsp;\u2013 st\u0119\u017cenie hemoglobiny jest na poziomie od 6,5-7,9 g\/dl;<\/li>\n\n\n\n<li><strong>zagra\u017caj\u0105ca \u017cyciu<\/strong>&nbsp;\u2013 st\u0119\u017cenie hemoglobiny jest mniejsze ni\u017c 6,5 g\/dl.<\/li>\n<\/ul>\n\n\n\n<p><strong>Warto r\u00f3wnie\u017c doda\u0107, \u017ce najcz\u0119\u015bciej wyst\u0119puj\u0105c\u0105 postaci\u0105 anemii jest ta zwi\u0105zana z deficytem \u017celaza<\/strong>, kt\u00f3rej mo\u017cemy zapobiec m.in. poprzez spo\u017cywanie produkt\u00f3w bogatych w \u017celazo, jak np. szpinak, pestki dyni, ro\u015bliny str\u0105czkowe, mi\u0119so oraz broku\u0142y. Znacznie rzadziej spotykamy si\u0119 z:<\/p>\n\n\n\n<ul class=\"wp-block-list\">\n<li><strong>anemi\u0105 hemolityczn\u0105<\/strong>, kt\u00f3ra powstaje z rozpadu czerwonych krwinek;<\/li>\n\n\n\n<li><strong>anemi\u0105 megaloblastyczn\u0105<\/strong>&nbsp;\u2013 wyr\u00f3\u017cnia si\u0119 zwi\u0119kszon\u0105 obj\u0119to\u015bci\u0105 erytrocyt\u00f3w, np. podczas niedoboru witaminy B12;<\/li>\n\n\n\n<li><strong>anemi\u0105 aplastyczn\u0105<\/strong>&nbsp;\u2013 diagnozuje si\u0119 spadek poziomu wszystkich rodzaj\u00f3w krwinek na skutek zaniku szpiku kostnego,<\/li>\n<\/ul>\n\n\n\n<p>W medycynie stosuje si\u0119 tak\u017ce podzia\u0142 niedokrwisto\u015bci ze wzgl\u0119du na mechanizmy patogenetyczne (np. niedobory) lub wielko\u015b\u0107 erytrocyt\u00f3w, czyli anemie mikrocytowe, makrocytowe oraz normocytowe. Dla przyk\u0142adu, <strong>anemia mikrocytarna<\/strong> pojawia si\u0119, kiedy wielko\u015b\u0107 czerwonych krwinek jest mniejsza ni\u017c u os\u00f3b zdrowych, co zn\u00f3w wi\u0105\u017ce si\u0119 z niezdolno\u015bci\u0105 do przenoszenia w\u0142a\u015bciwej ilo\u015bci natlenowanej hemoglobiny.<\/p>\n\n\n\n<h2 class=\"wp-block-heading\">Anemia \u2013 przyczyny<\/h2>\n\n\n\n<p>Anemia (<strong>co <\/strong>w medycynie<strong> oznacza <\/strong>najcz\u0119\u015bciej <strong>spadek<\/strong> ilo\u015bci<strong> krwinek czerwonych <\/strong>\u2013erytrocyt\u00f3w<strong>),<\/strong><strong> <\/strong>to choroba, kt\u00f3ra mo\u017ce by\u0107 wywo\u0142ana przez r\u00f3\u017cne czynniki, do kt\u00f3rych zalicza si\u0119 przede wszystkim:<\/p>\n\n\n\n<ul class=\"wp-block-list\">\n<li><strong>niedob\u00f3r&nbsp;<u><a href=\"https:\/\/www.cefarm24.pl\/czytelnia\/dieta\/wazne-mikroelementy-zelazo\/\">\u017celaza<\/a><\/u>&nbsp;w codziennej diecie<\/strong>&nbsp;(niedokrwisto\u015b\u0107 syderopeniczna). Niedob\u00f3r \u017celaza jest dosy\u0107 charakterystyczny zw\u0142aszcza dla kobiet, kt\u00f3re pierwiastek ten trac\u0105 np. w czasie menstruacji, nie dostarczaj\u0105c jednocze\u015bnie dostatecznej ilo\u015bci tego sk\u0142adnika wraz z po\u017cywieniem;<\/li>\n\n\n\n<li>ostr\u0105 lub przewlek\u0142\u0105 utrat\u0119 krwi (niedokrwisto\u015b\u0107 pokrwotoczna), np. w wyniku urazu, obfitego miesi\u0105czkowania lub krwawienia z przewodu pokarmowego;<\/li>\n\n\n\n<li><strong>wyst\u0119powanie chor\u00f3b przewlek\u0142ych<\/strong>&nbsp;(niedokrwisto\u015b\u0107 chor\u00f3b przewlek\u0142ych), takich jak m.in. marsko\u015b\u0107 w\u0105troby, celiakia, przewlek\u0142a choroba nerek, choroby nowotworowe szpiku, przewlek\u0142e choroby zapalne (reumatoidalne zapalenie staw\u00f3w lub uk\u0142adowy tocze\u0144 rumieniowaty);<\/li>\n\n\n\n<li><strong>niedob\u00f3r takich sk\u0142adnik\u00f3w od\u017cywczych jak&nbsp;<u><a href=\"https:\/\/www.cefarm24.pl\/czytelnia\/produkty\/witamina-b12-wlasciwosci-i-zagrozenie-niedoborem\/\">witamina B12<\/a><\/u>&nbsp;oraz&nbsp;<u><a href=\"https:\/\/www.cefarm24.pl\/czytelnia\/zdrowie\/ciaza\/kwas-foliowy-rola-i-wlasciwosci\/\">kwas foliowy<\/a><\/u><\/strong>&nbsp;(niedokrwisto\u015b\u0107 megaloblastyczna), czego efektem jest powstanie nienaturalnie du\u017cych erytrocyt\u00f3w, co spowodowane jest upo\u015bledzeniem syntezy DNA kom\u00f3rek i zwi\u0105zanych z nimi podzia\u0142\u00f3w;<\/li>\n\n\n\n<li><strong>zbyt szybki rozpad erytrocyt\u00f3w<\/strong>&nbsp;(niedokrwisto\u015b\u0107 hemolityczna), co ma zwi\u0105zek m.in. z nieprawid\u0142ow\u0105 budow\u0105 erytrocyt\u00f3w, reakcj\u0105 immunologiczn\u0105 lub zaburzonym procesem syntezy prawid\u0142owej hemoglobiny;<\/li>\n\n\n\n<li><strong>upo\u015bledzenia w pracy szpiku kostnego<\/strong>&nbsp;(niedokrwisto\u015b\u0107 aplastyczna). Mo\u017ce przyjmowa\u0107 form\u0119 choroby nabytej lub wrodzonej. Zwykle wi\u0105\u017ce si\u0119 z chemioterapi\u0105, radioterapi\u0105, a tak\u017ce z innymi czynnikami, do kt\u00f3rych zalicza si\u0119 mi\u0119dzy innymi przyjmowanie niekt\u00f3rych lek\u00f3w oraz kontakt ze \u015brodkami owadob\u00f3jczymi.<\/li>\n<\/ul>\n\n\n\t\t\n\n\t\t\t\t\t\n\t\t<div id=\"cefarm24-products-block_cecf88735a057e100e7f69204b6969b8\" class=\"cefarm24-block cefarm24-block--products\">\n\t\t\t<div class=\"cefarm24-block__inner-container\">+\n\t\t\t\t<ul class=\"list list--products\">\n\t\t\t\t\t\t\t\t\t\t<li class=\"item\">\n\t\t\t\t\t\t<a class=\"image\" href=\"\">\n\t\t\t\t\t\t\t<img decoding=\"async\" src=\"\" alt=\"\" \/>\n\t\t\t\t\t\t<\/a>\n\t\t\t\t\t\t<strong class=\"title\"><a href=\"\"><\/a><\/strong>\n\t\t\t\t\t\t<span class=\"price\">0,00&nbsp;PLN<\/span>\n\t\t\t\t\t\t<a class=\"more\" href=\"\">Sprawd\u017a<\/a>\n\t\t\t\t\t<\/li>\n\t\t\t\t\t\t\t\t\t\t<li class=\"item\">\n\t\t\t\t\t\t<a class=\"image\" href=\"https:\/\/www.cefarm24.pl\/innovitumb-zawiesina-doustna-4-ml.html\">\n\t\t\t\t\t\t\t<img decoding=\"async\" src=\"https:\/\/www.cefarm24.pl\/innovitumb-zawiesina-doustna-4-ml.jpg\" alt=\"InnovitumB zawiesina doustna 4 ml\" \/>\n\t\t\t\t\t\t<\/a>\n\t\t\t\t\t\t<strong class=\"title\"><a href=\"https:\/\/www.cefarm24.pl\/innovitumb-zawiesina-doustna-4-ml.html\">InnovitumB zawiesina doustna 4 ml<\/a><\/strong>\n\t\t\t\t\t\t<span class=\"price\">43,55&nbsp;PLN<\/span>\n\t\t\t\t\t\t<a class=\"more\" href=\"https:\/\/www.cefarm24.pl\/innovitumb-zawiesina-doustna-4-ml.html\">Sprawd\u017a<\/a>\n\t\t\t\t\t<\/li>\n\t\t\t\t\t\t\t\t\t\t<li class=\"item\">\n\t\t\t\t\t\t<a class=\"image\" href=\"https:\/\/www.cefarm24.pl\/aliness-folian-dla-kobiet-w-ciazy-800-g-x-60-tabl-vege.html\">\n\t\t\t\t\t\t\t<img decoding=\"async\" src=\"https:\/\/www.cefarm24.pl\/aliness-folian-dla-kobiet-w-ciazy-800-g-x-60-tabl-vege.jpg\" alt=\"Aliness Folian dla kobiet w ci\u0105\u017cy 800 \u00b5g x 60 tabl vege\" \/>\n\t\t\t\t\t\t<\/a>\n\t\t\t\t\t\t<strong class=\"title\"><a href=\"https:\/\/www.cefarm24.pl\/aliness-folian-dla-kobiet-w-ciazy-800-g-x-60-tabl-vege.html\">Aliness Folian dla kobiet w ci\u0105\u017cy 800 \u00b5g x 60 tabl vege<\/a><\/strong>\n\t\t\t\t\t\t<span class=\"price\">32,90&nbsp;PLN<\/span>\n\t\t\t\t\t\t<a class=\"more\" href=\"https:\/\/www.cefarm24.pl\/aliness-folian-dla-kobiet-w-ciazy-800-g-x-60-tabl-vege.html\">Sprawd\u017a<\/a>\n\t\t\t\t\t<\/li>\n\t\t\t\t\t\t\t\t\t<\/ul>\n\t\t\t<\/div>\n\t\t<\/div>\n\t\t\n\n\n<h2 class=\"wp-block-heading\">Kto jest w szczeg\u00f3lno\u015bci nara\u017cony na anemi\u0119?<\/h2>\n\n\n\n<p>Ryzyko pojawienia si\u0119 u pacjenta anemii wzrasta u kobiet w wieku rozrodczym, a tak\u017ce u kobiet spodziewaj\u0105cych si\u0119 dziecka i karmi\u0105cych piersi\u0105. Do innych grup ryzyka zalicza si\u0119 osoby starsze, a dodatkowo pacjent\u00f3w, kt\u00f3rzy cierpi\u0105 na choroby przewlek\u0142e. Ryzyko anemii wzrasta r\u00f3wnie\u017c u przedwcze\u015bnie urodzonych maluch\u00f3w, a opr\u00f3cz tego u noworodk\u00f3w, kt\u00f3re od samego pocz\u0105tku nie s\u0105 karmione piersi\u0105, lecz sztucznie. Niedokrwisto\u015b\u0107 dotyka\u0107 mo\u017ce r\u00f3wnie\u017c wegan i <a href=\"https:\/\/www.cefarm24.pl\/czytelnia\/dieta\/jak-wegetarianizm-wplywa-na-zdrowie\/\">wegetarian<\/a>, kt\u00f3rzy nie spo\u017cywaj\u0105 produkt\u00f3w bogatych w \u017celazo oraz witamin z grupy B. Grupa ta powinna wi\u0119c w szczeg\u00f3lno\u015bci zadba\u0107 o suplementacj\u0119 \u017celaza oraz witamin z grupy B.<\/p>\n\n\n\n<h2 class=\"wp-block-heading\">Anemia u kobiet i m\u0119\u017cczyzn \u2013 objawy schorzenia<\/h2>\n\n\n\n<p>Jak ju\u017c zosta\u0142o wcze\u015bniej wspomniane, gdy u pacjenta rozwija si\u0119 niedokrwisto\u015b\u0107, dochodzi u niego do niedotlenienia kom\u00f3rek cia\u0142a, w zwi\u0105zku z czym objawy charakterystyczne dla poszczeg\u00f3lnych rodzaj\u00f3w anemii s\u0105 podobne. Pacjenci skar\u017c\u0105 si\u0119 w\u00f3wczas na nast\u0119puj\u0105ce dolegliwo\u015bci:<\/p>\n\n\n\n<ul class=\"wp-block-list\">\n<li>os\u0142abienie organizmu i m\u0119czliwo\u015b\u0107 \u2013 wielu chorych czuje zm\u0119czenie nawet po kr\u00f3tkim spacerze lub wej\u015bciu po schodach;<\/li>\n\n\n\n<li>utrata energii niezb\u0119dnej do codziennych dzia\u0142a\u0144;<\/li>\n\n\n\n<li>nawracaj\u0105ce b\u00f3le i zawroty g\u0142owy;<\/li>\n\n\n\n<li>cz\u0119ste duszno\u015bci;<\/li>\n\n\n\n<li>senno\u015b\u0107, a niekiedy r\u00f3wnie\u017c <a href=\"https:\/\/www.cefarm24.pl\/czytelnia\/zdrowie\/jestem-kobieta\/depresja-objawy-i-konsekwencje-cz-1\/\">depresja<\/a>;<\/li>\n\n\n\n<li>problemy z koncentracj\u0105 i skupieniem uwagi \u2013 dzieci, kt\u00f3re maj\u0105 anemi\u0119, cz\u0119sto maj\u0105 trudno\u015bci w nauce i przyswajaniu nowych informacji;<\/li>\n\n\n\n<li>blado\u015b\u0107 sk\u00f3ry i b\u0142on \u015bluzowych, w tym g\u0142\u00f3wnie wn\u0119trza jamy ustnej oraz powiek;<\/li>\n\n\n\n<li>p\u0119kanie k\u0105cik\u00f3w ust, tzw.&nbsp;<a href=\"https:\/\/www.cefarm24.pl\/czytelnia\/uroda\/drecza-cie-zajady\/\">zajady<\/a>;<\/li>\n\n\n\n<li>spadek <a href=\"https:\/\/www.cefarm24.pl\/czytelnia\/odpornosc\/co-obniza-odpornosc\/\">odporno\u015bci<\/a> organizmu i towarzysz\u0105ca mu wi\u0119ksza podatno\u015b\u0107 na infekcje;<\/li>\n\n\n\n<li>cz\u0119ste krwawienie z dzi\u0105se\u0142;<\/li>\n\n\n\n<li>kruche i \u0142amliwe paznokcie oraz nadmierne wypadanie w\u0142os\u00f3w;<\/li>\n\n\n\n<li>szorstka i sucha sk\u00f3ra;<\/li>\n\n\n\n<li>uczucie zimna;<\/li>\n\n\n\n<li>mroczki;<\/li>\n\n\n\n<li>p\u0142ytki oddech;<\/li>\n\n\n\n<li>zmiany w wygl\u0105dzie j\u0119zyka \u2013 jego powierzchnia jest wyg\u0142adzona;<\/li>\n\n\n\n<li>objaw Oslera, czyli niebieski odcie\u0144 tward\u00f3wki;<\/li>\n\n\n\n<li>tzw. \u0142aknienie spaczone, kt\u00f3re pojawia si\u0119 m.in. w sytuacji, gdy dzieci pr\u00f3buj\u0105 je\u015b\u0107 kred\u0119.<\/li>\n<\/ul>\n\n\n<div class=\"wp-block-image\">\n<figure class=\"aligncenter size-large\"><img loading=\"lazy\" decoding=\"async\" width=\"440\" height=\"440\" src=\"https:\/\/www.cefarm24.pl\/czytelnia\/wp-content\/uploads\/2021\/12\/Cefarm24-16-12-6_Easy-Resize.com_-440x440.jpg\" alt=\"\" class=\"wp-image-7981\" srcset=\"https:\/\/www.cefarm24.pl\/czytelnia\/wp-content\/uploads\/2021\/12\/Cefarm24-16-12-6_Easy-Resize.com_-440x440.jpg 440w, https:\/\/www.cefarm24.pl\/czytelnia\/wp-content\/uploads\/2021\/12\/Cefarm24-16-12-6_Easy-Resize.com_-300x300.jpg 300w, https:\/\/www.cefarm24.pl\/czytelnia\/wp-content\/uploads\/2021\/12\/Cefarm24-16-12-6_Easy-Resize.com_-768x768.jpg 768w, https:\/\/www.cefarm24.pl\/czytelnia\/wp-content\/uploads\/2021\/12\/Cefarm24-16-12-6_Easy-Resize.com_-150x150.jpg 150w, https:\/\/www.cefarm24.pl\/czytelnia\/wp-content\/uploads\/2021\/12\/Cefarm24-16-12-6_Easy-Resize.com_.jpg 1280w\" sizes=\"auto, (max-width: 440px) 100vw, 440px\" \/><\/figure><\/div>\n\n\n<p>Jak wspomniano wcze\u015bniej, przyczyn anemii mo\u017ce by\u0107 wiele, a jedn\u0105 z nich jest niedob\u00f3r wa\u017cnych dla zdrowia pierwiastk\u00f3w. Je\u015bli chodzi o <strong>pierwiastek, kt\u00f3rego niedob\u00f3r mo\u017ce by\u0107 przyczyn\u0105 anemii<\/strong>, jest nim \u017celazo. <strong>Anemia z niedoboru \u017celaza<\/strong> objawia\u0107 si\u0119 mo\u017ce w postaci wybi\u00f3rczego apetytu. U niekt\u00f3rych pacjent\u00f3w do\u015b\u0107 cz\u0119sto obserwuje si\u0119 r\u00f3wnie\u017c b\u00f3l oraz pieczenie j\u0119zyka. Je\u015bli pojawi si\u0119 <strong>anemia<\/strong> zwi\u0105zana z niedoborem \u017celaza, <strong>sk\u00f3ra<\/strong> cz\u0119sto staje si\u0119 sucha. Innym objawem anemii z niedoboru \u017celaza s\u0105 cienkie i \u0142amliwe paznokcie, a nawet pojawienie si\u0119 pr\u0105\u017ck\u00f3w i pod\u0142u\u017cnych rowk\u00f3w na p\u0142ytkach paznokciowych oraz \u0142atwo wypadaj\u0105ce w\u0142osy. Leczenie tego rodzaju anemii trwa zwykle od 4 do 6 miesi\u0119cy, poniewa\u017c organizm musi odbudowa\u0107 utracone wcze\u015bniej zasoby&nbsp;\u017celaza.<\/p>\n\n\n\n<h2 class=\"wp-block-heading\">Anemia w ci\u0105\u017cy &#8211; objawy<\/h2>\n\n\n\n<p>Anemia (niedokrwisto\u015b\u0107) w ci\u0105\u017cy jest stosunkowo cz\u0119stym zjawiskiem \u2013 <strong>m\u00f3wi si\u0119, \u017ce nawet 40% przysz\u0142ych mam mo\u017ce mie\u0107 problem z obni\u017con\u0105 ilo\u015bci\u0105 hemoglobiny lub liczb\u0105 erytrocyt\u00f3w we krwi.<\/strong> Ma to zwi\u0105zek z faktem, \u017ce organizm ci\u0119\u017carnej musi wyprodukowa\u0107 20-30% wi\u0119cej krwi, by wspom\u00f3c tym samym prawid\u0142owy rozw\u00f3j p\u0142odu. W zwi\u0105zku z tym zwi\u0119kszeniu ulega zapotrzebowanie organizmu kobiety na \u017celazo, witamin\u0119 B12 oraz kwas foliowy.<\/p>\n\n\n\n<p>\u0141agodna niedokrwisto\u015b\u0107 w II i III trymestrze ci\u0105\u017cy w wi\u0119kszo\u015bci przypadk\u00f3w nie stanowi powodu do niepokoju. Warto jednak pami\u0119ta\u0107, \u017ce w ci\u0119\u017cszym stadium lub w sytuacji, gdy choroba ta nie b\u0119dzie leczona, anemia w ci\u0105\u017cy mo\u017ce doprowadzi\u0107 do gro\u017anych powik\u0142a\u0144, jak np. przedwczesny por\u00f3d lub urodzenie dziecka z nisk\u0105 mas\u0105 urodzeniow\u0105.<\/p>\n\n\n\n<p>W zwi\u0105zku z tym kobiety w ci\u0105\u017cy powinny zwraca\u0107 szczeg\u00f3ln\u0105 uwag\u0119 na wszelkie objawy, kt\u00f3re mog\u0142yby sugerowa\u0107 rozw\u00f3j anemii, czyli:<\/p>\n\n\n\n<ul class=\"wp-block-list\">\n<li>nadmierne zm\u0119czenie lub os\u0142abienie;<\/li>\n\n\n\n<li>blado\u015b\u0107 sk\u00f3ry;<\/li>\n\n\n\n<li>szybkie bicie serca i zadyszka;<\/li>\n\n\n\n<li>problemy ze skupieniem uwagi.<\/li>\n<\/ul>\n\n\n\n<p>Pami\u0119tajmy, \u017ce w pocz\u0105tkowej fazie anemia mo\u017ce przebiega\u0107 ca\u0142kowicie bezobjawowo, dlatego te\u017c wa\u017cne jest, by przysz\u0142e mamy wykonywa\u0142y regularnie wszystkie zlecone przez lekarza badania krwi.<\/p>\n\n\n\n<h2 class=\"wp-block-heading\">Anemia po porodzie &#8211; objawy i leczenie<\/h2>\n\n\n\n<p>Szczeg\u00f3lnym rodzajem niedokrwisto\u015bci jest anemia po porodzie, kt\u00f3ra mo\u017ce wyst\u0105pi\u0107 na skutek utraty nadmiernej ilo\u015bci krwi podczas porodu i po\u0142ogu. Jest to z regu\u0142y anemia z niedoboru \u017celaza, dlatego te\u017c jej leczenie polega przede wszystkim na suplementacji tego pierwiastka, a w skrajnych przypadkach (np. podczas krwotoku poporodowego) na przetoczeniu krwi.<\/p>\n\n\n\n<h2 class=\"wp-block-heading\">Kiedy mo\u017cna m\u00f3wi\u0107 o anemii \u2013 diagnostyka i badanie<\/h2>\n\n\n\n<p>Je\u015bli chory zauwa\u017cy\u0142 u siebie objawy, kt\u00f3re mog\u0142yby sugerowa\u0107 rozw\u00f3j anemii, w pierwszej kolejno\u015bci powinien on uda\u0107 si\u0119 do lekarza, kt\u00f3ry przeprowadzi wywiad lekarski i badanie fizykalne. Nale\u017cy tak\u017ce koniecznie sprawdzi\u0107 poziom hemoglobiny we krwi. Je\u017celi jest on zbyt niski, zaleca si\u0119 wykonanie kolejnych bada\u0144, czyli:<\/p>\n\n\n\n<ul class=\"wp-block-list\">\n<li>st\u0119\u017cenie ferrytyny;<\/li>\n\n\n\n<li>st\u0119\u017cenie transferyny;<\/li>\n\n\n\n<li>st\u0119\u017cenie witaminy B12;<\/li>\n\n\n\n<li>poziom kwasu foliowego;<\/li>\n\n\n\n<li>poziom \u017celaza we krwi;<\/li>\n\n\n\n<li>badanie ka\u0142u na krew utajon\u0105.<\/li>\n<\/ul>\n\n\n\n<p>U cz\u0119\u015bci pacjent\u00f3w konieczne mo\u017ce okaza\u0107 si\u0119 okre\u015blenie odczynu opadania czerwonych krwinek (OB), a tak\u017ce liczby retikulocyt\u00f3w oraz wykonanie test\u00f3w krwi i moczu, na podstawie kt\u00f3rych okre\u015bli\u0107 mo\u017cna, jak szybko przebiega proces tworzenia si\u0119 i rozpadania erytrocyt\u00f3w. Wykona\u0107 mo\u017cna r\u00f3wnie\u017c badania dodatkowe, do kt\u00f3rych zalicza si\u0119 biopsj\u0119 aspiracyjn\u0105 szpiku kostnego, kt\u00f3ra wyka\u017ce obni\u017con\u0105 liczb\u0119 wszystkich dojrza\u0142ych krwinek. Niekiedy lekarz zaleci\u0107 mo\u017ce dodatkowo badania na obecno\u015b\u0107 przeciwcia\u0142, do kt\u00f3rych zalicza si\u0119 mi\u0119dzy innymi przeciwcia\u0142a ANA \u2013 badanie to ma na celu stwierdzenie, czy przyczyn\u0105 anemii nie jest choroba autoimmunologiczna.<\/p>\n\n\n\t\t\n\n\t\t\t\t\t\n\t\t<div id=\"cefarm24-products-block_ee8ab25e69ba6a4df246ae2a2188aef5\" class=\"cefarm24-block cefarm24-block--products\">\n\t\t\t<div class=\"cefarm24-block__inner-container\">+\n\t\t\t\t<ul class=\"list list--products\">\n\t\t\t\t\t\t\t\t\t\t<li class=\"item\">\n\t\t\t\t\t\t<a class=\"image\" href=\"https:\/\/www.cefarm24.pl\/rodzina-zdrowia-neofer-x-30-kaps.html\">\n\t\t\t\t\t\t\t<img decoding=\"async\" src=\"https:\/\/www.cefarm24.pl\/rodzina-zdrowia-neofer-x-30-kaps.jpg\" alt=\"Rodzina Zdrowia Neofer x 30 kaps\" \/>\n\t\t\t\t\t\t<\/a>\n\t\t\t\t\t\t<strong class=\"title\"><a href=\"https:\/\/www.cefarm24.pl\/rodzina-zdrowia-neofer-x-30-kaps.html\">Rodzina Zdrowia Neofer x 30 kaps<\/a><\/strong>\n\t\t\t\t\t\t<span class=\"price\">16,55&nbsp;PLN<\/span>\n\t\t\t\t\t\t<a class=\"more\" href=\"https:\/\/www.cefarm24.pl\/rodzina-zdrowia-neofer-x-30-kaps.html\">Sprawd\u017a<\/a>\n\t\t\t\t\t<\/li>\n\t\t\t\t\t\t\t\t\t\t<li class=\"item\">\n\t\t\t\t\t\t<a class=\"image\" href=\"https:\/\/www.cefarm24.pl\/myvita-witamina-b12-forte-30-ml.html\">\n\t\t\t\t\t\t\t<img decoding=\"async\" src=\"https:\/\/www.cefarm24.pl\/myvita-witamina-b12-forte-30-ml.jpg\" alt=\"MyVita Witamina B12 forte 30 ml\" \/>\n\t\t\t\t\t\t<\/a>\n\t\t\t\t\t\t<strong class=\"title\"><a href=\"https:\/\/www.cefarm24.pl\/myvita-witamina-b12-forte-30-ml.html\">MyVita Witamina B12 forte 30 ml<\/a><\/strong>\n\t\t\t\t\t\t<span class=\"price\">24,29&nbsp;PLN<\/span>\n\t\t\t\t\t\t<a class=\"more\" href=\"https:\/\/www.cefarm24.pl\/myvita-witamina-b12-forte-30-ml.html\">Sprawd\u017a<\/a>\n\t\t\t\t\t<\/li>\n\t\t\t\t\t\t\t\t\t\t<li class=\"item\">\n\t\t\t\t\t\t<a class=\"image\" href=\"\">\n\t\t\t\t\t\t\t<img decoding=\"async\" src=\"\" alt=\"\" \/>\n\t\t\t\t\t\t<\/a>\n\t\t\t\t\t\t<strong class=\"title\"><a href=\"\"><\/a><\/strong>\n\t\t\t\t\t\t<span class=\"price\">0,00&nbsp;PLN<\/span>\n\t\t\t\t\t\t<a class=\"more\" href=\"\">Sprawd\u017a<\/a>\n\t\t\t\t\t<\/li>\n\t\t\t\t\t\t\t\t\t<\/ul>\n\t\t\t<\/div>\n\t\t<\/div>\n\t\t\n\n\n<h2 class=\"wp-block-heading\">Anemia \u2013 leczenie schorzenia oraz profilaktyka<\/h2>\n\n\n\n<p><strong>Leczenie anemii jest uzale\u017cnione od jej przyczyny oraz stopnia zaawansowania.<\/strong>&nbsp;Je\u015bli pacjent zmaga si\u0119 z niedokrwisto\u015bci\u0105 z niedoboru \u017celaza, konieczne jest zastosowanie diety bogatej w \u017celazo oraz suplementacji tego pierwiastka. Podobnie wygl\u0105da to w przypadku niedoboru witaminy B12 oraz kwasu foliowego. Suplementacja przy niedoborach wymienionych wcze\u015bniej sk\u0142adnik\u00f3w zalecana jest r\u00f3wnie\u017c <a href=\"https:\/\/www.cefarm24.pl\/czytelnia\/zdrowie\/ciaza\/suplementacji-w-ciazy\/\">kobietom w ci\u0105\u017cy<\/a>. Wa\u017cna jest jednak szczeg\u00f3lnie prawid\u0142owa dieta. W menu nie powinno zabrakn\u0105\u0107 produkt\u00f3w bogatych w \u017celazo i witaminy \u2013 zaleca si\u0119 spo\u017cywanie owoc\u00f3w i warzyw, w tym szczeg\u00f3lnie burak\u00f3w, jarmu\u017cu, szpinaku, papryki, natki pietruszki, czarnej porzeczki oraz granatu. Unika\u0107 nale\u017cy jednocze\u015bnie picia kawy i napoj\u00f3w energetyzuj\u0105cych, kt\u00f3re warto zast\u0119powa\u0107 sokami z owoc\u00f3w i warzyw bogatych w wy\u017cej wymienione sk\u0142adniki. Pom\u00f3c mo\u017ce nie tylko odpowiednia dieta, ale r\u00f3wnie\u017c cz\u0119stszy odpoczynek i systematyczne dotlenianie organizmu.<\/p>\n\n\n\n<p><strong>Co na anemi\u0119, gdy jest ona spowodowana chorob\u0105 przewlek\u0142\u0105<\/strong>, sprawdzi si\u0119 najlepiej?&nbsp;W takiej sytuacji wa\u017cne jest stosowanie lek\u00f3w na t\u0119 chorob\u0119, np. je\u015bli jest to przewlek\u0142a choroba nerek, konieczne mo\u017ce by\u0107 przyjmowanie leku zwanego erytropoetyn\u0105, natomiast przy zaburzeniach immunologicznych \u2013 lek\u00f3w nale\u017c\u0105cych do grupy kortykosteroid\u00f3w.<\/p>\n\n\n\n<p>Je\u015bli chodzi o <strong>leczenie niedokrwisto\u015bci<\/strong> (anemii), w ci\u0119\u017ckich postaciach niedokrwisto\u015bci niezb\u0119dne mo\u017ce okaza\u0107 si\u0119 przeprowadzenie transfuzji krwi, przeszczepu szpiku kostnego, plazmaferezy (zabieg polegaj\u0105cy na wymianie osocza krwi u pacjenta) lub zabiegu usuni\u0119cia \u015bledziony.<\/p>\n\n\n\n<h2 class=\"wp-block-heading\">Anemia &#8211; skutki choroby<\/h2>\n\n\n\n<p><strong>Do czego prowadzi nieleczona anemia<\/strong>?<strong> Niestety, nieleczona niedokrwisto\u015b\u0107 mo\u017ce nie\u015b\u0107 za sob\u0105 wiele konsekwencji dla naszego zdrowia, pocz\u0105wszy od tych \u0142agodnych, jak np. przewlek\u0142e zm\u0119czenie, b\u00f3l g\u0142owy lub trudno\u015bci w skupieniu uwagi, a\u017c po ci\u0119\u017ckie, takie jak m.in. niewydolno\u015b\u0107 serca.<\/strong>&nbsp;<strong>Czy anemia jest gro\u017ana<\/strong>? Ju\u017c sama w sobie anemia jest stanem bardzo niebezpiecznym, ponadto wskazywa\u0107 mo\u017ce na wiele powa\u017cnych zaburze\u0144. Lista chor\u00f3b, kt\u00f3rych jednym z objaw\u00f3w jest anemia, jest d\u0142uga. <strong>Silna anemia objawy<\/strong> mo\u017ce dawa\u0107 \u015bwiadcz\u0105ce chocia\u017cby o powa\u017cnych schorzeniach takich jak:<\/p>\n\n\n\n<ul class=\"wp-block-list\">\n<li>Nowotwory;<\/li>\n\n\n\n<li>Zaka\u017cenie HIV;<\/li>\n\n\n\n<li>Choroby nerek;<\/li>\n\n\n\n<li>Celiakia;<\/li>\n\n\n\n<li>Choroba Crohna;<\/li>\n\n\n\n<li>Reumatoidalne zapalenie staw\u00f3w;<\/li>\n\n\n\n<li>Choroby szpiku kostnego, w tym bia\u0142aczka oraz mielofibroza.<\/li>\n<\/ul>\n\n\n\n<p>Nieleczona anemia mo\u017ce mie\u0107 r\u00f3wnie\u017c negatywny wp\u0142yw na m\u00f3zg \u2013 organ, kt\u00f3ry jest szczeg\u00f3lnie wra\u017cliwy na niedotlenienie. Niepodj\u0119cie w odpowiednim czasie stosownych dzia\u0142a\u0144 wi\u0105\u017ce si\u0119 bowiem z dostarczaniem niedostatecznej ilo\u015bci tlenu do kom\u00f3rek i tkanek m\u00f3zgu.<\/p>\n\n\n\n<p>To, jak szybko i czy w og\u00f3le uda nam si\u0119 anemi\u0119 zwalczy\u0107, zale\u017cy przede wszystkim od przyczyny choroby, stopnia jej zaawansowania oraz wieku pacjenta. <strong>Jak leczy\u0107 anemi\u0119<\/strong>? Je\u015bli anemia jest zwi\u0105zana z niedoborem \u017celaza, zmiana diety oraz kilkumiesi\u0119czna suplementacja powinny przynie\u015b\u0107 zamierzone efekty. Pami\u0119tajmy, \u017ce anemia to choroba, kt\u00f3rej mo\u017cemy przeciwdzia\u0142a\u0107 poprzez stosowanie zbilansowanej diety, bogatej w \u017celazo, witamin\u0119 B12 oraz kwas foliowy. Warto zatem, by na naszym talerzu pojawia\u0142y si\u0119 takie produkty jak ciemnozielone warzywa li\u015bciaste, mi\u0119so, ryby, owoce morza, nabia\u0142, jajka, kasza gryczana oraz ro\u015bliny str\u0105czkowe.<\/p>\n\n\n\n<h2 class=\"wp-block-heading\">Czy z anemi\u0105 mo\u017cna chodzi\u0107 do pracy?<\/h2>\n\n\n\n<p>Niedokrwisto\u015b\u0107 jest powa\u017cnym schorzeniem, dlatego w \u017cadnym wypadku nie powinna by\u0107 lekcewa\u017cona. <strong>Co oznacza spadek krwinek czerwonych<\/strong> dla pacjenta? <strong>Obni\u017cony poziom erytrocyt\u00f3w we krwi, zawroty g\u0142owy <\/strong>oraz<strong> os\u0142abienie to objawy<\/strong> cz\u0119sto spotykane u pacjent\u00f3w. Je\u015bli <strong>anemia objawy<\/strong> daje silne, poza tym pacjenci czuj\u0105 si\u0119 zm\u0119czeni, niewyspani, maj\u0105 mroczki przed oczami, pojawiaj\u0105 si\u0119 u nich cz\u0119ste omdlenia i b\u00f3le w klatce piersiowej, a przy tym odczuwaj\u0105 silny stres, konieczna mo\u017ce okaza\u0107 si\u0119 wizyta u lekarza i dostosowane do przyczyny <strong>leczenie niedokrwisto\u015bci<\/strong>. O tym, <strong>czy z anemi\u0105 mo\u017cna chodzi\u0107 do pracy<\/strong>, powinien zadecydowa\u0107 lekarz, po przeprowadzonym wywiadzie i stosownych badaniach. W niekt\u00f3rych przypadkach, zw\u0142aszcza przy trudno\u015bciach z koncentracj\u0105 oraz przy cz\u0119stych zawrotach g\u0142owy, konieczne mo\u017ce okaza\u0107 si\u0119 zwolnienie lekarskie i przerwa od codziennego wykonywania obowi\u0105zk\u00f3w zawodowych \u2013 szczeg\u00f3lnie tych, kt\u00f3re wymagaj\u0105 wyj\u0105tkowego skupienia. Nale\u017cy r\u00f3wnie\u017c pami\u0119ta\u0107, \u017ce leczenie anemii w powa\u017cnych przypadkach prowadzone jest w warunkach szpitalnych.<\/p>\n\n\n\n<p><strong><strong>Autor artyku\u0142u: tech. farm. Izabela Soroka<\/strong><\/strong><\/p>\n","protected":false},"excerpt":{"rendered":"<p>Zdrowie uk\u0142adu krwiono\u015bnego ma kluczowe znaczenie dla prawid\u0142owego funkcjonowania organizmu, a wszelkie zaburzenia w jego pracy mog\u0105 prowadzi\u0107 do powa\u017cnych konsekwencji. Jednym z najcz\u0119\u015bciej wyst\u0119puj\u0105cych problem\u00f3w zwi\u0105zanych z krwi\u0105 jest anemia, kt\u00f3ra dotyka ludzi na ca\u0142ym \u015bwiecie niezale\u017cnie od wieku. Istnieje wiele rodzaj\u00f3w chor\u00f3b uk\u0142adu krwiono\u015bnego oraz zaburze\u0144 krwi. Do najcz\u0119stszych zaburze\u0144 krwi zalicza si\u0119 [&hellip;]<\/p>\n","protected":false},"author":3,"featured_media":7919,"comment_status":"closed","ping_status":"closed","sticky":false,"template":"","format":"standard","meta":{"_acf_changed":false,"footnotes":""},"categories":[388,387,384],"tags":[],"class_list":["post-7916","post","type-post","status-publish","format-standard","has-post-thumbnail","hentry","category-choroby-i-terapie","category-ciaza","category-zdrowie"],"acf":[],"yoast_head":"<!-- This site is optimized with the Yoast SEO plugin v24.6 - https:\/\/yoast.com\/wordpress\/plugins\/seo\/ -->\n<title>Anemia \u2013 przyczyny, objawy i leczenie. Jakie s\u0105 skutki nieleczonej anemii?<\/title>\n<meta name=\"description\" content=\"Anemia, inaczej nazywana niedokrwisto\u015bci\u0105, to stan chorobowy, w kt\u00f3rym liczba erytrocyt\u00f3w lub st\u0119\u017cenie hemoglobiny jest zaburzone. Dowiedz si\u0119 wi\u0119cej w naszym artykule, zapraszamy.\" \/>\n<meta name=\"robots\" content=\"index, follow, max-snippet:-1, max-image-preview:large, max-video-preview:-1\" \/>\n<link rel=\"canonical\" href=\"https:\/\/www.cefarm24.pl\/czytelnia\/zdrowie\/choroby-i-terapie\/anemia-przyczyny-objawy-i-leczenie-jakie-sa-skutki-nieleczonej-anemii\/\" \/>\n<meta name=\"twitter:label1\" content=\"Napisane przez\" \/>\n\t<meta name=\"twitter:data1\" content=\"A F\" \/>\n\t<meta name=\"twitter:label2\" content=\"Szacowany czas czytania\" \/>\n\t<meta name=\"twitter:data2\" content=\"13 minut\" \/>\n<script type=\"application\/ld+json\" class=\"yoast-schema-graph\">{\"@context\":\"https:\/\/schema.org\",\"@graph\":[{\"@type\":\"Article\",\"@id\":\"https:\/\/www.cefarm24.pl\/czytelnia\/zdrowie\/choroby-i-terapie\/anemia-przyczyny-objawy-i-leczenie-jakie-sa-skutki-nieleczonej-anemii\/#article\",\"isPartOf\":{\"@id\":\"https:\/\/www.cefarm24.pl\/czytelnia\/zdrowie\/choroby-i-terapie\/anemia-przyczyny-objawy-i-leczenie-jakie-sa-skutki-nieleczonej-anemii\/\"},\"author\":{\"name\":\"A F\",\"@id\":\"https:\/\/www.cefarm24.pl\/czytelnia\/#\/schema\/person\/58bc3535b8df4030251392060439cc7e\"},\"headline\":\"Anemia \u2013 przyczyny, objawy i leczenie. Jakie s\u0105 skutki nieleczonej anemii?\",\"datePublished\":\"2024-12-03T12:41:00+00:00\",\"dateModified\":\"2025-01-10T12:50:02+00:00\",\"mainEntityOfPage\":{\"@id\":\"https:\/\/www.cefarm24.pl\/czytelnia\/zdrowie\/choroby-i-terapie\/anemia-przyczyny-objawy-i-leczenie-jakie-sa-skutki-nieleczonej-anemii\/\"},\"wordCount\":2550,\"publisher\":{\"@id\":\"https:\/\/www.cefarm24.pl\/czytelnia\/#organization\"},\"image\":{\"@id\":\"https:\/\/www.cefarm24.pl\/czytelnia\/zdrowie\/choroby-i-terapie\/anemia-przyczyny-objawy-i-leczenie-jakie-sa-skutki-nieleczonej-anemii\/#primaryimage\"},\"thumbnailUrl\":\"https:\/\/www.cefarm24.pl\/czytelnia\/wp-content\/uploads\/2021\/12\/anemia-e1639043183363.jpg\",\"articleSection\":[\"Choroby i terapie\",\"Ci\u0105\u017ca\",\"Zdrowie\"],\"inLanguage\":\"pl-PL\"},{\"@type\":\"WebPage\",\"@id\":\"https:\/\/www.cefarm24.pl\/czytelnia\/zdrowie\/choroby-i-terapie\/anemia-przyczyny-objawy-i-leczenie-jakie-sa-skutki-nieleczonej-anemii\/\",\"url\":\"https:\/\/www.cefarm24.pl\/czytelnia\/zdrowie\/choroby-i-terapie\/anemia-przyczyny-objawy-i-leczenie-jakie-sa-skutki-nieleczonej-anemii\/\",\"name\":\"Anemia \u2013 przyczyny, objawy i leczenie. Jakie s\u0105 skutki nieleczonej anemii?\",\"isPartOf\":{\"@id\":\"https:\/\/www.cefarm24.pl\/czytelnia\/#website\"},\"primaryImageOfPage\":{\"@id\":\"https:\/\/www.cefarm24.pl\/czytelnia\/zdrowie\/choroby-i-terapie\/anemia-przyczyny-objawy-i-leczenie-jakie-sa-skutki-nieleczonej-anemii\/#primaryimage\"},\"image\":{\"@id\":\"https:\/\/www.cefarm24.pl\/czytelnia\/zdrowie\/choroby-i-terapie\/anemia-przyczyny-objawy-i-leczenie-jakie-sa-skutki-nieleczonej-anemii\/#primaryimage\"},\"thumbnailUrl\":\"https:\/\/www.cefarm24.pl\/czytelnia\/wp-content\/uploads\/2021\/12\/anemia-e1639043183363.jpg\",\"datePublished\":\"2024-12-03T12:41:00+00:00\",\"dateModified\":\"2025-01-10T12:50:02+00:00\",\"description\":\"Anemia, inaczej nazywana niedokrwisto\u015bci\u0105, to stan chorobowy, w kt\u00f3rym liczba erytrocyt\u00f3w lub st\u0119\u017cenie hemoglobiny jest zaburzone. Dowiedz si\u0119 wi\u0119cej w naszym artykule, zapraszamy.\",\"breadcrumb\":{\"@id\":\"https:\/\/www.cefarm24.pl\/czytelnia\/zdrowie\/choroby-i-terapie\/anemia-przyczyny-objawy-i-leczenie-jakie-sa-skutki-nieleczonej-anemii\/#breadcrumb\"},\"inLanguage\":\"pl-PL\",\"potentialAction\":[{\"@type\":\"ReadAction\",\"target\":[\"https:\/\/www.cefarm24.pl\/czytelnia\/zdrowie\/choroby-i-terapie\/anemia-przyczyny-objawy-i-leczenie-jakie-sa-skutki-nieleczonej-anemii\/\"]}]},{\"@type\":\"ImageObject\",\"inLanguage\":\"pl-PL\",\"@id\":\"https:\/\/www.cefarm24.pl\/czytelnia\/zdrowie\/choroby-i-terapie\/anemia-przyczyny-objawy-i-leczenie-jakie-sa-skutki-nieleczonej-anemii\/#primaryimage\",\"url\":\"https:\/\/www.cefarm24.pl\/czytelnia\/wp-content\/uploads\/2021\/12\/anemia-e1639043183363.jpg\",\"contentUrl\":\"https:\/\/www.cefarm24.pl\/czytelnia\/wp-content\/uploads\/2021\/12\/anemia-e1639043183363.jpg\",\"width\":1500,\"height\":783,\"caption\":\"anemia\"},{\"@type\":\"BreadcrumbList\",\"@id\":\"https:\/\/www.cefarm24.pl\/czytelnia\/zdrowie\/choroby-i-terapie\/anemia-przyczyny-objawy-i-leczenie-jakie-sa-skutki-nieleczonej-anemii\/#breadcrumb\",\"itemListElement\":[{\"@type\":\"ListItem\",\"position\":1,\"name\":\"Strona g\u0142\u00f3wna\",\"item\":\"https:\/\/www.cefarm24.pl\/\"},{\"@type\":\"ListItem\",\"position\":2,\"name\":\"Czytelnia\",\"item\":\"https:\/\/www.cefarm24.pl\/czytelnia\/\"},{\"@type\":\"ListItem\",\"position\":3,\"name\":\"Zdrowie\",\"item\":\"https:\/\/www.cefarm24.pl\/czytelnia\/zdrowie\/\"},{\"@type\":\"ListItem\",\"position\":4,\"name\":\"Choroby i terapie\",\"item\":\"https:\/\/www.cefarm24.pl\/czytelnia\/zdrowie\/choroby-i-terapie\/\"},{\"@type\":\"ListItem\",\"position\":5,\"name\":\"Anemia \u2013 przyczyny, objawy i leczenie. Jakie s\u0105 skutki nieleczonej anemii?\"}]},{\"@type\":\"WebSite\",\"@id\":\"https:\/\/www.cefarm24.pl\/czytelnia\/#website\",\"url\":\"https:\/\/www.cefarm24.pl\/czytelnia\/\",\"name\":\"Czytelnia apteki Cefarm24\",\"description\":\"Porady zdrowotne, opisy chor\u00f3b, nowo\u015bci w ofercie lek\u00f3w i suplement\u00f3w. Czytaj i wiedz wi\u0119cej!\",\"publisher\":{\"@id\":\"https:\/\/www.cefarm24.pl\/czytelnia\/#organization\"},\"potentialAction\":[{\"@type\":\"SearchAction\",\"target\":{\"@type\":\"EntryPoint\",\"urlTemplate\":\"https:\/\/www.cefarm24.pl\/czytelnia\/?s={search_term_string}\"},\"query-input\":{\"@type\":\"PropertyValueSpecification\",\"valueRequired\":true,\"valueName\":\"search_term_string\"}}],\"inLanguage\":\"pl-PL\"},{\"@type\":\"Organization\",\"@id\":\"https:\/\/www.cefarm24.pl\/czytelnia\/#organization\",\"name\":\"Apteka Cefarm24\",\"url\":\"https:\/\/www.cefarm24.pl\/czytelnia\/\",\"logo\":{\"@type\":\"ImageObject\",\"inLanguage\":\"pl-PL\",\"@id\":\"https:\/\/www.cefarm24.pl\/czytelnia\/#\/schema\/logo\/image\/\",\"url\":\"https:\/\/www.cefarm24.pl\/czytelnia\/wp-content\/uploads\/2016\/04\/cefarm-logo.jpg\",\"contentUrl\":\"https:\/\/www.cefarm24.pl\/czytelnia\/wp-content\/uploads\/2016\/04\/cefarm-logo.jpg\",\"width\":310,\"height\":90,\"caption\":\"Apteka Cefarm24\"},\"image\":{\"@id\":\"https:\/\/www.cefarm24.pl\/czytelnia\/#\/schema\/logo\/image\/\"},\"sameAs\":[\"https:\/\/www.facebook.com\/cefarm24\/\"]},{\"@type\":\"Person\",\"@id\":\"https:\/\/www.cefarm24.pl\/czytelnia\/#\/schema\/person\/58bc3535b8df4030251392060439cc7e\",\"name\":\"A F\",\"image\":{\"@type\":\"ImageObject\",\"inLanguage\":\"pl-PL\",\"@id\":\"https:\/\/www.cefarm24.pl\/czytelnia\/#\/schema\/person\/image\/\",\"url\":\"https:\/\/secure.gravatar.com\/avatar\/348d7251e30dd20a2e62129287d8dd27?s=96&d=mm&r=g\",\"contentUrl\":\"https:\/\/secure.gravatar.com\/avatar\/348d7251e30dd20a2e62129287d8dd27?s=96&d=mm&r=g\",\"caption\":\"A F\"}}]}<\/script>\n<!-- \/ Yoast SEO plugin. -->","yoast_head_json":{"title":"Anemia \u2013 przyczyny, objawy i leczenie. Jakie s\u0105 skutki nieleczonej anemii?","description":"Anemia, inaczej nazywana niedokrwisto\u015bci\u0105, to stan chorobowy, w kt\u00f3rym liczba erytrocyt\u00f3w lub st\u0119\u017cenie hemoglobiny jest zaburzone. Dowiedz si\u0119 wi\u0119cej w naszym artykule, zapraszamy.","robots":{"index":"index","follow":"follow","max-snippet":"max-snippet:-1","max-image-preview":"max-image-preview:large","max-video-preview":"max-video-preview:-1"},"canonical":"https:\/\/www.cefarm24.pl\/czytelnia\/zdrowie\/choroby-i-terapie\/anemia-przyczyny-objawy-i-leczenie-jakie-sa-skutki-nieleczonej-anemii\/","twitter_misc":{"Napisane przez":"A F","Szacowany czas czytania":"13 minut"},"schema":{"@context":"https:\/\/schema.org","@graph":[{"@type":"Article","@id":"https:\/\/www.cefarm24.pl\/czytelnia\/zdrowie\/choroby-i-terapie\/anemia-przyczyny-objawy-i-leczenie-jakie-sa-skutki-nieleczonej-anemii\/#article","isPartOf":{"@id":"https:\/\/www.cefarm24.pl\/czytelnia\/zdrowie\/choroby-i-terapie\/anemia-przyczyny-objawy-i-leczenie-jakie-sa-skutki-nieleczonej-anemii\/"},"author":{"name":"A F","@id":"https:\/\/www.cefarm24.pl\/czytelnia\/#\/schema\/person\/58bc3535b8df4030251392060439cc7e"},"headline":"Anemia \u2013 przyczyny, objawy i leczenie. Jakie s\u0105 skutki nieleczonej anemii?","datePublished":"2024-12-03T12:41:00+00:00","dateModified":"2025-01-10T12:50:02+00:00","mainEntityOfPage":{"@id":"https:\/\/www.cefarm24.pl\/czytelnia\/zdrowie\/choroby-i-terapie\/anemia-przyczyny-objawy-i-leczenie-jakie-sa-skutki-nieleczonej-anemii\/"},"wordCount":2550,"publisher":{"@id":"https:\/\/www.cefarm24.pl\/czytelnia\/#organization"},"image":{"@id":"https:\/\/www.cefarm24.pl\/czytelnia\/zdrowie\/choroby-i-terapie\/anemia-przyczyny-objawy-i-leczenie-jakie-sa-skutki-nieleczonej-anemii\/#primaryimage"},"thumbnailUrl":"https:\/\/www.cefarm24.pl\/czytelnia\/wp-content\/uploads\/2021\/12\/anemia-e1639043183363.jpg","articleSection":["Choroby i terapie","Ci\u0105\u017ca","Zdrowie"],"inLanguage":"pl-PL"},{"@type":"WebPage","@id":"https:\/\/www.cefarm24.pl\/czytelnia\/zdrowie\/choroby-i-terapie\/anemia-przyczyny-objawy-i-leczenie-jakie-sa-skutki-nieleczonej-anemii\/","url":"https:\/\/www.cefarm24.pl\/czytelnia\/zdrowie\/choroby-i-terapie\/anemia-przyczyny-objawy-i-leczenie-jakie-sa-skutki-nieleczonej-anemii\/","name":"Anemia \u2013 przyczyny, objawy i leczenie. Jakie s\u0105 skutki nieleczonej anemii?","isPartOf":{"@id":"https:\/\/www.cefarm24.pl\/czytelnia\/#website"},"primaryImageOfPage":{"@id":"https:\/\/www.cefarm24.pl\/czytelnia\/zdrowie\/choroby-i-terapie\/anemia-przyczyny-objawy-i-leczenie-jakie-sa-skutki-nieleczonej-anemii\/#primaryimage"},"image":{"@id":"https:\/\/www.cefarm24.pl\/czytelnia\/zdrowie\/choroby-i-terapie\/anemia-przyczyny-objawy-i-leczenie-jakie-sa-skutki-nieleczonej-anemii\/#primaryimage"},"thumbnailUrl":"https:\/\/www.cefarm24.pl\/czytelnia\/wp-content\/uploads\/2021\/12\/anemia-e1639043183363.jpg","datePublished":"2024-12-03T12:41:00+00:00","dateModified":"2025-01-10T12:50:02+00:00","description":"Anemia, inaczej nazywana niedokrwisto\u015bci\u0105, to stan chorobowy, w kt\u00f3rym liczba erytrocyt\u00f3w lub st\u0119\u017cenie hemoglobiny jest zaburzone. Dowiedz si\u0119 wi\u0119cej w naszym artykule, zapraszamy.","breadcrumb":{"@id":"https:\/\/www.cefarm24.pl\/czytelnia\/zdrowie\/choroby-i-terapie\/anemia-przyczyny-objawy-i-leczenie-jakie-sa-skutki-nieleczonej-anemii\/#breadcrumb"},"inLanguage":"pl-PL","potentialAction":[{"@type":"ReadAction","target":["https:\/\/www.cefarm24.pl\/czytelnia\/zdrowie\/choroby-i-terapie\/anemia-przyczyny-objawy-i-leczenie-jakie-sa-skutki-nieleczonej-anemii\/"]}]},{"@type":"ImageObject","inLanguage":"pl-PL","@id":"https:\/\/www.cefarm24.pl\/czytelnia\/zdrowie\/choroby-i-terapie\/anemia-przyczyny-objawy-i-leczenie-jakie-sa-skutki-nieleczonej-anemii\/#primaryimage","url":"https:\/\/www.cefarm24.pl\/czytelnia\/wp-content\/uploads\/2021\/12\/anemia-e1639043183363.jpg","contentUrl":"https:\/\/www.cefarm24.pl\/czytelnia\/wp-content\/uploads\/2021\/12\/anemia-e1639043183363.jpg","width":1500,"height":783,"caption":"anemia"},{"@type":"BreadcrumbList","@id":"https:\/\/www.cefarm24.pl\/czytelnia\/zdrowie\/choroby-i-terapie\/anemia-przyczyny-objawy-i-leczenie-jakie-sa-skutki-nieleczonej-anemii\/#breadcrumb","itemListElement":[{"@type":"ListItem","position":1,"name":"Strona g\u0142\u00f3wna","item":"https:\/\/www.cefarm24.pl\/"},{"@type":"ListItem","position":2,"name":"Czytelnia","item":"https:\/\/www.cefarm24.pl\/czytelnia\/"},{"@type":"ListItem","position":3,"name":"Zdrowie","item":"https:\/\/www.cefarm24.pl\/czytelnia\/zdrowie\/"},{"@type":"ListItem","position":4,"name":"Choroby i terapie","item":"https:\/\/www.cefarm24.pl\/czytelnia\/zdrowie\/choroby-i-terapie\/"},{"@type":"ListItem","position":5,"name":"Anemia \u2013 przyczyny, objawy i leczenie. Jakie s\u0105 skutki nieleczonej anemii?"}]},{"@type":"WebSite","@id":"https:\/\/www.cefarm24.pl\/czytelnia\/#website","url":"https:\/\/www.cefarm24.pl\/czytelnia\/","name":"Czytelnia apteki Cefarm24","description":"Porady zdrowotne, opisy chor\u00f3b, nowo\u015bci w ofercie lek\u00f3w i suplement\u00f3w. Czytaj i wiedz wi\u0119cej!","publisher":{"@id":"https:\/\/www.cefarm24.pl\/czytelnia\/#organization"},"potentialAction":[{"@type":"SearchAction","target":{"@type":"EntryPoint","urlTemplate":"https:\/\/www.cefarm24.pl\/czytelnia\/?s={search_term_string}"},"query-input":{"@type":"PropertyValueSpecification","valueRequired":true,"valueName":"search_term_string"}}],"inLanguage":"pl-PL"},{"@type":"Organization","@id":"https:\/\/www.cefarm24.pl\/czytelnia\/#organization","name":"Apteka Cefarm24","url":"https:\/\/www.cefarm24.pl\/czytelnia\/","logo":{"@type":"ImageObject","inLanguage":"pl-PL","@id":"https:\/\/www.cefarm24.pl\/czytelnia\/#\/schema\/logo\/image\/","url":"https:\/\/www.cefarm24.pl\/czytelnia\/wp-content\/uploads\/2016\/04\/cefarm-logo.jpg","contentUrl":"https:\/\/www.cefarm24.pl\/czytelnia\/wp-content\/uploads\/2016\/04\/cefarm-logo.jpg","width":310,"height":90,"caption":"Apteka Cefarm24"},"image":{"@id":"https:\/\/www.cefarm24.pl\/czytelnia\/#\/schema\/logo\/image\/"},"sameAs":["https:\/\/www.facebook.com\/cefarm24\/"]},{"@type":"Person","@id":"https:\/\/www.cefarm24.pl\/czytelnia\/#\/schema\/person\/58bc3535b8df4030251392060439cc7e","name":"A F","image":{"@type":"ImageObject","inLanguage":"pl-PL","@id":"https:\/\/www.cefarm24.pl\/czytelnia\/#\/schema\/person\/image\/","url":"https:\/\/secure.gravatar.com\/avatar\/348d7251e30dd20a2e62129287d8dd27?s=96&d=mm&r=g","contentUrl":"https:\/\/secure.gravatar.com\/avatar\/348d7251e30dd20a2e62129287d8dd27?s=96&d=mm&r=g","caption":"A F"}}]}},"_links":{"self":[{"href":"https:\/\/www.cefarm24.pl\/czytelnia\/wp-json\/wp\/v2\/posts\/7916","targetHints":{"allow":["GET"]}}],"collection":[{"href":"https:\/\/www.cefarm24.pl\/czytelnia\/wp-json\/wp\/v2\/posts"}],"about":[{"href":"https:\/\/www.cefarm24.pl\/czytelnia\/wp-json\/wp\/v2\/types\/post"}],"author":[{"embeddable":true,"href":"https:\/\/www.cefarm24.pl\/czytelnia\/wp-json\/wp\/v2\/users\/3"}],"replies":[{"embeddable":true,"href":"https:\/\/www.cefarm24.pl\/czytelnia\/wp-json\/wp\/v2\/comments?post=7916"}],"version-history":[{"count":11,"href":"https:\/\/www.cefarm24.pl\/czytelnia\/wp-json\/wp\/v2\/posts\/7916\/revisions"}],"predecessor-version":[{"id":10906,"href":"https:\/\/www.cefarm24.pl\/czytelnia\/wp-json\/wp\/v2\/posts\/7916\/revisions\/10906"}],"wp:featuredmedia":[{"embeddable":true,"href":"https:\/\/www.cefarm24.pl\/czytelnia\/wp-json\/wp\/v2\/media\/7919"}],"wp:attachment":[{"href":"https:\/\/www.cefarm24.pl\/czytelnia\/wp-json\/wp\/v2\/media?parent=7916"}],"wp:term":[{"taxonomy":"category","embeddable":true,"href":"https:\/\/www.cefarm24.pl\/czytelnia\/wp-json\/wp\/v2\/categories?post=7916"},{"taxonomy":"post_tag","embeddable":true,"href":"https:\/\/www.cefarm24.pl\/czytelnia\/wp-json\/wp\/v2\/tags?post=7916"}],"curies":[{"name":"wp","href":"https:\/\/api.w.org\/{rel}","templated":true}]}}