{"id":7642,"date":"2021-10-26T09:31:47","date_gmt":"2021-10-26T07:31:47","guid":{"rendered":"https:\/\/www.cefarm24.pl\/czytelnia\/?p=7642"},"modified":"2025-01-12T10:02:44","modified_gmt":"2025-01-12T09:02:44","slug":"bol-glowy-od-okularow-czy-glowa-moze-bolec-od-wady-wzroku","status":"publish","type":"post","link":"https:\/\/www.cefarm24.pl\/czytelnia\/przeziebienia-i-bol\/bol-glowy-od-okularow-czy-glowa-moze-bolec-od-wady-wzroku\/","title":{"rendered":"B\u00f3l g\u0142owy od okular\u00f3w &#8211; czy g\u0142owa mo\u017ce bole\u0107 od wady wzroku?"},"content":{"rendered":"\n<p>B\u00f3l g\u0142owy jest jedn\u0105 z najpowszechniejszych dolegliwo\u015bci, z kt\u00f3r\u0105 ka\u017cdego dnia zmagaj\u0105 si\u0119 miliony os\u00f3b na ca\u0142ym \u015bwiecie. Powod\u00f3w pulsowania w skroniach lub t\u0119pego ucisku z ty\u0142u g\u0142owy jest wiele \u2013 pocz\u0105wszy od nadmiernego stresu lub zmiany pogody, a\u017c po schorzenia okulistyczne i niebezpieczne zmiany w obr\u0119bie narz\u0105du wzroku. <strong>Jak objawia si\u0119 b\u00f3l g\u0142owy w chorobach oczu i czy od okular\u00f3w mo\u017ce bole\u0107 g\u0142owa?<\/strong><\/p>\n\n\n\n<h2 class=\"wp-block-heading\"><strong>B\u00f3l g\u0142owy a problemy ze wzrokiem<\/strong><\/h2><div class=\"article-box-container inside-article-box-container\"><div class=\"article-box-image-container\">\r\n                    <img decoding=\"async\" src=\"https:\/\/www.cefarm24.pl\/czytelnia\/wp-content\/uploads\/2021\/11\/zawroty-glowy-objawy-rodzaje-e1636104891171.jpg\" alt=\"Preparaty na b\u00f3l g\u0142owy i gor\u0105czk\u0119\" class=\"img-responsive\" \/>\r\n                <\/div><div class=\"article-box-content-container\">\r\n                    <p class=\"article-box-title\">Preparaty na b\u00f3l g\u0142owy i gor\u0105czk\u0119<\/p>\r\n                <div class=\"article-box-description\"><\/div><div class=\"article-box-buttons\"><div class=\"article-box-button\"><a href=\"https:\/\/www.cefarm24.pl\/bol-i-goraczka.html\" target=\"_blank\" class=\"btn btn-article-box\">B\u00f3l i gor\u0105czka<\/a><\/div><div class=\"article-box-button\"><a href=\"https:\/\/www.cefarm24.pl\/uspokajajace.html\" target=\"_blank\" class=\"btn btn-article-box\">Uspokojenie<\/a><\/div><\/div><\/div><\/div>\n\n\n\n<p>Ka\u017cdy z nas przynajmniej raz w \u017cyciu zmaga\u0142 si\u0119 z <strong><a href=\"https:\/\/www.cefarm24.pl\/czytelnia\/zdrowie\/bol-z-tylu-glowy-napieciowy-bol-glowy-przyczyny-i-leczenie\/\">napi\u0119ciowym b\u00f3lem z ty\u0142u g\u0142owy<\/a><\/strong>. To nieprzyjemne uczucie mo\u017cna opisa\u0107 jako mocny ucisk na g\u0142owie, kt\u00f3ry wr\u0119cz uniemo\u017cliwia nam codzienne funkcjonowanie. Podobnie jak <a href=\"https:\/\/www.cefarm24.pl\/czytelnia\/zdrowie\/choroby-i-terapie\/dokucza-migrena-sprawdz-ja-zlagodzic\/\">migrena<\/a>, napi\u0119ciowy b\u00f3l g\u0142owy mo\u017ce by\u0107 powodowany przez nadmierny stres, jak r\u00f3wnie\u017c przez rozw\u00f3j r\u00f3\u017cnego rodzaju schorze\u0144, zaburze\u0144 og\u00f3lnoustrojowych czy te\u017c infekcji. <strong>W\u015br\u00f3d przyczyn tej przypad\u0142o\u015bci mo\u017cemy znale\u017a\u0107 tak\u017ce<\/strong> <strong>przem\u0119czenie oczu b\u0119d\u0105ce efektem d\u0142ugotrwa\u0142ej pracy przed komputerem, czytania ksi\u0105\u017cek czy te\u017c ogl\u0105dania telewizji<\/strong>.<\/p>\n\n\n\n<p>Jak wiadomo, b\u00f3l g\u0142owy powstaje w wyniku podra\u017cnienia pewnych struktur anatomicznych w naszym organizmie, w tym m.in. nerwu czaszkowego, naczy\u0144 krwiono\u015bnych czy te\u017c mi\u0119\u015bni. <strong>Je\u015bli dolegliwo\u015bci b\u00f3lowe pojawiaj\u0105 si\u0119 na skutek chor\u00f3b oczu, ich przyczyn\u0105 jest najcz\u0119\u015bciej wzrost ci\u015bnienia w ga\u0142ce ocznej lub te\u017c stan zapalny rozwijaj\u0105cy si\u0119 w obr\u0119bie narz\u0105du wzroku.<\/strong> <strong>Objawami wsp\u00f3\u0142towarzysz\u0105cymi tej przypad\u0142o\u015bci mog\u0105 by\u0107 w\u00f3wczas tak\u017ce:<\/strong><\/p>\n\n\n\n<ul class=\"wp-block-list\">\n<li>zaburzenia widzenia;<\/li>\n\n\n\n<li>\u0142zawienie oczu;<\/li>\n\n\n\n<li>uczucie uciskania skroni, czo\u0142a oraz potylicy.<\/li>\n<\/ul>\n\n\n\n<h2 class=\"wp-block-heading\"><strong>Wada wzroku a b\u00f3l g\u0142owy<\/strong><\/h2>\n\n\n\n<p>Czynnikiem, kt\u00f3ry mo\u017ce mie\u0107 du\u017cy wp\u0142yw na powstanie b\u00f3lu g\u0142owy i oczu, s\u0105 <strong>zaburzenia akomodacji, czyli utrudniony proces dostosowania oka do ogl\u0105dania obiekt\u00f3w po\u0142o\u017conych w r\u00f3\u017cnych odleg\u0142o\u015bciach.<\/strong> Zaburzenia te mog\u0105 mie\u0107 zwi\u0105zek z wadami wzroku, kt\u00f3re wynikaj\u0105 zar\u00f3wno z problem\u00f3w z nastawno\u015bci\u0105 oka, jak r\u00f3wnie\u017c ze zmian wielko\u015bci ga\u0142ki ocznej lub braku przejrzysto\u015bci rog\u00f3wki czy te\u017c soczewki. Wadami wzroku, z kt\u00f3rymi spotykamy si\u0119 najcz\u0119\u015bciej, s\u0105 <a href=\"https:\/\/www.cefarm24.pl\/czytelnia\/zdrowie\/choroby-i-terapie\/dalekowzrocznosc-jak-leczyc\/\">dalekowzroczno\u015b\u0107<\/a> i <a href=\"https:\/\/www.cefarm24.pl\/czytelnia\/zdrowie\/choroby-i-terapie\/jak-leczyc-krotkowzrocznosc\/\">kr\u00f3tkowzroczno\u015b\u0107<\/a>, a w niekt\u00f3rych przypadkach tak\u017ce <a href=\"https:\/\/www.cefarm24.pl\/czytelnia\/zdrowie\/choroby-i-terapie\/astygmatyzm-przyczyny-i-sposoby-leczenia\/\">astygmatyzm<\/a>.<\/p>\n\n\n\n<p><strong>Czy g\u0142owa mo\u017ce bole\u0107 od wady wzroku?<\/strong> Tak, jest to dolegliwo\u015b\u0107, kt\u00f3r\u0105 mo\u017ce powodowa\u0107 nieskorygowana lub nieprawid\u0142owo korygowana wada wzroku, czyli:<\/p>\n\n\n\n<ul class=\"wp-block-list\">\n<li>zastosowanie zbyt silnych szkie\u0142 koryguj\u0105cych u os\u00f3b z kr\u00f3tkowzroczno\u015bci\u0105;<\/li>\n\n\n\n<li>niewyr\u00f3wnana dalekowzroczno\u015b\u0107 lub astygmatyzm nadwzroczny;<\/li>\n\n\n\n<li>niewyr\u00f3wnana starczowzroczno\u015b\u0107;<\/li>\n\n\n\n<li>z\u0142e osadzenie szkie\u0142 korekcyjnych, w kt\u00f3rych przesuni\u0119cie ogniska przyczynia si\u0119 do powstania efektu pryzmatycznego.<\/li>\n<\/ul>\n\n\n\n<p>Warto zaznaczy\u0107, \u017ce objawy zwi\u0105zane z b\u00f3lem g\u0142owy od okular\u00f3w nie pojawiaj\u0105 si\u0119 raczej tu\u017c po przebudzeniu. W ci\u0105gu dnia mo\u017cemy odczu\u0107, jak przybieraj\u0105 one na sile i przyjmuj\u0105 posta\u0107 t\u0119pego b\u00f3lu o s\u0142abym lub \u015brednim nasileniu. Co wa\u017cne, <strong>b\u00f3l g\u0142owy cz\u0119sto nawraca po czasie sp\u0119dzonym przed ekranem komputera i odczuwany jest w\u00f3wczas nad oczodo\u0142ami, w okolicy czo\u0142owej<\/strong> (dotyczy to w szczeg\u00f3lno\u015bci nieskorygowanej dalekowzroczno\u015bci). Osoby, kt\u00f3re zmagaj\u0105 si\u0119 z t\u0105 przypad\u0142o\u015bci\u0105, zaznaczaj\u0105, \u017ce b\u00f3l g\u0142owy pojawia si\u0119 u nich regularnie, a dolegliwo\u015bciom towarzyszy specyficzne <strong>uczucie \u201eci\u0119\u017ckiej g\u0142owy\u201d<\/strong>, a tak\u017ce <strong>pieczenie i \u0142zawienie oczu<\/strong>.<\/p>\n\n\n\n<h2 class=\"wp-block-heading\"><strong>B\u00f3l g\u0142owy w chorobach oczu<\/strong><\/h2>\n\n\n\n<p><strong>B\u00f3l g\u0142owy to charakterystyczny objaw, kt\u00f3ry towarzyszy\u0107 mo\u017ce r\u00f3wnie\u017c takim schorzeniom w obr\u0119bie narz\u0105du wzroku jak:<\/strong><\/p>\n\n\n\n<ul class=\"wp-block-list\">\n<li><strong><a href=\"https:\/\/www.cefarm24.pl\/czytelnia\/zdrowie\/choroby-i-terapie\/jaskrawy-problem\/\">jaskra<\/a><\/strong> (w tym tzw. jaskra w\u0105skiego k\u0105ta), podczas kt\u00f3rej pojawia si\u0119 g\u0142\u00f3wnie nadwra\u017cliwo\u015b\u0107 na \u015bwiat\u0142o, silny b\u00f3l ga\u0142ki ocznej, nudno\u015bci oraz wymioty;<\/li>\n\n\n\n<li><strong>p\u00f3\u0142pasiec oczny<\/strong>;<\/li>\n\n\n\n<li><strong>zapalenie rog\u00f3wki, t\u0119cz\u00f3wki, tward\u00f3wki lub cia\u0142a rz\u0119skowego<\/strong>;<\/li>\n\n\n\n<li><strong>zapalenie nerwu wzrokowego, kt\u00f3re mo\u017ce objawia\u0107 si\u0119 upo\u015bledzeniem wzroku, w tym przede wszystkim widzenia centralnego oraz barw<\/strong>;<\/li>\n\n\n\n<li><strong>astenopatia<\/strong>, czyli dyskomfort zwi\u0105zany z prac\u0105 wzroku, pojawiaj\u0105cy si\u0119 podczas pracy przy nieprawid\u0142owym o\u015bwietleniu lub d\u0142ugotrwa\u0142ej pracy przed komputerem;<\/li>\n\n\n\n<li><strong>heteroforia<\/strong> \u2013 zez ukryty (g\u0142\u00f3wnie zez rozbie\u017cny) \u2013 osoby, kt\u00f3re maj\u0105 zeza, musz\u0105 bardzo wysila\u0107 oczy, aby otrzyma\u0107 je w prawid\u0142owej pozycji, co pozwala im na prawid\u0142owe widzenie, jednak mo\u017ce powodowa\u0107 b\u00f3l g\u0142owy;<\/li>\n\n\n\n<li><strong>zesp\u00f3\u0142 Tolosy-Hunta<\/strong>;<\/li>\n\n\n\n<li><strong>oftalmodynia<\/strong> \u2013 kr\u00f3tkotrwa\u0142e, napadowe b\u00f3le oczu i oczodo\u0142\u00f3w bez konkretnej przyczyny.<\/li>\n<\/ul>\n\n\n\n<p>Warto r\u00f3wnie\u017c doda\u0107, \u017ce <strong>b\u00f3l g\u0142owy, kt\u00f3ry pojawia si\u0119 w przebiegu chor\u00f3b oczu, mo\u017ce mie\u0107 zwi\u0105zek z przyjmowaniem wybranych grup lekarstw, np. z tych, kt\u00f3re zawieraj\u0105 pilokarpin\u0119<\/strong>. Preparaty lecznicze na bazie tego alkaloidu stosowane s\u0105 miejscowo do oczu w celu obni\u017cenia ci\u015bnienia wewn\u0105trzga\u0142kowego, jednak mog\u0105 one powodowa\u0107 liczne dzia\u0142ania niepo\u017c\u0105dane, takie jak b\u00f3le i g\u0142owy, zawroty g\u0142owy czy te\u017c \u015bwiat\u0142owstr\u0119t.<\/p>\n\n\n\n<h2 class=\"wp-block-heading\"><strong>B\u00f3l g\u0142owy od okular\u00f3w \u2013 jak leczy\u0107?<\/strong><\/h2>\n\n\n\n<p><strong>Je\u017celi po d\u0142ugotrwa\u0142ym czytaniu lub pracy z komputerem odczuwamy charakterystyczny b\u00f3l g\u0142owy, b\u00f3l oczu w okolicach oczodo\u0142\u00f3w, podw\u00f3jne widzenie lub tymczasowe rozmazywanie si\u0119 obrazu, mo\u017ce to \u015bwiadczy\u0107 o problemach ze wzrokiem<\/strong>. W takiej sytuacji zaleca si\u0119 zwr\u00f3ci\u0107 o porad\u0119 do lekarza okulisty, kt\u00f3ry przeprowadza wywiad z pacjentem i na podstawie uzyskanych informacji okre\u015bla przyczyn\u0119 dolegliwo\u015bci lub zleca wykonanie dodatkowych bada\u0144.<\/p>\n\n\n\n<p>Je\u017celi przyczyn\u0105 b\u00f3lu g\u0142owy s\u0105 <strong>zaburzenia akomodacji i nieskorygowana (lub nieprawid\u0142owo korygowana) wada wzroku<\/strong>, konieczne jest przeprowadzenie dok\u0142adnego badania wzroku u okulisty lub optometrysty, kt\u00f3ry okre\u015bli w ten spos\u00f3b, jak\u0105 mamy wad\u0119 wzroku i pomo\u017ce w prawid\u0142owym doborze okular\u00f3w lub soczewek kontaktowych.<\/p>\n\n\n\n<p><strong>Autor artyku\u0142u: tech. farmaceutyczny Monika K\u0119dzierska<\/strong><\/p>\n","protected":false},"excerpt":{"rendered":"<p>B\u00f3l g\u0142owy jest jedn\u0105 z najpowszechniejszych dolegliwo\u015bci, z kt\u00f3r\u0105 ka\u017cdego dnia zmagaj\u0105 si\u0119 miliony os\u00f3b na ca\u0142ym \u015bwiecie. Powod\u00f3w pulsowania w skroniach lub t\u0119pego ucisku z ty\u0142u g\u0142owy jest wiele \u2013 pocz\u0105wszy od nadmiernego stresu lub zmiany pogody, a\u017c po schorzenia okulistyczne i niebezpieczne zmiany w obr\u0119bie narz\u0105du wzroku. Jak objawia si\u0119 b\u00f3l g\u0142owy w [&hellip;]<\/p>\n","protected":false},"author":3,"featured_media":7545,"comment_status":"closed","ping_status":"closed","sticky":false,"template":"","format":"standard","meta":{"_acf_changed":false,"footnotes":""},"categories":[3,7],"tags":[],"class_list":["post-7642","post","type-post","status-publish","format-standard","has-post-thumbnail","hentry","category-porady-okolozdrowotne","category-przeziebienia-i-bol"],"acf":[],"yoast_head":"<!-- This site is optimized with the Yoast SEO plugin v24.6 - https:\/\/yoast.com\/wordpress\/plugins\/seo\/ -->\n<title>B\u00f3l g\u0142owy od okular\u00f3w - czy g\u0142owa mo\u017ce bole\u0107 od wady wzroku?<\/title>\n<meta name=\"description\" content=\"B\u00f3l g\u0142owy jest jedn\u0105 z najpowszechniejszych dolegliwo\u015bci. Jak objawia si\u0119 b\u00f3l g\u0142owy w chorobach oczu i czy od okular\u00f3w mo\u017ce bole\u0107 g\u0142owa?\" \/>\n<meta name=\"robots\" content=\"index, follow, max-snippet:-1, max-image-preview:large, max-video-preview:-1\" \/>\n<link rel=\"canonical\" href=\"https:\/\/www.cefarm24.pl\/czytelnia\/przeziebienia-i-bol\/bol-glowy-od-okularow-czy-glowa-moze-bolec-od-wady-wzroku\/\" \/>\n<meta name=\"twitter:label1\" content=\"Napisane przez\" \/>\n\t<meta name=\"twitter:data1\" content=\"A F\" \/>\n\t<meta name=\"twitter:label2\" content=\"Szacowany czas czytania\" \/>\n\t<meta name=\"twitter:data2\" content=\"5 minut\" \/>\n<script type=\"application\/ld+json\" class=\"yoast-schema-graph\">{\"@context\":\"https:\/\/schema.org\",\"@graph\":[{\"@type\":\"Article\",\"@id\":\"https:\/\/www.cefarm24.pl\/czytelnia\/przeziebienia-i-bol\/bol-glowy-od-okularow-czy-glowa-moze-bolec-od-wady-wzroku\/#article\",\"isPartOf\":{\"@id\":\"https:\/\/www.cefarm24.pl\/czytelnia\/przeziebienia-i-bol\/bol-glowy-od-okularow-czy-glowa-moze-bolec-od-wady-wzroku\/\"},\"author\":{\"name\":\"A F\",\"@id\":\"https:\/\/www.cefarm24.pl\/czytelnia\/#\/schema\/person\/58bc3535b8df4030251392060439cc7e\"},\"headline\":\"B\u00f3l g\u0142owy od okular\u00f3w &#8211; czy g\u0142owa mo\u017ce bole\u0107 od wady wzroku?\",\"datePublished\":\"2021-10-26T07:31:47+00:00\",\"dateModified\":\"2025-01-12T09:02:44+00:00\",\"mainEntityOfPage\":{\"@id\":\"https:\/\/www.cefarm24.pl\/czytelnia\/przeziebienia-i-bol\/bol-glowy-od-okularow-czy-glowa-moze-bolec-od-wady-wzroku\/\"},\"wordCount\":1002,\"publisher\":{\"@id\":\"https:\/\/www.cefarm24.pl\/czytelnia\/#organization\"},\"image\":{\"@id\":\"https:\/\/www.cefarm24.pl\/czytelnia\/przeziebienia-i-bol\/bol-glowy-od-okularow-czy-glowa-moze-bolec-od-wady-wzroku\/#primaryimage\"},\"thumbnailUrl\":\"https:\/\/www.cefarm24.pl\/czytelnia\/wp-content\/uploads\/2021\/10\/bol-glowy-od-okularow-e1635233286813.jpg\",\"articleSection\":[\"Porady oko\u0142ozdrowotne\",\"Przezi\u0119bienia i b\u00f3l\"],\"inLanguage\":\"pl-PL\"},{\"@type\":\"WebPage\",\"@id\":\"https:\/\/www.cefarm24.pl\/czytelnia\/przeziebienia-i-bol\/bol-glowy-od-okularow-czy-glowa-moze-bolec-od-wady-wzroku\/\",\"url\":\"https:\/\/www.cefarm24.pl\/czytelnia\/przeziebienia-i-bol\/bol-glowy-od-okularow-czy-glowa-moze-bolec-od-wady-wzroku\/\",\"name\":\"B\u00f3l g\u0142owy od okular\u00f3w - czy g\u0142owa mo\u017ce bole\u0107 od wady wzroku?\",\"isPartOf\":{\"@id\":\"https:\/\/www.cefarm24.pl\/czytelnia\/#website\"},\"primaryImageOfPage\":{\"@id\":\"https:\/\/www.cefarm24.pl\/czytelnia\/przeziebienia-i-bol\/bol-glowy-od-okularow-czy-glowa-moze-bolec-od-wady-wzroku\/#primaryimage\"},\"image\":{\"@id\":\"https:\/\/www.cefarm24.pl\/czytelnia\/przeziebienia-i-bol\/bol-glowy-od-okularow-czy-glowa-moze-bolec-od-wady-wzroku\/#primaryimage\"},\"thumbnailUrl\":\"https:\/\/www.cefarm24.pl\/czytelnia\/wp-content\/uploads\/2021\/10\/bol-glowy-od-okularow-e1635233286813.jpg\",\"datePublished\":\"2021-10-26T07:31:47+00:00\",\"dateModified\":\"2025-01-12T09:02:44+00:00\",\"description\":\"B\u00f3l g\u0142owy jest jedn\u0105 z najpowszechniejszych dolegliwo\u015bci. Jak objawia si\u0119 b\u00f3l g\u0142owy w chorobach oczu i czy od okular\u00f3w mo\u017ce bole\u0107 g\u0142owa?\",\"breadcrumb\":{\"@id\":\"https:\/\/www.cefarm24.pl\/czytelnia\/przeziebienia-i-bol\/bol-glowy-od-okularow-czy-glowa-moze-bolec-od-wady-wzroku\/#breadcrumb\"},\"inLanguage\":\"pl-PL\",\"potentialAction\":[{\"@type\":\"ReadAction\",\"target\":[\"https:\/\/www.cefarm24.pl\/czytelnia\/przeziebienia-i-bol\/bol-glowy-od-okularow-czy-glowa-moze-bolec-od-wady-wzroku\/\"]}]},{\"@type\":\"ImageObject\",\"inLanguage\":\"pl-PL\",\"@id\":\"https:\/\/www.cefarm24.pl\/czytelnia\/przeziebienia-i-bol\/bol-glowy-od-okularow-czy-glowa-moze-bolec-od-wady-wzroku\/#primaryimage\",\"url\":\"https:\/\/www.cefarm24.pl\/czytelnia\/wp-content\/uploads\/2021\/10\/bol-glowy-od-okularow-e1635233286813.jpg\",\"contentUrl\":\"https:\/\/www.cefarm24.pl\/czytelnia\/wp-content\/uploads\/2021\/10\/bol-glowy-od-okularow-e1635233286813.jpg\",\"width\":1500,\"height\":787,\"caption\":\"Leki refundowane\"},{\"@type\":\"BreadcrumbList\",\"@id\":\"https:\/\/www.cefarm24.pl\/czytelnia\/przeziebienia-i-bol\/bol-glowy-od-okularow-czy-glowa-moze-bolec-od-wady-wzroku\/#breadcrumb\",\"itemListElement\":[{\"@type\":\"ListItem\",\"position\":1,\"name\":\"Strona g\u0142\u00f3wna\",\"item\":\"https:\/\/www.cefarm24.pl\/\"},{\"@type\":\"ListItem\",\"position\":2,\"name\":\"Czytelnia\",\"item\":\"https:\/\/www.cefarm24.pl\/czytelnia\/\"},{\"@type\":\"ListItem\",\"position\":3,\"name\":\"Przezi\u0119bienia i b\u00f3l\",\"item\":\"https:\/\/www.cefarm24.pl\/czytelnia\/przeziebienia-i-bol\/\"},{\"@type\":\"ListItem\",\"position\":4,\"name\":\"B\u00f3l g\u0142owy od okular\u00f3w &#8211; czy g\u0142owa mo\u017ce bole\u0107 od wady wzroku?\"}]},{\"@type\":\"WebSite\",\"@id\":\"https:\/\/www.cefarm24.pl\/czytelnia\/#website\",\"url\":\"https:\/\/www.cefarm24.pl\/czytelnia\/\",\"name\":\"Czytelnia apteki Cefarm24\",\"description\":\"Porady zdrowotne, opisy chor\u00f3b, nowo\u015bci w ofercie lek\u00f3w i suplement\u00f3w. Czytaj i wiedz wi\u0119cej!\",\"publisher\":{\"@id\":\"https:\/\/www.cefarm24.pl\/czytelnia\/#organization\"},\"potentialAction\":[{\"@type\":\"SearchAction\",\"target\":{\"@type\":\"EntryPoint\",\"urlTemplate\":\"https:\/\/www.cefarm24.pl\/czytelnia\/?s={search_term_string}\"},\"query-input\":{\"@type\":\"PropertyValueSpecification\",\"valueRequired\":true,\"valueName\":\"search_term_string\"}}],\"inLanguage\":\"pl-PL\"},{\"@type\":\"Organization\",\"@id\":\"https:\/\/www.cefarm24.pl\/czytelnia\/#organization\",\"name\":\"Apteka Cefarm24\",\"url\":\"https:\/\/www.cefarm24.pl\/czytelnia\/\",\"logo\":{\"@type\":\"ImageObject\",\"inLanguage\":\"pl-PL\",\"@id\":\"https:\/\/www.cefarm24.pl\/czytelnia\/#\/schema\/logo\/image\/\",\"url\":\"https:\/\/www.cefarm24.pl\/czytelnia\/wp-content\/uploads\/2016\/04\/cefarm-logo.jpg\",\"contentUrl\":\"https:\/\/www.cefarm24.pl\/czytelnia\/wp-content\/uploads\/2016\/04\/cefarm-logo.jpg\",\"width\":310,\"height\":90,\"caption\":\"Apteka Cefarm24\"},\"image\":{\"@id\":\"https:\/\/www.cefarm24.pl\/czytelnia\/#\/schema\/logo\/image\/\"},\"sameAs\":[\"https:\/\/www.facebook.com\/cefarm24\/\"]},{\"@type\":\"Person\",\"@id\":\"https:\/\/www.cefarm24.pl\/czytelnia\/#\/schema\/person\/58bc3535b8df4030251392060439cc7e\",\"name\":\"A F\",\"image\":{\"@type\":\"ImageObject\",\"inLanguage\":\"pl-PL\",\"@id\":\"https:\/\/www.cefarm24.pl\/czytelnia\/#\/schema\/person\/image\/\",\"url\":\"https:\/\/secure.gravatar.com\/avatar\/348d7251e30dd20a2e62129287d8dd27?s=96&d=mm&r=g\",\"contentUrl\":\"https:\/\/secure.gravatar.com\/avatar\/348d7251e30dd20a2e62129287d8dd27?s=96&d=mm&r=g\",\"caption\":\"A F\"}}]}<\/script>\n<!-- \/ Yoast SEO plugin. -->","yoast_head_json":{"title":"B\u00f3l g\u0142owy od okular\u00f3w - czy g\u0142owa mo\u017ce bole\u0107 od wady wzroku?","description":"B\u00f3l g\u0142owy jest jedn\u0105 z najpowszechniejszych dolegliwo\u015bci. Jak objawia si\u0119 b\u00f3l g\u0142owy w chorobach oczu i czy od okular\u00f3w mo\u017ce bole\u0107 g\u0142owa?","robots":{"index":"index","follow":"follow","max-snippet":"max-snippet:-1","max-image-preview":"max-image-preview:large","max-video-preview":"max-video-preview:-1"},"canonical":"https:\/\/www.cefarm24.pl\/czytelnia\/przeziebienia-i-bol\/bol-glowy-od-okularow-czy-glowa-moze-bolec-od-wady-wzroku\/","twitter_misc":{"Napisane przez":"A F","Szacowany czas czytania":"5 minut"},"schema":{"@context":"https:\/\/schema.org","@graph":[{"@type":"Article","@id":"https:\/\/www.cefarm24.pl\/czytelnia\/przeziebienia-i-bol\/bol-glowy-od-okularow-czy-glowa-moze-bolec-od-wady-wzroku\/#article","isPartOf":{"@id":"https:\/\/www.cefarm24.pl\/czytelnia\/przeziebienia-i-bol\/bol-glowy-od-okularow-czy-glowa-moze-bolec-od-wady-wzroku\/"},"author":{"name":"A F","@id":"https:\/\/www.cefarm24.pl\/czytelnia\/#\/schema\/person\/58bc3535b8df4030251392060439cc7e"},"headline":"B\u00f3l g\u0142owy od okular\u00f3w &#8211; czy g\u0142owa mo\u017ce bole\u0107 od wady wzroku?","datePublished":"2021-10-26T07:31:47+00:00","dateModified":"2025-01-12T09:02:44+00:00","mainEntityOfPage":{"@id":"https:\/\/www.cefarm24.pl\/czytelnia\/przeziebienia-i-bol\/bol-glowy-od-okularow-czy-glowa-moze-bolec-od-wady-wzroku\/"},"wordCount":1002,"publisher":{"@id":"https:\/\/www.cefarm24.pl\/czytelnia\/#organization"},"image":{"@id":"https:\/\/www.cefarm24.pl\/czytelnia\/przeziebienia-i-bol\/bol-glowy-od-okularow-czy-glowa-moze-bolec-od-wady-wzroku\/#primaryimage"},"thumbnailUrl":"https:\/\/www.cefarm24.pl\/czytelnia\/wp-content\/uploads\/2021\/10\/bol-glowy-od-okularow-e1635233286813.jpg","articleSection":["Porady oko\u0142ozdrowotne","Przezi\u0119bienia i b\u00f3l"],"inLanguage":"pl-PL"},{"@type":"WebPage","@id":"https:\/\/www.cefarm24.pl\/czytelnia\/przeziebienia-i-bol\/bol-glowy-od-okularow-czy-glowa-moze-bolec-od-wady-wzroku\/","url":"https:\/\/www.cefarm24.pl\/czytelnia\/przeziebienia-i-bol\/bol-glowy-od-okularow-czy-glowa-moze-bolec-od-wady-wzroku\/","name":"B\u00f3l g\u0142owy od okular\u00f3w - czy g\u0142owa mo\u017ce bole\u0107 od wady wzroku?","isPartOf":{"@id":"https:\/\/www.cefarm24.pl\/czytelnia\/#website"},"primaryImageOfPage":{"@id":"https:\/\/www.cefarm24.pl\/czytelnia\/przeziebienia-i-bol\/bol-glowy-od-okularow-czy-glowa-moze-bolec-od-wady-wzroku\/#primaryimage"},"image":{"@id":"https:\/\/www.cefarm24.pl\/czytelnia\/przeziebienia-i-bol\/bol-glowy-od-okularow-czy-glowa-moze-bolec-od-wady-wzroku\/#primaryimage"},"thumbnailUrl":"https:\/\/www.cefarm24.pl\/czytelnia\/wp-content\/uploads\/2021\/10\/bol-glowy-od-okularow-e1635233286813.jpg","datePublished":"2021-10-26T07:31:47+00:00","dateModified":"2025-01-12T09:02:44+00:00","description":"B\u00f3l g\u0142owy jest jedn\u0105 z najpowszechniejszych dolegliwo\u015bci. Jak objawia si\u0119 b\u00f3l g\u0142owy w chorobach oczu i czy od okular\u00f3w mo\u017ce bole\u0107 g\u0142owa?","breadcrumb":{"@id":"https:\/\/www.cefarm24.pl\/czytelnia\/przeziebienia-i-bol\/bol-glowy-od-okularow-czy-glowa-moze-bolec-od-wady-wzroku\/#breadcrumb"},"inLanguage":"pl-PL","potentialAction":[{"@type":"ReadAction","target":["https:\/\/www.cefarm24.pl\/czytelnia\/przeziebienia-i-bol\/bol-glowy-od-okularow-czy-glowa-moze-bolec-od-wady-wzroku\/"]}]},{"@type":"ImageObject","inLanguage":"pl-PL","@id":"https:\/\/www.cefarm24.pl\/czytelnia\/przeziebienia-i-bol\/bol-glowy-od-okularow-czy-glowa-moze-bolec-od-wady-wzroku\/#primaryimage","url":"https:\/\/www.cefarm24.pl\/czytelnia\/wp-content\/uploads\/2021\/10\/bol-glowy-od-okularow-e1635233286813.jpg","contentUrl":"https:\/\/www.cefarm24.pl\/czytelnia\/wp-content\/uploads\/2021\/10\/bol-glowy-od-okularow-e1635233286813.jpg","width":1500,"height":787,"caption":"Leki refundowane"},{"@type":"BreadcrumbList","@id":"https:\/\/www.cefarm24.pl\/czytelnia\/przeziebienia-i-bol\/bol-glowy-od-okularow-czy-glowa-moze-bolec-od-wady-wzroku\/#breadcrumb","itemListElement":[{"@type":"ListItem","position":1,"name":"Strona g\u0142\u00f3wna","item":"https:\/\/www.cefarm24.pl\/"},{"@type":"ListItem","position":2,"name":"Czytelnia","item":"https:\/\/www.cefarm24.pl\/czytelnia\/"},{"@type":"ListItem","position":3,"name":"Przezi\u0119bienia i b\u00f3l","item":"https:\/\/www.cefarm24.pl\/czytelnia\/przeziebienia-i-bol\/"},{"@type":"ListItem","position":4,"name":"B\u00f3l g\u0142owy od okular\u00f3w &#8211; czy g\u0142owa mo\u017ce bole\u0107 od wady wzroku?"}]},{"@type":"WebSite","@id":"https:\/\/www.cefarm24.pl\/czytelnia\/#website","url":"https:\/\/www.cefarm24.pl\/czytelnia\/","name":"Czytelnia apteki Cefarm24","description":"Porady zdrowotne, opisy chor\u00f3b, nowo\u015bci w ofercie lek\u00f3w i suplement\u00f3w. Czytaj i wiedz wi\u0119cej!","publisher":{"@id":"https:\/\/www.cefarm24.pl\/czytelnia\/#organization"},"potentialAction":[{"@type":"SearchAction","target":{"@type":"EntryPoint","urlTemplate":"https:\/\/www.cefarm24.pl\/czytelnia\/?s={search_term_string}"},"query-input":{"@type":"PropertyValueSpecification","valueRequired":true,"valueName":"search_term_string"}}],"inLanguage":"pl-PL"},{"@type":"Organization","@id":"https:\/\/www.cefarm24.pl\/czytelnia\/#organization","name":"Apteka Cefarm24","url":"https:\/\/www.cefarm24.pl\/czytelnia\/","logo":{"@type":"ImageObject","inLanguage":"pl-PL","@id":"https:\/\/www.cefarm24.pl\/czytelnia\/#\/schema\/logo\/image\/","url":"https:\/\/www.cefarm24.pl\/czytelnia\/wp-content\/uploads\/2016\/04\/cefarm-logo.jpg","contentUrl":"https:\/\/www.cefarm24.pl\/czytelnia\/wp-content\/uploads\/2016\/04\/cefarm-logo.jpg","width":310,"height":90,"caption":"Apteka Cefarm24"},"image":{"@id":"https:\/\/www.cefarm24.pl\/czytelnia\/#\/schema\/logo\/image\/"},"sameAs":["https:\/\/www.facebook.com\/cefarm24\/"]},{"@type":"Person","@id":"https:\/\/www.cefarm24.pl\/czytelnia\/#\/schema\/person\/58bc3535b8df4030251392060439cc7e","name":"A F","image":{"@type":"ImageObject","inLanguage":"pl-PL","@id":"https:\/\/www.cefarm24.pl\/czytelnia\/#\/schema\/person\/image\/","url":"https:\/\/secure.gravatar.com\/avatar\/348d7251e30dd20a2e62129287d8dd27?s=96&d=mm&r=g","contentUrl":"https:\/\/secure.gravatar.com\/avatar\/348d7251e30dd20a2e62129287d8dd27?s=96&d=mm&r=g","caption":"A F"}}]}},"_links":{"self":[{"href":"https:\/\/www.cefarm24.pl\/czytelnia\/wp-json\/wp\/v2\/posts\/7642","targetHints":{"allow":["GET"]}}],"collection":[{"href":"https:\/\/www.cefarm24.pl\/czytelnia\/wp-json\/wp\/v2\/posts"}],"about":[{"href":"https:\/\/www.cefarm24.pl\/czytelnia\/wp-json\/wp\/v2\/types\/post"}],"author":[{"embeddable":true,"href":"https:\/\/www.cefarm24.pl\/czytelnia\/wp-json\/wp\/v2\/users\/3"}],"replies":[{"embeddable":true,"href":"https:\/\/www.cefarm24.pl\/czytelnia\/wp-json\/wp\/v2\/comments?post=7642"}],"version-history":[{"count":9,"href":"https:\/\/www.cefarm24.pl\/czytelnia\/wp-json\/wp\/v2\/posts\/7642\/revisions"}],"predecessor-version":[{"id":11096,"href":"https:\/\/www.cefarm24.pl\/czytelnia\/wp-json\/wp\/v2\/posts\/7642\/revisions\/11096"}],"wp:featuredmedia":[{"embeddable":true,"href":"https:\/\/www.cefarm24.pl\/czytelnia\/wp-json\/wp\/v2\/media\/7545"}],"wp:attachment":[{"href":"https:\/\/www.cefarm24.pl\/czytelnia\/wp-json\/wp\/v2\/media?parent=7642"}],"wp:term":[{"taxonomy":"category","embeddable":true,"href":"https:\/\/www.cefarm24.pl\/czytelnia\/wp-json\/wp\/v2\/categories?post=7642"},{"taxonomy":"post_tag","embeddable":true,"href":"https:\/\/www.cefarm24.pl\/czytelnia\/wp-json\/wp\/v2\/tags?post=7642"}],"curies":[{"name":"wp","href":"https:\/\/api.w.org\/{rel}","templated":true}]}}