{"id":5847,"date":"2021-05-05T14:13:50","date_gmt":"2021-05-05T12:13:50","guid":{"rendered":"https:\/\/www.cefarm24.pl\/czytelnia\/?p=5847"},"modified":"2021-08-25T15:06:05","modified_gmt":"2021-08-25T13:06:05","slug":"wypadanie-wlosow-po-covid-19-czym-jest-to-spowodowane","status":"publish","type":"post","link":"https:\/\/www.cefarm24.pl\/czytelnia\/zdrowie\/choroby-i-terapie\/wypadanie-wlosow-po-covid-19-czym-jest-to-spowodowane\/","title":{"rendered":"Wypadanie w\u0142os\u00f3w po COVID-19 &#8211; czym jest to spowodowane?"},"content":{"rendered":"\n<h2 class=\"wp-block-heading\">W ostatnim czasie coraz wi\u0119cej m\u00f3wi si\u0119 na temat tzw. d\u0142ugiego ogona COVID-19, czyli zespo\u0142u objaw\u00f3w towarzysz\u0105cych chorym nawet przez wiele miesi\u0119cy po przebyciu zaka\u017cenia koronawirusem. Chocia\u017c wirus SARS-CoV-2 atakuje g\u0142\u00f3wnie uk\u0142ad oddechowy, to lista dolegliwo\u015bci, jakich do\u015bwiadczaj\u0105 osoby po wyzdrowieniu, jest bardzo zr\u00f3\u017cnicowana. W\u015br\u00f3d nich wymienia si\u0119 m.in. przewlek\u0142e zm\u0119czenie, problemy z koncentracj\u0105, zaburzenia smaku i w\u0119chu, jak r\u00f3wnie\u017c wypadanie w\u0142os\u00f3w. Jakie s\u0105 przyczyny wypadania w\u0142os\u00f3w po COVID-19 i jak sobie z nim radzi\u0107?<\/h2><div class=\"article-box-container inside-article-box-container\"><div class=\"article-box-image-container\">\r\n                    <img decoding=\"async\" src=\"https:\/\/www.cefarm24.pl\/czytelnia\/wp-content\/uploads\/2021\/03\/fotolia_213351023_subscription_monthly_m.jpg__908x607_q85_crop_subsampling-2.jpg\" alt=\"Produkty wspomagaj\u0105ce w stosowaniu diety\" class=\"img-responsive\" \/>\r\n                <\/div><div class=\"article-box-content-container\">\r\n                    <p class=\"article-box-title\">Produkty wspomagaj\u0105ce w stosowaniu diety<\/p>\r\n                <div class=\"article-box-description\">Sprawd\u017a produkty wspomagaj\u0105ce stosowanie diety:<\/div><div class=\"article-box-buttons\"><div class=\"article-box-button\"><a href=\"https:\/\/www.cefarm24.pl\/odchudzanie-i-oczyszczanie.html\" target=\"_blank\" class=\"btn btn-article-box\">Odchudzanie i oczyszczanie<\/a><\/div><div class=\"article-box-button\"><a href=\"https:\/\/www.cefarm24.pl\/preparaty-wapnia-a.html\" target=\"_blank\" class=\"btn btn-article-box\">Preparaty wapnia<\/a><\/div><\/div><\/div><\/div>\n\n\n\n<h3 class=\"wp-block-heading\">Nadmierne wypadanie w\u0142os\u00f3w po COVID-19 \u2013 kto jest nara\u017cony?<\/h3>\n\n\n\n<p>Lista d\u0142ugoterminowych konsekwencji zaka\u017cenia koronawirusem stale ro\u015bnie. Pomimo tego, \u017ce jeszcze nie tak dawno du\u017c\u0105 uwag\u0119 zwracano na zaburzenia smaku i w\u0119chu jako konsekwencj\u0119 COVID-19, to obecnie coraz wi\u0119cej s\u0142yszymy na temat nadmiernego wypadania w\u0142os\u00f3w po przebytej chorobie. Problem ten dotyczy przede wszystkim os\u00f3b, kt\u00f3re zmaga\u0142y si\u0119 z ci\u0119\u017ckim przebiegiem zaka\u017cenia COVID-19.<\/p>\n\n\n\n<p>Jak wynika z bada\u0144 przeprowadzonych w 2020 roku w\u015br\u00f3d pacjent\u00f3w szpitala w Wuhan, oko\u0142o 22% przebadanych os\u00f3b mia\u0142o problem z <strong>wypadaniem w\u0142os\u00f3w po COVID-19<\/strong> w ci\u0105gu sze\u015bciu miesi\u0119cy po wyj\u015bciu ze szpitala. Co ciekawe, odsetek ten jest a\u017c dwukrotnie wy\u017cszy w por\u00f3wnaniu do os\u00f3b, kt\u00f3re wskaza\u0142y zaburzenia w\u0119chu jako konsekwencj\u0119 zaka\u017cenia koronawirusem i niewiele ni\u017cszy od tych, kt\u00f3rzy zmagaj\u0105 si\u0119 z problemami ze snem (26%).<\/p>\n\n\n\n<p>Podobne wyniki bada\u0144 otrzyma\u0142a dr Natalie Lambert z Indiana University School of Medicine, kt\u00f3ra przeprowadzi\u0142a ankiet\u0119 na temat d\u0142ugiego ogona COVID-19. <strong>Wypadanie w\u0142os\u00f3w po COVID-19<\/strong> znalaz\u0142o si\u0119 na 21. miejscu na li\u015bcie w\u015br\u00f3d najcz\u0119\u015bciej pojawiaj\u0105cych si\u0119 dolegliwo\u015bci po przebytym zaka\u017ceniu koronawirusem (27% ankietowanych). Dominuj\u0105cym objawem w\u015br\u00f3d przebadanych by\u0142o przewlek\u0142e zm\u0119czenie i ospa\u0142o\u015b\u0107.<\/p>\n\n\n\t\t\n\n\t\t\t\t\t\n\t\t<div id=\"cefarm24-products-block_61263fc3ebd11\" class=\"cefarm24-block cefarm24-block--products\">\n\t\t\t<div class=\"cefarm24-block__inner-container\">+\n\t\t\t\t<ul class=\"list list--products\">\n\t\t\t\t\t\t\t\t\t\t<li class=\"item\">\n\t\t\t\t\t\t<a class=\"image\" href=\"https:\/\/www.cefarm24.pl\/biotebal-5-mg-x-90-tabl.html\">\n\t\t\t\t\t\t\t<img decoding=\"async\" src=\"https:\/\/www.cefarm24.pl\/biotebal-5-mg-x-90-tabl.jpg?96WcU\" alt=\"Biotebal 5 mg x 90 tabl\" \/>\n\t\t\t\t\t\t<\/a>\n\t\t\t\t\t\t<strong class=\"title\"><a href=\"https:\/\/www.cefarm24.pl\/biotebal-5-mg-x-90-tabl.html\">Biotebal 5 mg x 90 tabl<\/a><\/strong>\n\t\t\t\t\t\t<span class=\"price\">63,22&nbsp;PLN<\/span>\n\t\t\t\t\t\t<a class=\"more\" href=\"https:\/\/www.cefarm24.pl\/biotebal-5-mg-x-90-tabl.html\">Sprawd\u017a<\/a>\n\t\t\t\t\t<\/li>\n\t\t\t\t\t\t\t\t\t\t<li class=\"item\">\n\t\t\t\t\t\t<a class=\"image\" href=\"https:\/\/www.cefarm24.pl\/biotifem-5-mg-x-30-tabl.html\">\n\t\t\t\t\t\t\t<img decoding=\"async\" src=\"https:\/\/www.cefarm24.pl\/biotifem-5-mg-x-30-tabl.jpg\" alt=\"Biotifem 5 mg x 30 tabl\" \/>\n\t\t\t\t\t\t<\/a>\n\t\t\t\t\t\t<strong class=\"title\"><a href=\"https:\/\/www.cefarm24.pl\/biotifem-5-mg-x-30-tabl.html\">Biotifem 5 mg x 30 tabl<\/a><\/strong>\n\t\t\t\t\t\t<span class=\"price\">19,38&nbsp;PLN<\/span>\n\t\t\t\t\t\t<a class=\"more\" href=\"https:\/\/www.cefarm24.pl\/biotifem-5-mg-x-30-tabl.html\">Sprawd\u017a<\/a>\n\t\t\t\t\t<\/li>\n\t\t\t\t\t\t\t\t\t\t<li class=\"item\">\n\t\t\t\t\t\t<a class=\"image\" href=\"https:\/\/www.cefarm24.pl\/biotebal-szampon-przeciw-wypadaniu-wlosow-200-ml.html\">\n\t\t\t\t\t\t\t<img decoding=\"async\" src=\"https:\/\/www.cefarm24.pl\/biotebal-szampon-przeciw-wypadaniu-wlosow-200-ml.jpg?96Xel\" alt=\"Biotebal szampon przeciw wypadaniu w\u0142os\u00f3w 200 ml\" \/>\n\t\t\t\t\t\t<\/a>\n\t\t\t\t\t\t<strong class=\"title\"><a href=\"https:\/\/www.cefarm24.pl\/biotebal-szampon-przeciw-wypadaniu-wlosow-200-ml.html\">Biotebal szampon przeciw wypadaniu w\u0142os\u00f3w 200 ml<\/a><\/strong>\n\t\t\t\t\t\t<span class=\"price\">28,34&nbsp;PLN<\/span>\n\t\t\t\t\t\t<a class=\"more\" href=\"https:\/\/www.cefarm24.pl\/biotebal-szampon-przeciw-wypadaniu-wlosow-200-ml.html\">Sprawd\u017a<\/a>\n\t\t\t\t\t<\/li>\n\t\t\t\t\t\t\t\t\t\t<li class=\"item\">\n\t\t\t\t\t\t<a class=\"image\" href=\"https:\/\/www.cefarm24.pl\/loxon-max-loxon-5-60-ml.html\">\n\t\t\t\t\t\t\t<img decoding=\"async\" src=\"https:\/\/www.cefarm24.pl\/loxon-max-loxon-5-60-ml.jpg?96Zjn\" alt=\"Loxon Max (Loxon 5%) 60 ml\" \/>\n\t\t\t\t\t\t<\/a>\n\t\t\t\t\t\t<strong class=\"title\"><a href=\"https:\/\/www.cefarm24.pl\/loxon-max-loxon-5-60-ml.html\">Loxon Max (Loxon 5%) 60 ml<\/a><\/strong>\n\t\t\t\t\t\t<span class=\"price\">49,55&nbsp;PLN<\/span>\n\t\t\t\t\t\t<a class=\"more\" href=\"https:\/\/www.cefarm24.pl\/loxon-max-loxon-5-60-ml.html\">Sprawd\u017a<\/a>\n\t\t\t\t\t<\/li>\n\t\t\t\t\t\t\t\t\t\t<li class=\"item\">\n\t\t\t\t\t\t<a class=\"image\" href=\"https:\/\/www.cefarm24.pl\/skrzypovita-1-x-dziennie-biotyna-complex-x-42-tabl-powlekane.html\">\n\t\t\t\t\t\t\t<img decoding=\"async\" src=\"https:\/\/www.cefarm24.pl\/skrzypovita-1-x-dziennie-biotyna-complex-x-42-tabl-powlekane.jpg\" alt=\"Skrzypovita 1 x dziennie biotyna complex x 42 tabl powlekane\" \/>\n\t\t\t\t\t\t<\/a>\n\t\t\t\t\t\t<strong class=\"title\"><a href=\"https:\/\/www.cefarm24.pl\/skrzypovita-1-x-dziennie-biotyna-complex-x-42-tabl-powlekane.html\">Skrzypovita 1 x dziennie biotyna complex x 42 tabl powlekane<\/a><\/strong>\n\t\t\t\t\t\t<span class=\"price\">22,55&nbsp;PLN<\/span>\n\t\t\t\t\t\t<a class=\"more\" href=\"https:\/\/www.cefarm24.pl\/skrzypovita-1-x-dziennie-biotyna-complex-x-42-tabl-powlekane.html\">Sprawd\u017a<\/a>\n\t\t\t\t\t<\/li>\n\t\t\t\t\t\t\t\t\t\t<li class=\"item\">\n\t\t\t\t\t\t<a class=\"image\" href=\"https:\/\/www.cefarm24.pl\/seboradin-forte-booster-plyn-przeciw-wypadaniu-wlosow-50-ml.html\">\n\t\t\t\t\t\t\t<img decoding=\"async\" src=\"https:\/\/www.cefarm24.pl\/seboradin-forte-booster-plyn-przeciw-wypadaniu-wlosow-50-ml.jpg\" alt=\"Seboradin Forte Booster p\u0142yn przeciw wypadaniu w\u0142os\u00f3w 50 ml\" \/>\n\t\t\t\t\t\t<\/a>\n\t\t\t\t\t\t<strong class=\"title\"><a href=\"https:\/\/www.cefarm24.pl\/seboradin-forte-booster-plyn-przeciw-wypadaniu-wlosow-50-ml.html\">Seboradin Forte Booster p\u0142yn przeciw wypadaniu w\u0142os\u00f3w 50 ml<\/a><\/strong>\n\t\t\t\t\t\t<span class=\"price\">26,04&nbsp;PLN<\/span>\n\t\t\t\t\t\t<a class=\"more\" href=\"https:\/\/www.cefarm24.pl\/seboradin-forte-booster-plyn-przeciw-wypadaniu-wlosow-50-ml.html\">Sprawd\u017a<\/a>\n\t\t\t\t\t<\/li>\n\t\t\t\t\t\t\t\t\t<\/ul>\n\t\t\t<\/div>\n\t\t<\/div>\n\t\t\n\n\n<h3 class=\"wp-block-heading\">Przyczyny wypadania w\u0142os\u00f3w po COVID-19<\/h3>\n\n\n\n<p>Istnieje wiele czynnik\u00f3w, kt\u00f3re mog\u0105 mie\u0107 wp\u0142yw na wypadanie w\u0142os\u00f3w po infekcji wywo\u0142anej wirusem SARS-CoV-2. <strong>G\u0142\u00f3wnym powodem jest tu ci\u0119\u017cki przebieg infekcji wirusowej<\/strong>, kt\u00f3rej towarzyszy wysoka gor\u0105czka oraz og\u00f3lne os\u0142abienie organizmu, co w konsekwencji mo\u017ce doprowadzi\u0107 do zmian w poszczeg\u00f3lnych fazach \u017cycia w\u0142osa. Co wa\u017cne, wypadanie w\u0142os\u00f3w po COVID-19 mo\u017ce wynika\u0107 r\u00f3wnie\u017c ze <a href=\"https:\/\/www.cefarm24.pl\/czytelnia\/zdrowie\/choroby-i-terapie\/jak-radzic-sobie-ze-stresem\/\">stresu<\/a>, kt\u00f3ry zwi\u0105zany jest z przebyt\u0105 infekcj\u0105.<\/p>\n\n\n\n<p>W przypadku wypadania w\u0142os\u00f3w po COVID-19 m\u00f3wi si\u0119 o tzw. \u0142ysieniu telogenowym, kt\u00f3re polega na skr\u00f3ceniu fazy wzrostu w\u0142os\u00f3w. Warto w tym miejscu wspomnie\u0107 o trzech fazach \u017cycia w\u0142osa, a mianowicie:<\/p>\n\n\n\n<ul class=\"wp-block-list\"><li><strong>anagen<\/strong> \u2013 pierwsza faza zwi\u0105zana z szybkim i silnym wzrostem w\u0142osa, kt\u00f3ra mo\u017ce trwa\u0107 od 3 do 6 lat. W przypadku prawid\u0142owego wzrostu w\u0142os\u00f3w w fazie tej znajduje si\u0119 oko\u0142o 85% wszystkich w\u0142os\u00f3w;<\/li><li><strong>katagen <\/strong>\u2013 faza \u015brodkowa, kt\u00f3ra trwa zazwyczaj do 2 tygodni. Podczas fazy katagenu w\u0142os przestaje rosn\u0105\u0107, odrywa si\u0119 od brodawki i powoli przechodzi do fazy spoczynkowej. Faza ta dotyczy mniej ni\u017c 1% wszystkich w\u0142os\u00f3w;<\/li><li><strong>telogen<\/strong> \u2013 faza spoczynkowa wzrostu w\u0142osa, trwaj\u0105ca od 2 do 4 miesi\u0119cy. W tym okresie nowy w\u0142os wyrasta z tej samej cebulki i wypycha stary w\u0142os, by przej\u015b\u0107 ponownie w faz\u0119 anagenu. Faza ta dotyczy oko\u0142o 15% wszystkich w\u0142os\u00f3w.<\/li><\/ul>\n\n\n\n<p>W momencie gdy mamy do czynienia z \u0142ysieniem telogenowym, dochodzi do zaburzenia poszczeg\u00f3lnych faz wzrostu w\u0142os\u00f3w. W\u00f3wczas w fazie telogenowej mo\u017ce znajdowa\u0107 si\u0119 nawet do 80% wszystkich w\u0142os\u00f3w, co skutkuje znacznym przerzedzeniem si\u0119 w\u0142os\u00f3w. Problem ten dotyczy g\u0142\u00f3wnie kobiet.<\/p>\n\n\n\n<p>W\u015br\u00f3d <strong>g\u0142\u00f3wnych przyczyn \u0142ysienia telogenowego <\/strong>najcz\u0119\u015bciej wymienia si\u0119 traumatyczne prze\u017cycia i zwi\u0105zany z nimi silny stres, d\u0142ugotrwa\u0142e os\u0142abienie organizmu oraz niedob\u00f3r sk\u0142adnik\u00f3w od\u017cywczych. Wszystkie te czynniki mog\u0105 pojawi\u0107 si\u0119 podczas zaka\u017cenia COVID-19, kt\u00f3re jak dobrze wiemy, cz\u0119sto prowadzi do os\u0142abienia naszego organizmu.<\/p>\n\n\n\n<p>Jak zaznaczaj\u0105 <a href=\"https:\/\/www.cefarm24.pl\/czytelnia\/zdrowie\/trycholog-specjalista-od-wlosow\/\">trycholodzy<\/a>, <strong>konsekwencj\u0105 infekcji wywo\u0142anej wirusem SARS-CoV-2 jest tak\u017ce \u0142ysienie plackowate<\/strong>, kt\u00f3re zwi\u0105zane jest z tworzeniem si\u0119 charakterystycznych plam w miejscach, w kt\u00f3rych dochodzi do nadmiernej utraty w\u0142os\u00f3w. W tym przypadku wirus wywo\u0142uje reakcj\u0119 autoimmunologiczn\u0105, czego konsekwencj\u0105 jest niszczenie mieszk\u00f3w w\u0142osowych przez organizm.<\/p>\n\n\n\n<div class=\"article-box-container inside-article-box-container\"><div class=\"article-box-image-container\">\r\n                    <img decoding=\"async\" src=\"https:\/\/www.cefarm24.pl\/czytelnia\/wp-content\/uploads\/2020\/12\/pulsoksymetr-e1608318172215.jpg\" alt=\"Sprz\u0119t medyczny stosowany przy COVID-19\" class=\"img-responsive\" \/>\r\n                <\/div><div class=\"article-box-content-container\">\r\n                    <p class=\"article-box-title\">Sprz\u0119t medyczny stosowany przy COVID-19<\/p>\r\n                <div class=\"article-box-description\"><\/div><div class=\"article-box-buttons\"><div class=\"article-box-button\"><a href=\"https:\/\/www.cefarm24.pl\/pulsoksymetry.html\" target=\"_blank\" class=\"btn btn-article-box\">Pulsoksymetry<\/a><\/div><div class=\"article-box-button\"><a href=\"https:\/\/www.cefarm24.pl\/termometry.html\" target=\"_blank\" class=\"btn btn-article-box\">Termometry<\/a><\/div><div class=\"article-box-button\"><a href=\"https:\/\/www.cefarm24.pl\/cisnieniomierze-a.html\" target=\"_blank\" class=\"btn btn-article-box\">Ci\u015bnieniomerze<\/a><\/div><\/div><\/div><\/div>\n\n\n\n<h3 class=\"wp-block-heading\">Wypadanie w\u0142os\u00f3w po COVID \u2013 leczenie<\/h3>\n\n\n\n<p><strong>Pierwsze oznaki \u0142ysienia telogenowego pojawiaj\u0105 si\u0119 zazwyczaj po up\u0142ywie od 2 do 5 miesi\u0119cy od zaka\u017cenia koronawirusem.<\/strong> By zapobiec rozwojowi procesu <a href=\"https:\/\/www.cefarm24.pl\/czytelnia\/porady-okolozdrowotne\/lysienie-a-wypadanie-wlosow-roznice\/\">wypadania w\u0142os\u00f3w lub \u0142ysienia<\/a>, warto zadba\u0107 o regeneracj\u0119 organizmu po chorobie, a tak\u017ce <strong>wdro\u017cy\u0107 suplementacj\u0119 produktami<\/strong>, kt\u00f3re pozwol\u0105 nam uzupe\u0142ni\u0107 niedobory sk\u0142adnik\u00f3w od\u017cywczych. Szczeg\u00f3ln\u0105 uwag\u0119 nale\u017cy zwr\u00f3ci\u0107 na witamin\u0119 B, minera\u0142y o w\u0142a\u015bciwo\u015bciach antyoksydacyjnych (m.in. <a href=\"https:\/\/www.cefarm24.pl\/czytelnia\/profilaktyka\/porady-na-wiosne-i-jesien\/wiele-problemow-jedno-rozwiazanie-witamina-c\/\">witamina C<\/a> i <a href=\"https:\/\/www.cefarm24.pl\/czytelnia\/natura\/witamina-e-mloda-cera-zdrowy-wzrok\/\">witamina E<\/a>), a tak\u017ce takie sk\u0142adniki aktywne jak biotyna, cynk, mied\u017a, selen oraz L-cysteina.<\/p>\n\n\n\n<p><em><strong>Przydatne produkty:<br>-&gt; <a href=\"https:\/\/www.cefarm24.pl\/witamina-c-b.html\">Witamina C<\/a><br>-&gt; <a href=\"https:\/\/www.cefarm24.pl\/preparaty-cynku-c.html\">Preparaty cynku<\/a><\/strong><\/em><\/p>\n\n\n\n<p>Pami\u0119tajmy, \u017ce w przypadku wypadania w\u0142os\u00f3w po COVID-19 sama suplementacja mo\u017ce sta\u0107 si\u0119 niewystarczaj\u0105ca. Warto w tej sytuacji si\u0119gn\u0105\u0107 r\u00f3wnie\u017c po <strong>nutrikosmetyki<\/strong>, kt\u00f3re zadbaj\u0105 o kondycj\u0119 w\u0142osa od wewn\u0105trz. W ich sk\u0142adzie znajdziemy m.in. biotyn\u0119, <a href=\"https:\/\/www.cefarm24.pl\/czytelnia\/uroda\/kolagen-trosce-o-twoja-skore-wlosy\/\">kolagen<\/a>, <a href=\"https:\/\/www.cefarm24.pl\/czytelnia\/uroda\/kwas-hialuronowy-zadbaj-o-nawilzona-cere\/\">kwas hialuronowy<\/a>, koenzym Q10, witaminy oraz minera\u0142y. W celu dobrania odpowiedniej kuracji radzimy <strong>skonsultowa\u0107 si\u0119 z dermatologiem lub trychologiem<\/strong>, kt\u00f3ry oceni dok\u0142adnie stan naszych w\u0142os\u00f3w i doradzi, jakie produkty warto zastosowa\u0107.<\/p>\n\n\n\n<p>Odrastanie w\u0142os\u00f3w po COVID-19 to d\u0142ugi i \u017cmudny proces \u2013 pierwsze efekty mog\u0105 pojawi\u0107 si\u0119 dopiero po kilku miesi\u0105cach od wdro\u017cenia terapii. Jedno jest pewne \u2013 nie nale\u017cy tego problemu bagatelizowa\u0107, poniewa\u017c nieleczone wypadanie w\u0142os\u00f3w po COVID-19 mo\u017ce spowodowa\u0107 nieodwracalne zmiany w strukturze w\u0142osa.<\/p>\n\n\n\n<p><strong>Autor artyku\u0142u:<br>mgr farm. Mariusz Kami\u0144ski<\/strong><\/p>\n","protected":false},"excerpt":{"rendered":"<p>W ostatnim czasie coraz wi\u0119cej m\u00f3wi si\u0119 na temat tzw. d\u0142ugiego ogona COVID-19, czyli zespo\u0142u objaw\u00f3w towarzysz\u0105cych chorym nawet przez wiele miesi\u0119cy po przebyciu zaka\u017cenia koronawirusem. Chocia\u017c wirus SARS-CoV-2 atakuje g\u0142\u00f3wnie uk\u0142ad oddechowy, to lista dolegliwo\u015bci, jakich do\u015bwiadczaj\u0105 osoby po wyzdrowieniu, jest bardzo zr\u00f3\u017cnicowana. W\u015br\u00f3d nich wymienia si\u0119 m.in. przewlek\u0142e zm\u0119czenie, problemy z koncentracj\u0105, zaburzenia [&hellip;]<\/p>\n","protected":false},"author":3,"featured_media":5854,"comment_status":"closed","ping_status":"closed","sticky":false,"template":"","format":"standard","meta":{"_acf_changed":false,"footnotes":""},"categories":[388,384],"tags":[],"class_list":["post-5847","post","type-post","status-publish","format-standard","has-post-thumbnail","hentry","category-choroby-i-terapie","category-zdrowie"],"acf":[],"yoast_head":"<!-- This site is optimized with the Yoast SEO plugin v24.6 - https:\/\/yoast.com\/wordpress\/plugins\/seo\/ -->\n<title>Wypadanie w\u0142os\u00f3w po COVID-19 - czym jest to spowodowane?<\/title>\n<meta name=\"description\" content=\"Nadmierne wypadanie w\u0142os\u00f3w po COVID-19 to problem dotykaj\u0105cy wielu os\u00f3b. Jakie s\u0105 przyczyny wypadania w\u0142os\u00f3w po COVID-19 i jak sobie z nim radzi\u0107?\" \/>\n<meta name=\"robots\" content=\"index, follow, max-snippet:-1, max-image-preview:large, max-video-preview:-1\" \/>\n<link rel=\"canonical\" href=\"https:\/\/www.cefarm24.pl\/czytelnia\/zdrowie\/choroby-i-terapie\/wypadanie-wlosow-po-covid-19-czym-jest-to-spowodowane\/\" \/>\n<meta name=\"twitter:label1\" content=\"Napisane przez\" \/>\n\t<meta name=\"twitter:data1\" content=\"A F\" \/>\n\t<meta name=\"twitter:label2\" content=\"Szacowany czas czytania\" \/>\n\t<meta name=\"twitter:data2\" content=\"5 minut\" \/>\n<script type=\"application\/ld+json\" class=\"yoast-schema-graph\">{\"@context\":\"https:\/\/schema.org\",\"@graph\":[{\"@type\":\"Article\",\"@id\":\"https:\/\/www.cefarm24.pl\/czytelnia\/zdrowie\/choroby-i-terapie\/wypadanie-wlosow-po-covid-19-czym-jest-to-spowodowane\/#article\",\"isPartOf\":{\"@id\":\"https:\/\/www.cefarm24.pl\/czytelnia\/zdrowie\/choroby-i-terapie\/wypadanie-wlosow-po-covid-19-czym-jest-to-spowodowane\/\"},\"author\":{\"name\":\"A F\",\"@id\":\"https:\/\/www.cefarm24.pl\/czytelnia\/#\/schema\/person\/58bc3535b8df4030251392060439cc7e\"},\"headline\":\"Wypadanie w\u0142os\u00f3w po COVID-19 &#8211; czym jest to spowodowane?\",\"datePublished\":\"2021-05-05T12:13:50+00:00\",\"dateModified\":\"2021-08-25T13:06:05+00:00\",\"mainEntityOfPage\":{\"@id\":\"https:\/\/www.cefarm24.pl\/czytelnia\/zdrowie\/choroby-i-terapie\/wypadanie-wlosow-po-covid-19-czym-jest-to-spowodowane\/\"},\"wordCount\":1004,\"publisher\":{\"@id\":\"https:\/\/www.cefarm24.pl\/czytelnia\/#organization\"},\"image\":{\"@id\":\"https:\/\/www.cefarm24.pl\/czytelnia\/zdrowie\/choroby-i-terapie\/wypadanie-wlosow-po-covid-19-czym-jest-to-spowodowane\/#primaryimage\"},\"thumbnailUrl\":\"https:\/\/www.cefarm24.pl\/czytelnia\/wp-content\/uploads\/2021\/05\/wypadanie-wlosow-po-covid-19-e1620216865968.jpg\",\"articleSection\":[\"Choroby i terapie\",\"Zdrowie\"],\"inLanguage\":\"pl-PL\"},{\"@type\":\"WebPage\",\"@id\":\"https:\/\/www.cefarm24.pl\/czytelnia\/zdrowie\/choroby-i-terapie\/wypadanie-wlosow-po-covid-19-czym-jest-to-spowodowane\/\",\"url\":\"https:\/\/www.cefarm24.pl\/czytelnia\/zdrowie\/choroby-i-terapie\/wypadanie-wlosow-po-covid-19-czym-jest-to-spowodowane\/\",\"name\":\"Wypadanie w\u0142os\u00f3w po COVID-19 - czym jest to spowodowane?\",\"isPartOf\":{\"@id\":\"https:\/\/www.cefarm24.pl\/czytelnia\/#website\"},\"primaryImageOfPage\":{\"@id\":\"https:\/\/www.cefarm24.pl\/czytelnia\/zdrowie\/choroby-i-terapie\/wypadanie-wlosow-po-covid-19-czym-jest-to-spowodowane\/#primaryimage\"},\"image\":{\"@id\":\"https:\/\/www.cefarm24.pl\/czytelnia\/zdrowie\/choroby-i-terapie\/wypadanie-wlosow-po-covid-19-czym-jest-to-spowodowane\/#primaryimage\"},\"thumbnailUrl\":\"https:\/\/www.cefarm24.pl\/czytelnia\/wp-content\/uploads\/2021\/05\/wypadanie-wlosow-po-covid-19-e1620216865968.jpg\",\"datePublished\":\"2021-05-05T12:13:50+00:00\",\"dateModified\":\"2021-08-25T13:06:05+00:00\",\"description\":\"Nadmierne wypadanie w\u0142os\u00f3w po COVID-19 to problem dotykaj\u0105cy wielu os\u00f3b. Jakie s\u0105 przyczyny wypadania w\u0142os\u00f3w po COVID-19 i jak sobie z nim radzi\u0107?\",\"breadcrumb\":{\"@id\":\"https:\/\/www.cefarm24.pl\/czytelnia\/zdrowie\/choroby-i-terapie\/wypadanie-wlosow-po-covid-19-czym-jest-to-spowodowane\/#breadcrumb\"},\"inLanguage\":\"pl-PL\",\"potentialAction\":[{\"@type\":\"ReadAction\",\"target\":[\"https:\/\/www.cefarm24.pl\/czytelnia\/zdrowie\/choroby-i-terapie\/wypadanie-wlosow-po-covid-19-czym-jest-to-spowodowane\/\"]}]},{\"@type\":\"ImageObject\",\"inLanguage\":\"pl-PL\",\"@id\":\"https:\/\/www.cefarm24.pl\/czytelnia\/zdrowie\/choroby-i-terapie\/wypadanie-wlosow-po-covid-19-czym-jest-to-spowodowane\/#primaryimage\",\"url\":\"https:\/\/www.cefarm24.pl\/czytelnia\/wp-content\/uploads\/2021\/05\/wypadanie-wlosow-po-covid-19-e1620216865968.jpg\",\"contentUrl\":\"https:\/\/www.cefarm24.pl\/czytelnia\/wp-content\/uploads\/2021\/05\/wypadanie-wlosow-po-covid-19-e1620216865968.jpg\",\"width\":1485,\"height\":959,\"caption\":\"wypadanie w\u0142os\u00f3w po COVID-19\"},{\"@type\":\"BreadcrumbList\",\"@id\":\"https:\/\/www.cefarm24.pl\/czytelnia\/zdrowie\/choroby-i-terapie\/wypadanie-wlosow-po-covid-19-czym-jest-to-spowodowane\/#breadcrumb\",\"itemListElement\":[{\"@type\":\"ListItem\",\"position\":1,\"name\":\"Strona g\u0142\u00f3wna\",\"item\":\"https:\/\/www.cefarm24.pl\/\"},{\"@type\":\"ListItem\",\"position\":2,\"name\":\"Czytelnia\",\"item\":\"https:\/\/www.cefarm24.pl\/czytelnia\/\"},{\"@type\":\"ListItem\",\"position\":3,\"name\":\"Zdrowie\",\"item\":\"https:\/\/www.cefarm24.pl\/czytelnia\/zdrowie\/\"},{\"@type\":\"ListItem\",\"position\":4,\"name\":\"Choroby i terapie\",\"item\":\"https:\/\/www.cefarm24.pl\/czytelnia\/zdrowie\/choroby-i-terapie\/\"},{\"@type\":\"ListItem\",\"position\":5,\"name\":\"Wypadanie w\u0142os\u00f3w po COVID-19 &#8211; czym jest to spowodowane?\"}]},{\"@type\":\"WebSite\",\"@id\":\"https:\/\/www.cefarm24.pl\/czytelnia\/#website\",\"url\":\"https:\/\/www.cefarm24.pl\/czytelnia\/\",\"name\":\"Czytelnia apteki Cefarm24\",\"description\":\"Porady zdrowotne, opisy chor\u00f3b, nowo\u015bci w ofercie lek\u00f3w i suplement\u00f3w. Czytaj i wiedz wi\u0119cej!\",\"publisher\":{\"@id\":\"https:\/\/www.cefarm24.pl\/czytelnia\/#organization\"},\"potentialAction\":[{\"@type\":\"SearchAction\",\"target\":{\"@type\":\"EntryPoint\",\"urlTemplate\":\"https:\/\/www.cefarm24.pl\/czytelnia\/?s={search_term_string}\"},\"query-input\":{\"@type\":\"PropertyValueSpecification\",\"valueRequired\":true,\"valueName\":\"search_term_string\"}}],\"inLanguage\":\"pl-PL\"},{\"@type\":\"Organization\",\"@id\":\"https:\/\/www.cefarm24.pl\/czytelnia\/#organization\",\"name\":\"Apteka Cefarm24\",\"url\":\"https:\/\/www.cefarm24.pl\/czytelnia\/\",\"logo\":{\"@type\":\"ImageObject\",\"inLanguage\":\"pl-PL\",\"@id\":\"https:\/\/www.cefarm24.pl\/czytelnia\/#\/schema\/logo\/image\/\",\"url\":\"https:\/\/www.cefarm24.pl\/czytelnia\/wp-content\/uploads\/2016\/04\/cefarm-logo.jpg\",\"contentUrl\":\"https:\/\/www.cefarm24.pl\/czytelnia\/wp-content\/uploads\/2016\/04\/cefarm-logo.jpg\",\"width\":310,\"height\":90,\"caption\":\"Apteka Cefarm24\"},\"image\":{\"@id\":\"https:\/\/www.cefarm24.pl\/czytelnia\/#\/schema\/logo\/image\/\"},\"sameAs\":[\"https:\/\/www.facebook.com\/cefarm24\/\"]},{\"@type\":\"Person\",\"@id\":\"https:\/\/www.cefarm24.pl\/czytelnia\/#\/schema\/person\/58bc3535b8df4030251392060439cc7e\",\"name\":\"A F\",\"image\":{\"@type\":\"ImageObject\",\"inLanguage\":\"pl-PL\",\"@id\":\"https:\/\/www.cefarm24.pl\/czytelnia\/#\/schema\/person\/image\/\",\"url\":\"https:\/\/secure.gravatar.com\/avatar\/348d7251e30dd20a2e62129287d8dd27?s=96&d=mm&r=g\",\"contentUrl\":\"https:\/\/secure.gravatar.com\/avatar\/348d7251e30dd20a2e62129287d8dd27?s=96&d=mm&r=g\",\"caption\":\"A F\"}}]}<\/script>\n<!-- \/ Yoast SEO plugin. -->","yoast_head_json":{"title":"Wypadanie w\u0142os\u00f3w po COVID-19 - czym jest to spowodowane?","description":"Nadmierne wypadanie w\u0142os\u00f3w po COVID-19 to problem dotykaj\u0105cy wielu os\u00f3b. Jakie s\u0105 przyczyny wypadania w\u0142os\u00f3w po COVID-19 i jak sobie z nim radzi\u0107?","robots":{"index":"index","follow":"follow","max-snippet":"max-snippet:-1","max-image-preview":"max-image-preview:large","max-video-preview":"max-video-preview:-1"},"canonical":"https:\/\/www.cefarm24.pl\/czytelnia\/zdrowie\/choroby-i-terapie\/wypadanie-wlosow-po-covid-19-czym-jest-to-spowodowane\/","twitter_misc":{"Napisane przez":"A F","Szacowany czas czytania":"5 minut"},"schema":{"@context":"https:\/\/schema.org","@graph":[{"@type":"Article","@id":"https:\/\/www.cefarm24.pl\/czytelnia\/zdrowie\/choroby-i-terapie\/wypadanie-wlosow-po-covid-19-czym-jest-to-spowodowane\/#article","isPartOf":{"@id":"https:\/\/www.cefarm24.pl\/czytelnia\/zdrowie\/choroby-i-terapie\/wypadanie-wlosow-po-covid-19-czym-jest-to-spowodowane\/"},"author":{"name":"A F","@id":"https:\/\/www.cefarm24.pl\/czytelnia\/#\/schema\/person\/58bc3535b8df4030251392060439cc7e"},"headline":"Wypadanie w\u0142os\u00f3w po COVID-19 &#8211; czym jest to spowodowane?","datePublished":"2021-05-05T12:13:50+00:00","dateModified":"2021-08-25T13:06:05+00:00","mainEntityOfPage":{"@id":"https:\/\/www.cefarm24.pl\/czytelnia\/zdrowie\/choroby-i-terapie\/wypadanie-wlosow-po-covid-19-czym-jest-to-spowodowane\/"},"wordCount":1004,"publisher":{"@id":"https:\/\/www.cefarm24.pl\/czytelnia\/#organization"},"image":{"@id":"https:\/\/www.cefarm24.pl\/czytelnia\/zdrowie\/choroby-i-terapie\/wypadanie-wlosow-po-covid-19-czym-jest-to-spowodowane\/#primaryimage"},"thumbnailUrl":"https:\/\/www.cefarm24.pl\/czytelnia\/wp-content\/uploads\/2021\/05\/wypadanie-wlosow-po-covid-19-e1620216865968.jpg","articleSection":["Choroby i terapie","Zdrowie"],"inLanguage":"pl-PL"},{"@type":"WebPage","@id":"https:\/\/www.cefarm24.pl\/czytelnia\/zdrowie\/choroby-i-terapie\/wypadanie-wlosow-po-covid-19-czym-jest-to-spowodowane\/","url":"https:\/\/www.cefarm24.pl\/czytelnia\/zdrowie\/choroby-i-terapie\/wypadanie-wlosow-po-covid-19-czym-jest-to-spowodowane\/","name":"Wypadanie w\u0142os\u00f3w po COVID-19 - czym jest to spowodowane?","isPartOf":{"@id":"https:\/\/www.cefarm24.pl\/czytelnia\/#website"},"primaryImageOfPage":{"@id":"https:\/\/www.cefarm24.pl\/czytelnia\/zdrowie\/choroby-i-terapie\/wypadanie-wlosow-po-covid-19-czym-jest-to-spowodowane\/#primaryimage"},"image":{"@id":"https:\/\/www.cefarm24.pl\/czytelnia\/zdrowie\/choroby-i-terapie\/wypadanie-wlosow-po-covid-19-czym-jest-to-spowodowane\/#primaryimage"},"thumbnailUrl":"https:\/\/www.cefarm24.pl\/czytelnia\/wp-content\/uploads\/2021\/05\/wypadanie-wlosow-po-covid-19-e1620216865968.jpg","datePublished":"2021-05-05T12:13:50+00:00","dateModified":"2021-08-25T13:06:05+00:00","description":"Nadmierne wypadanie w\u0142os\u00f3w po COVID-19 to problem dotykaj\u0105cy wielu os\u00f3b. Jakie s\u0105 przyczyny wypadania w\u0142os\u00f3w po COVID-19 i jak sobie z nim radzi\u0107?","breadcrumb":{"@id":"https:\/\/www.cefarm24.pl\/czytelnia\/zdrowie\/choroby-i-terapie\/wypadanie-wlosow-po-covid-19-czym-jest-to-spowodowane\/#breadcrumb"},"inLanguage":"pl-PL","potentialAction":[{"@type":"ReadAction","target":["https:\/\/www.cefarm24.pl\/czytelnia\/zdrowie\/choroby-i-terapie\/wypadanie-wlosow-po-covid-19-czym-jest-to-spowodowane\/"]}]},{"@type":"ImageObject","inLanguage":"pl-PL","@id":"https:\/\/www.cefarm24.pl\/czytelnia\/zdrowie\/choroby-i-terapie\/wypadanie-wlosow-po-covid-19-czym-jest-to-spowodowane\/#primaryimage","url":"https:\/\/www.cefarm24.pl\/czytelnia\/wp-content\/uploads\/2021\/05\/wypadanie-wlosow-po-covid-19-e1620216865968.jpg","contentUrl":"https:\/\/www.cefarm24.pl\/czytelnia\/wp-content\/uploads\/2021\/05\/wypadanie-wlosow-po-covid-19-e1620216865968.jpg","width":1485,"height":959,"caption":"wypadanie w\u0142os\u00f3w po COVID-19"},{"@type":"BreadcrumbList","@id":"https:\/\/www.cefarm24.pl\/czytelnia\/zdrowie\/choroby-i-terapie\/wypadanie-wlosow-po-covid-19-czym-jest-to-spowodowane\/#breadcrumb","itemListElement":[{"@type":"ListItem","position":1,"name":"Strona g\u0142\u00f3wna","item":"https:\/\/www.cefarm24.pl\/"},{"@type":"ListItem","position":2,"name":"Czytelnia","item":"https:\/\/www.cefarm24.pl\/czytelnia\/"},{"@type":"ListItem","position":3,"name":"Zdrowie","item":"https:\/\/www.cefarm24.pl\/czytelnia\/zdrowie\/"},{"@type":"ListItem","position":4,"name":"Choroby i terapie","item":"https:\/\/www.cefarm24.pl\/czytelnia\/zdrowie\/choroby-i-terapie\/"},{"@type":"ListItem","position":5,"name":"Wypadanie w\u0142os\u00f3w po COVID-19 &#8211; czym jest to spowodowane?"}]},{"@type":"WebSite","@id":"https:\/\/www.cefarm24.pl\/czytelnia\/#website","url":"https:\/\/www.cefarm24.pl\/czytelnia\/","name":"Czytelnia apteki Cefarm24","description":"Porady zdrowotne, opisy chor\u00f3b, nowo\u015bci w ofercie lek\u00f3w i suplement\u00f3w. Czytaj i wiedz wi\u0119cej!","publisher":{"@id":"https:\/\/www.cefarm24.pl\/czytelnia\/#organization"},"potentialAction":[{"@type":"SearchAction","target":{"@type":"EntryPoint","urlTemplate":"https:\/\/www.cefarm24.pl\/czytelnia\/?s={search_term_string}"},"query-input":{"@type":"PropertyValueSpecification","valueRequired":true,"valueName":"search_term_string"}}],"inLanguage":"pl-PL"},{"@type":"Organization","@id":"https:\/\/www.cefarm24.pl\/czytelnia\/#organization","name":"Apteka Cefarm24","url":"https:\/\/www.cefarm24.pl\/czytelnia\/","logo":{"@type":"ImageObject","inLanguage":"pl-PL","@id":"https:\/\/www.cefarm24.pl\/czytelnia\/#\/schema\/logo\/image\/","url":"https:\/\/www.cefarm24.pl\/czytelnia\/wp-content\/uploads\/2016\/04\/cefarm-logo.jpg","contentUrl":"https:\/\/www.cefarm24.pl\/czytelnia\/wp-content\/uploads\/2016\/04\/cefarm-logo.jpg","width":310,"height":90,"caption":"Apteka Cefarm24"},"image":{"@id":"https:\/\/www.cefarm24.pl\/czytelnia\/#\/schema\/logo\/image\/"},"sameAs":["https:\/\/www.facebook.com\/cefarm24\/"]},{"@type":"Person","@id":"https:\/\/www.cefarm24.pl\/czytelnia\/#\/schema\/person\/58bc3535b8df4030251392060439cc7e","name":"A F","image":{"@type":"ImageObject","inLanguage":"pl-PL","@id":"https:\/\/www.cefarm24.pl\/czytelnia\/#\/schema\/person\/image\/","url":"https:\/\/secure.gravatar.com\/avatar\/348d7251e30dd20a2e62129287d8dd27?s=96&d=mm&r=g","contentUrl":"https:\/\/secure.gravatar.com\/avatar\/348d7251e30dd20a2e62129287d8dd27?s=96&d=mm&r=g","caption":"A F"}}]}},"_links":{"self":[{"href":"https:\/\/www.cefarm24.pl\/czytelnia\/wp-json\/wp\/v2\/posts\/5847","targetHints":{"allow":["GET"]}}],"collection":[{"href":"https:\/\/www.cefarm24.pl\/czytelnia\/wp-json\/wp\/v2\/posts"}],"about":[{"href":"https:\/\/www.cefarm24.pl\/czytelnia\/wp-json\/wp\/v2\/types\/post"}],"author":[{"embeddable":true,"href":"https:\/\/www.cefarm24.pl\/czytelnia\/wp-json\/wp\/v2\/users\/3"}],"replies":[{"embeddable":true,"href":"https:\/\/www.cefarm24.pl\/czytelnia\/wp-json\/wp\/v2\/comments?post=5847"}],"version-history":[{"count":11,"href":"https:\/\/www.cefarm24.pl\/czytelnia\/wp-json\/wp\/v2\/posts\/5847\/revisions"}],"predecessor-version":[{"id":6916,"href":"https:\/\/www.cefarm24.pl\/czytelnia\/wp-json\/wp\/v2\/posts\/5847\/revisions\/6916"}],"wp:featuredmedia":[{"embeddable":true,"href":"https:\/\/www.cefarm24.pl\/czytelnia\/wp-json\/wp\/v2\/media\/5854"}],"wp:attachment":[{"href":"https:\/\/www.cefarm24.pl\/czytelnia\/wp-json\/wp\/v2\/media?parent=5847"}],"wp:term":[{"taxonomy":"category","embeddable":true,"href":"https:\/\/www.cefarm24.pl\/czytelnia\/wp-json\/wp\/v2\/categories?post=5847"},{"taxonomy":"post_tag","embeddable":true,"href":"https:\/\/www.cefarm24.pl\/czytelnia\/wp-json\/wp\/v2\/tags?post=5847"}],"curies":[{"name":"wp","href":"https:\/\/api.w.org\/{rel}","templated":true}]}}