{"id":4979,"date":"2020-11-05T08:32:27","date_gmt":"2020-11-05T07:32:27","guid":{"rendered":"https:\/\/www.cefarm24.pl\/czytelnia\/?p=4979"},"modified":"2022-02-14T14:08:52","modified_gmt":"2022-02-14T13:08:52","slug":"europejski-dzien-wiedzy-o-antybiotykach","status":"publish","type":"post","link":"https:\/\/www.cefarm24.pl\/czytelnia\/zdrowie\/europejski-dzien-wiedzy-o-antybiotykach\/","title":{"rendered":"Europejski Dzie\u0144 Wiedzy o Antybiotykach"},"content":{"rendered":"\n<h2 class=\"wp-block-heading\" id=\"dzieki-antybiotykom-proces-leczenia-infekcji-bakteryjnych-i-zakazen-jest-znacznie-szybszy-i-skuteczniejszy-niestety-w-ostatnich-latach-narasta-problem-zlego-stosowania-tego-typu-lekow-z-czym-wiaze-sie-antybiotykoodpornosc-europejski-dzien-wiedzy-o-antybiotykach-ktory-obchodzimy-18-listopada-ma-na-celu-zwrocic-uwage-spoleczenstwa-na-to-zjawisko\">Dzi\u0119ki antybiotykom proces leczenia infekcji bakteryjnych i zaka\u017ce\u0144 jest znacznie szybszy i skuteczniejszy. Niestety, w ostatnich latach narasta problem z\u0142ego stosowania tego typu lek\u00f3w, z czym wi\u0105\u017ce si\u0119 antybiotykoodporno\u015b\u0107. Europejski Dzie\u0144 Wiedzy o Antybiotykach, kt\u00f3ry obchodzimy 18 listopada, ma na celu zwr\u00f3ci\u0107 uwag\u0119 spo\u0142ecze\u0144stwa na to zjawisko.<\/h2><div class=\"article-box-container inside-article-box-container\"><div class=\"article-box-image-container\">\r\n                    <img decoding=\"async\" src=\"https:\/\/www.cefarm24.pl\/czytelnia\/wp-content\/uploads\/2021\/03\/fotolia_213351023_subscription_monthly_m.jpg__908x607_q85_crop_subsampling-2.jpg\" alt=\"Produkty wspomagaj\u0105ce w stosowaniu diety\" class=\"img-responsive\" \/>\r\n                <\/div><div class=\"article-box-content-container\">\r\n                    <p class=\"article-box-title\">Produkty wspomagaj\u0105ce w stosowaniu diety<\/p>\r\n                <div class=\"article-box-description\">Sprawd\u017a produkty wspomagaj\u0105ce stosowanie diety:<\/div><div class=\"article-box-buttons\"><div class=\"article-box-button\"><a href=\"https:\/\/www.cefarm24.pl\/odchudzanie-i-oczyszczanie.html\" target=\"_blank\" class=\"btn btn-article-box\">Odchudzanie i oczyszczanie<\/a><\/div><div class=\"article-box-button\"><a href=\"https:\/\/www.cefarm24.pl\/preparaty-wapnia-a.html\" target=\"_blank\" class=\"btn btn-article-box\">Preparaty wapnia<\/a><\/div><\/div><\/div><\/div>\n\n\n\n<h3 class=\"wp-block-heading\" id=\"antybiotyk-co-musisz-o-nim-wiedziec\">Antybiotyk \u2013 co musisz o nim wiedzie\u0107?<\/h3>\n\n\n\n<p>18 listopada przypada Europejski Dzie\u0144 Wiedzy o Antybiotykach. Zosta\u0142 on ustanowiony przez Komisj\u0119 Europejsk\u0105 w 2008 roku. Celem tego dnia jest zwr\u00f3cenie uwagi spo\u0142ecze\u0144stwa, jak i bran\u017cy medycznej, na w\u0142a\u015bciwy spos\u00f3b stosowania antybiotyk\u00f3w oraz rosn\u0105cy problem antybiotykoodporno\u015bci. W Polsce za organizacj\u0119 corocznej akcji odpowiada Narodowy Instytut Lek\u00f3w.<\/p>\n\n\n\n<p>Antybiotyk to lek, kt\u00f3rego zadaniem jest zabijanie lub hamowanie wzrostu bakterii. Dany lek mo\u017ce dzia\u0142a\u0107 na jeden lub wiele gatunk\u00f3w bakterii, znacznie skracaj\u0105c czas choroby pacjenta. Od momentu wynalezienia pierwszego antybiotyku, mo\u017cliwo\u015bci medycyny znacznie si\u0119 zwi\u0119kszy\u0142y. Jednak warto tak\u017ce pami\u0119ta\u0107 o tym, \u017ce w ostatnich latach wprowadzono na rynek tylko dwie nowe grupy antybiotyk\u00f3w. Leczenie antybiotykiem staje si\u0119 coraz powszechniejsze. Zapominamy o tym, \u017ce lek ten dzia\u0142a jedynie na infekcje bakteryjne, a nie wirusowe. Oznacza to, \u017ce stosowanie antybiotyku na m.in. <a href=\"https:\/\/www.cefarm24.pl\/czytelnia\/zdrowie\/choroby-i-terapie\/jak-odroznic-przeziebienie-od-grypy\">przezi\u0119bienie<\/a>, kaszel, katar, gryp\u0119, zapalenie gard\u0142a w niczym nam nie pomo\u017ce. I to w\u0142a\u015bnie z\u0142e stosowanie antybiotyk\u00f3w przyczynia si\u0119 do globalnego ju\u017c problemu antybiotykoodporno\u015bci.<\/p>\n\n\n\n<div class=\"article-box-container inside-article-box-container\"><div class=\"article-box-image-container\">\r\n                    <img decoding=\"async\" src=\"https:\/\/www.cefarm24.pl\/czytelnia\/wp-content\/uploads\/2021\/07\/box.png\" alt=\"\u017byj i od\u017cywiaj si\u0119 zdrowo!\" class=\"img-responsive\" \/>\r\n                <\/div><div class=\"article-box-content-container\">\r\n                    <p class=\"article-box-title\">\u017byj i od\u017cywiaj si\u0119 zdrowo!<\/p>\r\n                <div class=\"article-box-description\"><\/div><div class=\"article-box-buttons\"><div class=\"article-box-button\"><a href=\"https:\/\/www.cefarm24.pl\/zdrowa-zywnosc.html\" target=\"_blank\" class=\"btn btn-article-box\">Zdrowa \u017cywno\u015b\u0107<\/a><\/div><div class=\"article-box-button\"><a href=\"https:\/\/www.cefarm24.pl\/soki-i-syropy.html\" target=\"_blank\" class=\"btn btn-article-box\">Zdrowe soki i syropy<\/a><\/div><\/div><\/div><\/div>\n\n\n\n<h3 class=\"wp-block-heading\" id=\"niewlasciwe-stosowanie-antybiotykow\">Niew\u0142a\u015bciwe stosowanie antybiotyk\u00f3w<\/h3>\n\n\n\n<p>Istniej\u0105 bakterie, kt\u00f3re s\u0105 naturalnie oporne na dzia\u0142anie antybiotyk\u00f3w. Problem pojawia si\u0119 wtedy, gdy bakterie, kt\u00f3re do tej pory by\u0142y wra\u017cliwe na dzia\u0142anie tego typu lek\u00f3w, staj\u0105 si\u0119 na nie oporne. Powodem tej sytuacji s\u0105 zmiany w DNA bakterii. Co my mamy z tym wsp\u00f3lnego? Niew\u0142a\u015bciwe stosowanie antybiotyk\u00f3w przyczynia si\u0119 do pojawiania i rozprzestrzeniania bakterii odpornych na antybiotyki. Niew\u0142a\u015bciwe, czyli jakie?<\/p>\n\n\n\n<p>Przyjmowanie z\u0142ego rodzaju leku, zbyt du\u017ca\/ma\u0142a dawka, za d\u0142ugi\/kr\u00f3tki czas leczenia, za p\u00f3\u017ano wprowadzona terapia, branie antybiotyk\u00f3w bez wyra\u017anej przyczyny (np. na infekcje wirusowe), u\u017cywanie starych lek\u00f3w, przepisanych kiedy\u015b przez lekarza. Podczas antybiotykoterapii nale\u017cy stosowa\u0107 si\u0119 do zalece\u0144 lekarza. Sama rola lekarza jest r\u00f3wnie wa\u017cna \u2013 musi odpowiednio dobra\u0107 rodzaj i dawk\u0119 leku, jak i sam\u0105 d\u0142ugo\u015b\u0107 terapii. Nie bez znaczenia jest umiej\u0119tno\u015b\u0107 odmowy pacjentowi, kt\u00f3ry coraz cz\u0119\u015bciej wr\u0119cz wymaga od lekarza przepisania konkretnego antybiotyku, podczas gdy stan jego zdrowia wskazuje na infekcj\u0119 wirusow\u0105.<\/p>\n\n\n\n<h3 class=\"wp-block-heading\" id=\"antybiotykoodpornosc\">Antybiotykoodporno\u015b\u0107<\/h3>\n\n\n\n<p>Problem antybiotykoodporno\u015bci to ogromne zagro\u017cenie dla nas i przysz\u0142ych pokole\u0144. Zaka\u017cenie bakteri\u0105 oporn\u0105 ma szereg negatywnych konsekwencji. Pacjent otrzymuje w\u0142a\u015bciwie dobran\u0105 terapi\u0119 znacznie p\u00f3\u017aniej, proces jego leczenia jest d\u0142u\u017cszy i kosztowniejszy, same wyniki leczenia mog\u0105 mie\u0107 gorsze efekty, niekt\u00f3rzy pacjenci umieraj\u0105. Bakterie oporne mog\u0105 prowadzi\u0107 do m.in. zaka\u017cenia krwi, zapalenia p\u0142uc czy zaka\u017cenia sk\u00f3ry. Je\u015bli skuteczno\u015b\u0107 antybiotyk\u00f3w zmaleje lub zaniknie, nie b\u0119dziemy mieli czym leczy\u0107 chor\u00f3b, \u015bmiertelno\u015b\u0107 pacjent\u00f3w znacznie wzro\u015bnie.<\/p>\n\n\n\n<p>Co mo\u017cna zrobi\u0107, aby problem nie narasta\u0142? Kluczowe jest w\u0142a\u015bciwe stosowanie antybiotyk\u00f3w, stosowanie si\u0119 do zalece\u0144 lekarza, jak i dbanie o odporno\u015b\u0107, higiena (cz\u0119ste mycie r\u0105k, zas\u0142anianie ust przy kichaniu itp.). Bran\u017ca medyczna r\u00f3wnie\u017c musi przestrzega\u0107 wielu zalece\u0144, jak chocia\u017cby odpowiednia profilaktyka antybiotykowa. Wsp\u00f3lne dzia\u0142ania s\u0105 konieczne, aby ograniczy\u0107 pojawianie si\u0119 i rozprzestrzenianie bakterii opornych.<\/p>\n","protected":false},"excerpt":{"rendered":"<p>Dzi\u0119ki antybiotykom proces leczenia infekcji bakteryjnych i zaka\u017ce\u0144 jest znacznie szybszy i skuteczniejszy. Niestety, w ostatnich latach narasta problem z\u0142ego stosowania tego typu lek\u00f3w, z czym wi\u0105\u017ce si\u0119 antybiotykoodporno\u015b\u0107. Europejski Dzie\u0144 Wiedzy o Antybiotykach, kt\u00f3ry obchodzimy 18 listopada, ma na celu zwr\u00f3ci\u0107 uwag\u0119 spo\u0142ecze\u0144stwa na to zjawisko. Produkty wspomagaj\u0105ce w stosowaniu diety Sprawd\u017a produkty wspomagaj\u0105ce [&hellip;]<\/p>\n","protected":false},"author":3,"featured_media":4981,"comment_status":"closed","ping_status":"open","sticky":false,"template":"","format":"standard","meta":{"_acf_changed":false,"footnotes":""},"categories":[6,189,384],"tags":[],"class_list":["post-4979","post","type-post","status-publish","format-standard","has-post-thumbnail","hentry","category-odpornosc","category-produkty","category-zdrowie"],"acf":[],"yoast_head":"<!-- This site is optimized with the Yoast SEO plugin v24.6 - https:\/\/yoast.com\/wordpress\/plugins\/seo\/ -->\n<title>Europejski Dzie\u0144 Wiedzy o Antybiotykach - Czytelnia apteki Cefarm24<\/title>\n<meta name=\"description\" content=\"Antybiotyk przyspiesza proces leczenia infekcji bakteryjnych i zaka\u017ce\u0144. Jak one dzia\u0142aj\u0105 i kiedy je stosowa\u0107? O tym ma przypomina\u0107 Europejski Dzie\u0144 Wiedzy o Antybiotykach.\" \/>\n<meta name=\"robots\" content=\"index, follow, max-snippet:-1, max-image-preview:large, max-video-preview:-1\" \/>\n<link rel=\"canonical\" href=\"https:\/\/www.cefarm24.pl\/czytelnia\/zdrowie\/europejski-dzien-wiedzy-o-antybiotykach\/\" \/>\n<meta name=\"twitter:label1\" content=\"Napisane przez\" \/>\n\t<meta name=\"twitter:data1\" content=\"A F\" \/>\n\t<meta name=\"twitter:label2\" content=\"Szacowany czas czytania\" \/>\n\t<meta name=\"twitter:data2\" content=\"3 minuty\" \/>\n<script type=\"application\/ld+json\" class=\"yoast-schema-graph\">{\"@context\":\"https:\/\/schema.org\",\"@graph\":[{\"@type\":\"Article\",\"@id\":\"https:\/\/www.cefarm24.pl\/czytelnia\/zdrowie\/europejski-dzien-wiedzy-o-antybiotykach\/#article\",\"isPartOf\":{\"@id\":\"https:\/\/www.cefarm24.pl\/czytelnia\/zdrowie\/europejski-dzien-wiedzy-o-antybiotykach\/\"},\"author\":{\"name\":\"A F\",\"@id\":\"https:\/\/www.cefarm24.pl\/czytelnia\/#\/schema\/person\/58bc3535b8df4030251392060439cc7e\"},\"headline\":\"Europejski Dzie\u0144 Wiedzy o Antybiotykach\",\"datePublished\":\"2020-11-05T07:32:27+00:00\",\"dateModified\":\"2022-02-14T13:08:52+00:00\",\"mainEntityOfPage\":{\"@id\":\"https:\/\/www.cefarm24.pl\/czytelnia\/zdrowie\/europejski-dzien-wiedzy-o-antybiotykach\/\"},\"wordCount\":596,\"publisher\":{\"@id\":\"https:\/\/www.cefarm24.pl\/czytelnia\/#organization\"},\"image\":{\"@id\":\"https:\/\/www.cefarm24.pl\/czytelnia\/zdrowie\/europejski-dzien-wiedzy-o-antybiotykach\/#primaryimage\"},\"thumbnailUrl\":\"https:\/\/www.cefarm24.pl\/czytelnia\/wp-content\/uploads\/2020\/11\/antybiotyk-e1604562009592.jpg\",\"articleSection\":[\"Odporno\u015b\u0107\",\"Produkty\",\"Zdrowie\"],\"inLanguage\":\"pl-PL\"},{\"@type\":\"WebPage\",\"@id\":\"https:\/\/www.cefarm24.pl\/czytelnia\/zdrowie\/europejski-dzien-wiedzy-o-antybiotykach\/\",\"url\":\"https:\/\/www.cefarm24.pl\/czytelnia\/zdrowie\/europejski-dzien-wiedzy-o-antybiotykach\/\",\"name\":\"Europejski Dzie\u0144 Wiedzy o Antybiotykach - Czytelnia apteki Cefarm24\",\"isPartOf\":{\"@id\":\"https:\/\/www.cefarm24.pl\/czytelnia\/#website\"},\"primaryImageOfPage\":{\"@id\":\"https:\/\/www.cefarm24.pl\/czytelnia\/zdrowie\/europejski-dzien-wiedzy-o-antybiotykach\/#primaryimage\"},\"image\":{\"@id\":\"https:\/\/www.cefarm24.pl\/czytelnia\/zdrowie\/europejski-dzien-wiedzy-o-antybiotykach\/#primaryimage\"},\"thumbnailUrl\":\"https:\/\/www.cefarm24.pl\/czytelnia\/wp-content\/uploads\/2020\/11\/antybiotyk-e1604562009592.jpg\",\"datePublished\":\"2020-11-05T07:32:27+00:00\",\"dateModified\":\"2022-02-14T13:08:52+00:00\",\"description\":\"Antybiotyk przyspiesza proces leczenia infekcji bakteryjnych i zaka\u017ce\u0144. Jak one dzia\u0142aj\u0105 i kiedy je stosowa\u0107? O tym ma przypomina\u0107 Europejski Dzie\u0144 Wiedzy o Antybiotykach.\",\"breadcrumb\":{\"@id\":\"https:\/\/www.cefarm24.pl\/czytelnia\/zdrowie\/europejski-dzien-wiedzy-o-antybiotykach\/#breadcrumb\"},\"inLanguage\":\"pl-PL\",\"potentialAction\":[{\"@type\":\"ReadAction\",\"target\":[\"https:\/\/www.cefarm24.pl\/czytelnia\/zdrowie\/europejski-dzien-wiedzy-o-antybiotykach\/\"]}]},{\"@type\":\"ImageObject\",\"inLanguage\":\"pl-PL\",\"@id\":\"https:\/\/www.cefarm24.pl\/czytelnia\/zdrowie\/europejski-dzien-wiedzy-o-antybiotykach\/#primaryimage\",\"url\":\"https:\/\/www.cefarm24.pl\/czytelnia\/wp-content\/uploads\/2020\/11\/antybiotyk-e1604562009592.jpg\",\"contentUrl\":\"https:\/\/www.cefarm24.pl\/czytelnia\/wp-content\/uploads\/2020\/11\/antybiotyk-e1604562009592.jpg\",\"width\":1425,\"height\":749,\"caption\":\"Antybiotyk\"},{\"@type\":\"BreadcrumbList\",\"@id\":\"https:\/\/www.cefarm24.pl\/czytelnia\/zdrowie\/europejski-dzien-wiedzy-o-antybiotykach\/#breadcrumb\",\"itemListElement\":[{\"@type\":\"ListItem\",\"position\":1,\"name\":\"Strona g\u0142\u00f3wna\",\"item\":\"https:\/\/www.cefarm24.pl\/\"},{\"@type\":\"ListItem\",\"position\":2,\"name\":\"Czytelnia\",\"item\":\"https:\/\/www.cefarm24.pl\/czytelnia\/\"},{\"@type\":\"ListItem\",\"position\":3,\"name\":\"Zdrowie\",\"item\":\"https:\/\/www.cefarm24.pl\/czytelnia\/zdrowie\/\"},{\"@type\":\"ListItem\",\"position\":4,\"name\":\"Europejski Dzie\u0144 Wiedzy o Antybiotykach\"}]},{\"@type\":\"WebSite\",\"@id\":\"https:\/\/www.cefarm24.pl\/czytelnia\/#website\",\"url\":\"https:\/\/www.cefarm24.pl\/czytelnia\/\",\"name\":\"Czytelnia apteki Cefarm24\",\"description\":\"Porady zdrowotne, opisy chor\u00f3b, nowo\u015bci w ofercie lek\u00f3w i suplement\u00f3w. Czytaj i wiedz wi\u0119cej!\",\"publisher\":{\"@id\":\"https:\/\/www.cefarm24.pl\/czytelnia\/#organization\"},\"potentialAction\":[{\"@type\":\"SearchAction\",\"target\":{\"@type\":\"EntryPoint\",\"urlTemplate\":\"https:\/\/www.cefarm24.pl\/czytelnia\/?s={search_term_string}\"},\"query-input\":{\"@type\":\"PropertyValueSpecification\",\"valueRequired\":true,\"valueName\":\"search_term_string\"}}],\"inLanguage\":\"pl-PL\"},{\"@type\":\"Organization\",\"@id\":\"https:\/\/www.cefarm24.pl\/czytelnia\/#organization\",\"name\":\"Apteka Cefarm24\",\"url\":\"https:\/\/www.cefarm24.pl\/czytelnia\/\",\"logo\":{\"@type\":\"ImageObject\",\"inLanguage\":\"pl-PL\",\"@id\":\"https:\/\/www.cefarm24.pl\/czytelnia\/#\/schema\/logo\/image\/\",\"url\":\"https:\/\/www.cefarm24.pl\/czytelnia\/wp-content\/uploads\/2016\/04\/cefarm-logo.jpg\",\"contentUrl\":\"https:\/\/www.cefarm24.pl\/czytelnia\/wp-content\/uploads\/2016\/04\/cefarm-logo.jpg\",\"width\":310,\"height\":90,\"caption\":\"Apteka Cefarm24\"},\"image\":{\"@id\":\"https:\/\/www.cefarm24.pl\/czytelnia\/#\/schema\/logo\/image\/\"},\"sameAs\":[\"https:\/\/www.facebook.com\/cefarm24\/\"]},{\"@type\":\"Person\",\"@id\":\"https:\/\/www.cefarm24.pl\/czytelnia\/#\/schema\/person\/58bc3535b8df4030251392060439cc7e\",\"name\":\"A F\",\"image\":{\"@type\":\"ImageObject\",\"inLanguage\":\"pl-PL\",\"@id\":\"https:\/\/www.cefarm24.pl\/czytelnia\/#\/schema\/person\/image\/\",\"url\":\"https:\/\/secure.gravatar.com\/avatar\/348d7251e30dd20a2e62129287d8dd27?s=96&d=mm&r=g\",\"contentUrl\":\"https:\/\/secure.gravatar.com\/avatar\/348d7251e30dd20a2e62129287d8dd27?s=96&d=mm&r=g\",\"caption\":\"A F\"}}]}<\/script>\n<!-- \/ Yoast SEO plugin. -->","yoast_head_json":{"title":"Europejski Dzie\u0144 Wiedzy o Antybiotykach - Czytelnia apteki Cefarm24","description":"Antybiotyk przyspiesza proces leczenia infekcji bakteryjnych i zaka\u017ce\u0144. Jak one dzia\u0142aj\u0105 i kiedy je stosowa\u0107? O tym ma przypomina\u0107 Europejski Dzie\u0144 Wiedzy o Antybiotykach.","robots":{"index":"index","follow":"follow","max-snippet":"max-snippet:-1","max-image-preview":"max-image-preview:large","max-video-preview":"max-video-preview:-1"},"canonical":"https:\/\/www.cefarm24.pl\/czytelnia\/zdrowie\/europejski-dzien-wiedzy-o-antybiotykach\/","twitter_misc":{"Napisane przez":"A F","Szacowany czas czytania":"3 minuty"},"schema":{"@context":"https:\/\/schema.org","@graph":[{"@type":"Article","@id":"https:\/\/www.cefarm24.pl\/czytelnia\/zdrowie\/europejski-dzien-wiedzy-o-antybiotykach\/#article","isPartOf":{"@id":"https:\/\/www.cefarm24.pl\/czytelnia\/zdrowie\/europejski-dzien-wiedzy-o-antybiotykach\/"},"author":{"name":"A F","@id":"https:\/\/www.cefarm24.pl\/czytelnia\/#\/schema\/person\/58bc3535b8df4030251392060439cc7e"},"headline":"Europejski Dzie\u0144 Wiedzy o Antybiotykach","datePublished":"2020-11-05T07:32:27+00:00","dateModified":"2022-02-14T13:08:52+00:00","mainEntityOfPage":{"@id":"https:\/\/www.cefarm24.pl\/czytelnia\/zdrowie\/europejski-dzien-wiedzy-o-antybiotykach\/"},"wordCount":596,"publisher":{"@id":"https:\/\/www.cefarm24.pl\/czytelnia\/#organization"},"image":{"@id":"https:\/\/www.cefarm24.pl\/czytelnia\/zdrowie\/europejski-dzien-wiedzy-o-antybiotykach\/#primaryimage"},"thumbnailUrl":"https:\/\/www.cefarm24.pl\/czytelnia\/wp-content\/uploads\/2020\/11\/antybiotyk-e1604562009592.jpg","articleSection":["Odporno\u015b\u0107","Produkty","Zdrowie"],"inLanguage":"pl-PL"},{"@type":"WebPage","@id":"https:\/\/www.cefarm24.pl\/czytelnia\/zdrowie\/europejski-dzien-wiedzy-o-antybiotykach\/","url":"https:\/\/www.cefarm24.pl\/czytelnia\/zdrowie\/europejski-dzien-wiedzy-o-antybiotykach\/","name":"Europejski Dzie\u0144 Wiedzy o Antybiotykach - Czytelnia apteki Cefarm24","isPartOf":{"@id":"https:\/\/www.cefarm24.pl\/czytelnia\/#website"},"primaryImageOfPage":{"@id":"https:\/\/www.cefarm24.pl\/czytelnia\/zdrowie\/europejski-dzien-wiedzy-o-antybiotykach\/#primaryimage"},"image":{"@id":"https:\/\/www.cefarm24.pl\/czytelnia\/zdrowie\/europejski-dzien-wiedzy-o-antybiotykach\/#primaryimage"},"thumbnailUrl":"https:\/\/www.cefarm24.pl\/czytelnia\/wp-content\/uploads\/2020\/11\/antybiotyk-e1604562009592.jpg","datePublished":"2020-11-05T07:32:27+00:00","dateModified":"2022-02-14T13:08:52+00:00","description":"Antybiotyk przyspiesza proces leczenia infekcji bakteryjnych i zaka\u017ce\u0144. Jak one dzia\u0142aj\u0105 i kiedy je stosowa\u0107? O tym ma przypomina\u0107 Europejski Dzie\u0144 Wiedzy o Antybiotykach.","breadcrumb":{"@id":"https:\/\/www.cefarm24.pl\/czytelnia\/zdrowie\/europejski-dzien-wiedzy-o-antybiotykach\/#breadcrumb"},"inLanguage":"pl-PL","potentialAction":[{"@type":"ReadAction","target":["https:\/\/www.cefarm24.pl\/czytelnia\/zdrowie\/europejski-dzien-wiedzy-o-antybiotykach\/"]}]},{"@type":"ImageObject","inLanguage":"pl-PL","@id":"https:\/\/www.cefarm24.pl\/czytelnia\/zdrowie\/europejski-dzien-wiedzy-o-antybiotykach\/#primaryimage","url":"https:\/\/www.cefarm24.pl\/czytelnia\/wp-content\/uploads\/2020\/11\/antybiotyk-e1604562009592.jpg","contentUrl":"https:\/\/www.cefarm24.pl\/czytelnia\/wp-content\/uploads\/2020\/11\/antybiotyk-e1604562009592.jpg","width":1425,"height":749,"caption":"Antybiotyk"},{"@type":"BreadcrumbList","@id":"https:\/\/www.cefarm24.pl\/czytelnia\/zdrowie\/europejski-dzien-wiedzy-o-antybiotykach\/#breadcrumb","itemListElement":[{"@type":"ListItem","position":1,"name":"Strona g\u0142\u00f3wna","item":"https:\/\/www.cefarm24.pl\/"},{"@type":"ListItem","position":2,"name":"Czytelnia","item":"https:\/\/www.cefarm24.pl\/czytelnia\/"},{"@type":"ListItem","position":3,"name":"Zdrowie","item":"https:\/\/www.cefarm24.pl\/czytelnia\/zdrowie\/"},{"@type":"ListItem","position":4,"name":"Europejski Dzie\u0144 Wiedzy o Antybiotykach"}]},{"@type":"WebSite","@id":"https:\/\/www.cefarm24.pl\/czytelnia\/#website","url":"https:\/\/www.cefarm24.pl\/czytelnia\/","name":"Czytelnia apteki Cefarm24","description":"Porady zdrowotne, opisy chor\u00f3b, nowo\u015bci w ofercie lek\u00f3w i suplement\u00f3w. Czytaj i wiedz wi\u0119cej!","publisher":{"@id":"https:\/\/www.cefarm24.pl\/czytelnia\/#organization"},"potentialAction":[{"@type":"SearchAction","target":{"@type":"EntryPoint","urlTemplate":"https:\/\/www.cefarm24.pl\/czytelnia\/?s={search_term_string}"},"query-input":{"@type":"PropertyValueSpecification","valueRequired":true,"valueName":"search_term_string"}}],"inLanguage":"pl-PL"},{"@type":"Organization","@id":"https:\/\/www.cefarm24.pl\/czytelnia\/#organization","name":"Apteka Cefarm24","url":"https:\/\/www.cefarm24.pl\/czytelnia\/","logo":{"@type":"ImageObject","inLanguage":"pl-PL","@id":"https:\/\/www.cefarm24.pl\/czytelnia\/#\/schema\/logo\/image\/","url":"https:\/\/www.cefarm24.pl\/czytelnia\/wp-content\/uploads\/2016\/04\/cefarm-logo.jpg","contentUrl":"https:\/\/www.cefarm24.pl\/czytelnia\/wp-content\/uploads\/2016\/04\/cefarm-logo.jpg","width":310,"height":90,"caption":"Apteka Cefarm24"},"image":{"@id":"https:\/\/www.cefarm24.pl\/czytelnia\/#\/schema\/logo\/image\/"},"sameAs":["https:\/\/www.facebook.com\/cefarm24\/"]},{"@type":"Person","@id":"https:\/\/www.cefarm24.pl\/czytelnia\/#\/schema\/person\/58bc3535b8df4030251392060439cc7e","name":"A F","image":{"@type":"ImageObject","inLanguage":"pl-PL","@id":"https:\/\/www.cefarm24.pl\/czytelnia\/#\/schema\/person\/image\/","url":"https:\/\/secure.gravatar.com\/avatar\/348d7251e30dd20a2e62129287d8dd27?s=96&d=mm&r=g","contentUrl":"https:\/\/secure.gravatar.com\/avatar\/348d7251e30dd20a2e62129287d8dd27?s=96&d=mm&r=g","caption":"A F"}}]}},"_links":{"self":[{"href":"https:\/\/www.cefarm24.pl\/czytelnia\/wp-json\/wp\/v2\/posts\/4979","targetHints":{"allow":["GET"]}}],"collection":[{"href":"https:\/\/www.cefarm24.pl\/czytelnia\/wp-json\/wp\/v2\/posts"}],"about":[{"href":"https:\/\/www.cefarm24.pl\/czytelnia\/wp-json\/wp\/v2\/types\/post"}],"author":[{"embeddable":true,"href":"https:\/\/www.cefarm24.pl\/czytelnia\/wp-json\/wp\/v2\/users\/3"}],"replies":[{"embeddable":true,"href":"https:\/\/www.cefarm24.pl\/czytelnia\/wp-json\/wp\/v2\/comments?post=4979"}],"version-history":[{"count":2,"href":"https:\/\/www.cefarm24.pl\/czytelnia\/wp-json\/wp\/v2\/posts\/4979\/revisions"}],"predecessor-version":[{"id":8649,"href":"https:\/\/www.cefarm24.pl\/czytelnia\/wp-json\/wp\/v2\/posts\/4979\/revisions\/8649"}],"wp:featuredmedia":[{"embeddable":true,"href":"https:\/\/www.cefarm24.pl\/czytelnia\/wp-json\/wp\/v2\/media\/4981"}],"wp:attachment":[{"href":"https:\/\/www.cefarm24.pl\/czytelnia\/wp-json\/wp\/v2\/media?parent=4979"}],"wp:term":[{"taxonomy":"category","embeddable":true,"href":"https:\/\/www.cefarm24.pl\/czytelnia\/wp-json\/wp\/v2\/categories?post=4979"},{"taxonomy":"post_tag","embeddable":true,"href":"https:\/\/www.cefarm24.pl\/czytelnia\/wp-json\/wp\/v2\/tags?post=4979"}],"curies":[{"name":"wp","href":"https:\/\/api.w.org\/{rel}","templated":true}]}}