{"id":4894,"date":"2020-09-17T09:37:06","date_gmt":"2020-09-17T07:37:06","guid":{"rendered":"https:\/\/www.cefarm24.pl\/czytelnia\/?p=4894"},"modified":"2025-01-12T10:20:25","modified_gmt":"2025-01-12T09:20:25","slug":"afty-skad-sie-biora-i-jak-z-nimi-walczyc","status":"publish","type":"post","link":"https:\/\/www.cefarm24.pl\/czytelnia\/zdrowie\/afty-skad-sie-biora-i-jak-z-nimi-walczyc\/","title":{"rendered":"Afty &#8211; sk\u0105d si\u0119 bior\u0105 i jak z nimi walczy\u0107?"},"content":{"rendered":"\n<p><strong>Afty to niewielkie owrzodzenia i nad\u017cerki<\/strong>, kt\u00f3re tworz\u0105 si\u0119 w jamie ustnej. Maj\u0105 wielko\u015b\u0107 od ok. 1 mm do 2-3 cm, s\u0105 pokryte bia\u0142ym nalotem, a dooko\u0142a tworzy si\u0119 r\u00f3\u017cowy obrz\u0119k. To bardzo bolesna dolegliwo\u015b\u0107, a do tego nawracaj\u0105ca. Te niewielkich rozmiar\u00f3w nad\u017cerki mog\u0105 pojawi\u0107 si\u0119 z wielu przyczyn, powoduj\u0105c znaczny dyskomfort. Owrzodzenia w jamie ustnej najcz\u0119\u015bciej znikaj\u0105 po kilku dniach, jednak znacznie wi\u0119kszy problem mog\u0105 powodowa\u0107 tzw. afty nawrotowe. <strong>Jak poradzi\u0107 sobie z aftami i kiedy uda\u0107 si\u0119 do lekarza?<\/strong><\/p>\n\n\n\n<h2 class=\"wp-block-heading\">Ma\u0142a rana, lecz ogromny b\u00f3l<\/h2><div class=\"article-box-container inside-article-box-container\"><div class=\"article-box-image-container\">\r\n                    <img decoding=\"async\" src=\"https:\/\/www.cefarm24.pl\/czytelnia\/wp-content\/uploads\/2020\/09\/plukanie-zebow-e1599632872373.jpg\" alt=\"Preparaty do higieny jamy ustnej\" class=\"img-responsive\" \/>\r\n                <\/div><div class=\"article-box-content-container\">\r\n                    <p class=\"article-box-title\">Preparaty do higieny jamy ustnej<\/p>\r\n                <div class=\"article-box-description\"><\/div><div class=\"article-box-buttons\"><div class=\"article-box-button\"><a href=\"https:\/\/www.cefarm24.pl\/choroby-dziasel-paradontoza-afty-zajady.html\" target=\"_blank\" class=\"btn btn-article-box\">Do leczenia chor\u00f3b <\/a><\/div><div class=\"article-box-button\"><a href=\"https:\/\/www.cefarm24.pl\/higiena-jamy-ustnej.html\" target=\"_blank\" class=\"btn btn-article-box\">Do higieny jamy ustnej<\/a><\/div><div class=\"article-box-button\"><a href=\"https:\/\/www.cefarm24.pl\/pasty.html\" target=\"_blank\" class=\"btn btn-article-box\">Do mycia z\u0119b\u00f3w<\/a><\/div><\/div><\/div><\/div>\n\n\n\n<p><strong>Afty u doros\u0142ych<\/strong>, podobnie jak u dzieci, najcz\u0119\u015bciej pojawiaj\u0105 si\u0119 na policzkach, j\u0119zyku, migda\u0142kach i na po\u0142\u0105czeniu policzk\u00f3w z dzi\u0105s\u0142ami. Z regu\u0142y zmiany s\u0105 pojedyncze, ale wyst\u0119powa\u0107 mog\u0105 r\u00f3wnie\u017c w grupach. Dodatkowy objaw choroby to powi\u0119kszone w\u0119z\u0142y ch\u0142onne. Owrzodzenie jamy ustnej jest charakterystyczne dla wieku dzieci\u0119cego, lecz afty wyst\u0119puj\u0105 tak\u017ce u os\u00f3b do ok. 40 roku \u017cycia. Jest to bolesna dolegliwo\u015b\u0107, kt\u00f3ra utrudnia codzienne funkcjonowanie i wykonywanie podstawowych czynno\u015bci, jak m\u00f3wienie, jedzenie i picie. Chore osoby maj\u0105 te\u017c problemy z obrz\u0119kiem jamy ustnej, czuj\u0105 dyskomfort i s\u0105 wra\u017cliwe na wyraziste smaki.<\/p>\n\n\n\n<p><strong>Przyczyny powstawania aft<\/strong> mog\u0105 by\u0107 r\u00f3\u017cne, poza tym afty w jamie ustnej mog\u0105 r\u00f3\u017cni\u0107 si\u0119 mi\u0119dzy sob\u0105 wielko\u015bci\u0105, cz\u0119stotliwo\u015bci\u0105 powstawania, a tak\u017ce czasem trwania. Afty dzieli si\u0119 na ma\u0142e, du\u017ce, opryszczkowe oraz afty Bednara (afty u dzieci). Leczenie aft powinno trwa\u0107 ok. tygodnia, lecz problem ten najcz\u0119\u015bciej powraca. Afty cz\u0119sto s\u0105 mylone z <a href=\"https:\/\/www.cefarm24.pl\/czytelnia\/zdrowie\/matka-i-dziecko-zdrowie\/plesniawki-u-dziecka\/\">ple\u015bniawkami<\/a>. Te drugie s\u0105 jednak mniej bolesne, wyst\u0119puj\u0105 tylko u dzieci i jest to zmiana grzybicza.<\/p>\n\n\n\n<h2 class=\"wp-block-heading\">Przyczyny powstawania aft<\/h2>\n\n\n\n<p><strong>Afty<\/strong> mog\u0105 mie\u0107 r\u00f3\u017cne<strong> przyczyny<\/strong>. Wielko\u015b\u0107 aft zazwyczaj wskazuje na przyczyny ich pojawienia si\u0119. Ma\u0142e zmiany mog\u0105 powsta\u0107 nawet na skutek uk\u0142ucia szczoteczk\u0105 do z\u0119b\u00f3w. Nie bez powodu te\u017c rodzice upominaj\u0105 swoje pociechy, aby nie wk\u0142ada\u0142y do buzi zabrudzonych przedmiot\u00f3w. To jedna z g\u0142\u00f3wnych przyczyn tworzenia si\u0119 owrzodze\u0144. Ponadto aftom \u201esprzyja\u201d jedzenie nieumytych warzyw i owoc\u00f3w, choroby z\u0119b\u00f3w (pr\u00f3chnica, kamie\u0144 naz\u0119bny), wyrzynaj\u0105ce si\u0119 z\u0119by, alergia, przyjmowanie lek\u00f3w (np. silnych antybiotyk\u00f3w)<s>,<\/s> czy nieprawid\u0142owo dobrana proteza. <strong>Od czego <\/strong>jeszcze<strong> robi\u0105 si\u0119 afty<\/strong>? Tworzenie si\u0119 ma\u0142ych aft mo\u017ce mie\u0107 r\u00f3wnie\u017c pod\u0142o\u017ce&nbsp;<a href=\"https:\/\/www.cefarm24.pl\/czytelnia\/dieta\/zdrowa-dieta-a-choroby-autoimmunologiczne\">autoimmunologiczne<\/a>&nbsp;\u2013 np. stres. W przypadku ma\u0142ych ran owrzodzenia powinny znikn\u0105\u0107 po kilku dniach.<\/p>\n\n\n\n<p><strong>Afty w buzi<\/strong> pojawia\u0107 si\u0119 mog\u0105 te\u017c w nast\u0119pstwie powsta\u0142ych wcze\u015bniej uraz\u00f3w, kt\u00f3re mog\u0142y pojawi\u0107 si\u0119 na przyk\u0142ad po wizycie u stomatologa. <strong>Afty na ustach<\/strong> mog\u0105 by\u0107 poza tym efektem ubocznym stosowanych lek\u00f3w hormonalnych. <strong>Cz\u0119ste afty w jamie ustnej<\/strong> zwi\u0105zane mog\u0105 by\u0107 r\u00f3wnie\u017c z jedzeniem twardych, chrupi\u0105cych posi\u0142k\u00f3w, kt\u00f3re podra\u017cniaj\u0105 wn\u0119trze jamy ustnej. <strong>Afty jamy ustnej<\/strong> mog\u0105 by\u0107 tak\u017ce efektem wzrostu st\u0119\u017cenia kortyzolu w \u015blinie. Konsekwencj\u0105 tego jest mi\u0119dzy innymi spadek odporno\u015bci, co w znacznym stopniu u\u0142atwia rozw\u00f3j aft. Za pojawianie si\u0119 aft odpowiada\u0107 mo\u017ce r\u00f3wnie\u017c SLS (laurylosiarczan sodu) \u2013 sk\u0142adnik, kt\u00f3ry znale\u017a\u0107 mo\u017cna w niekt\u00f3rych produktach przeznaczonych do piel\u0119gnacji jamy ustnej.<\/p>\n\n\n\n<h2 class=\"wp-block-heading\">Nawracaj\u0105ce afty w jamie ustnej &#8211; przyczyny<\/h2>\n\n\n\n<p>Wi\u0119ksze afty mog\u0105 by\u0107 objawem powa\u017cniejszych problem\u00f3w takich jak zaburzenia hormonalne, zaka\u017cenie wirusem HIV lub opryszczki, niedob\u00f3r <a href=\"https:\/\/www.cefarm24.pl\/czytelnia\/dieta\/wazne-mikroelementy-zelazo\/\">\u017celaza<\/a>, a tak\u017ce niedob\u00f3r witamin z grupy B, w tym witaminy B12 oraz kwasu foliowego. Do tego dochodzi spo\u017cywanie niekt\u00f3rych pokarm\u00f3w (twardych ser\u00f3w i orzech\u00f3w) i brak higieny jamy ustnej. Leczenie du\u017cych aft trwa d\u0142u\u017cej, bo ok. 3-4 tygodnie. Po zagojeniu si\u0119 ran mog\u0105 pozosta\u0107 blizny. Je\u017celi afty pojawiaj\u0105 si\u0119 cz\u0119\u015bciej ni\u017c raz do roku, mo\u017ce by\u0107 to tzw. aftoza nawrotowa <strong>(nawracaj\u0105ce afty<\/strong>). W tym przypadku du\u017c\u0105 rol\u0119 odgrywaj\u0105 czynniki genetyczne. 30 proc. os\u00f3b, kt\u00f3re borykaj\u0105 si\u0119 z tym problemem, ma<s>j\u0105<\/s> w rodzinie osoby z podobnymi dolegliwo\u015bciami. Aftoza nawrotowa bywa tak\u017ce objawem choroby (refluksowej, migda\u0142k\u00f3w, Le\u015bniowskiego-Crohna), celiakii lub <a href=\"https:\/\/www.cefarm24.pl\/czytelnia\/zdrowie\/choroby-i-terapie\/zapalenie-zatok-objawy-i-leczenie\/\">zapalenia zatok<\/a>. Nawracaj\u0105ce nad\u017cerki mog\u0105 by\u0107 te\u017c objawem syndromu Beh\u00e7eta, zaka\u017cenia wirusem brodawczaka czy te\u017c zaka\u017cenia wirusem opryszczki. Diagnoza nale\u017cy jednak zawsze do lekarza.<\/p>\n\n\n\n<p>Przewlek\u0142e <strong>afty w ustach<\/strong> mog\u0105 by\u0107 te\u017c efektem przyjmowania niekt\u00f3rych lek\u00f3w (mi\u0119dzy innymi gum nikotynowych lub pastylek do ssania) oraz jedzenia brudnymi sztu\u0107cami, a tak\u017ce spo\u017cywania nieumytych owoc\u00f3w i warzyw. Do ich rozwoju przyczyni\u0107 si\u0119 mo\u017ce te\u017c obgryzanie paznokci czy gryzienie d\u0142ugopis\u00f3w. Cz\u0119st\u0105 dolegliwo\u015bci\u0105 jest nie tylko <strong>afta na policzku<\/strong>, ale te\u017c <strong>afta na podniebieniu<\/strong>. Z przewlek\u0142ym aftami mog\u0105 mie\u0107 te\u017c do czynienia osoby z chorobami z\u0119b\u00f3w, do kt\u00f3rych zalicza si\u0119 mi\u0119dzy innymi zapalenie miazgi, kamie\u0144 naz\u0119bny czy <a href=\"https:\/\/www.cefarm24.pl\/czytelnia\/zdrowie\/choroby-i-terapie\/prochnica-objawy-i-leczenie\/\">pr\u00f3chnica<\/a>.<\/p>\n\n\n\n<h2 class=\"wp-block-heading\">Afta &#8211; jak wygl\u0105da?<\/h2>\n\n\n\n<p>Objawy aft s\u0105 charakterystyczne. <strong>Jak wygl\u0105daj\u0105 afty<\/strong>? Cech\u0105 charakterystyczn\u0105 aft jest obecno\u015b\u0107 owrzodze\u0144 na b\u0142onie \u015bluzowej jamy ustnej. Zmiany te mog\u0105 by\u0107:<\/p>\n\n\n\n<ul class=\"wp-block-list\">\n<li>pojedyncze lub mnogie,<\/li>\n\n\n\n<li>okr\u0105g\u0142e lub owalne,<\/li>\n\n\n\n<li>o nieregularnym zarysie,<\/li>\n\n\n\n<li>otoczone r\u0105bkiem zapalnym,<\/li>\n\n\n\n<li>pokryte nalotem w\u0142\u00f3knikowym.<\/li>\n<\/ul>\n\n\n\n<p><strong>Jak wygl\u0105da afta w jamie ustnej<\/strong>? Powsta\u0142e owrzodzenia po 1\u20132 dniach pokrywaj\u0105 si\u0119 zwykle nalotem w\u0142\u00f3knikowym barwy \u017c\u00f3\u0142tej, bia\u0142ej lub szarej, kt\u00f3ry bardzo cz\u0119sto otoczony jest czerwon\u0105 obw\u00f3dk\u0105. Niekiedy objawem aft, zw\u0142aszcza tych ma\u0142ych, mog\u0105 by\u0107 powi\u0119kszone okoliczne w\u0119z\u0142y ch\u0142onne. U niekt\u00f3rych os\u00f3b, opr\u00f3cz powi\u0119kszonych w\u0119z\u0142\u00f3w ch\u0142onnych, wyst\u0105pi\u0107 mo\u017ce r\u00f3wnie\u017c podwy\u017cszona temperatura.<\/p>\n\n\n\n<h2 class=\"wp-block-heading\">Sposoby na afty<\/h2>\n\n\n\n<p>Je\u015bli chodzi o <strong>afty, leczenie<\/strong> polega na stosowaniu miejscowych preparat\u00f3w o dzia\u0142aniu przeciwzapalnym lub antyseptycznym. Ich stosowanie ma na celu przede wszystkim odizolowanie powsta\u0142ej zmiany chorobowej od czynnik\u00f3w dra\u017cni\u0105cych. Miejscowe leczenie ma\u0142ych aft mo\u017cna zacz\u0105\u0107 od \u017cel\u00f3w i krem\u00f3w z lidokain\u0105, kt\u00f3ra dzia\u0142a znieczulaj\u0105co. Dobrze dzia\u0142aj\u0105 r\u00f3wnie\u017c roztwory do p\u0142ukania jamy ustnej i leki na gojenie si\u0119 ran (np. z dekspantenolem). Je\u017celi po 4 tygodniach afty nie znikaj\u0105, warto skontaktowa\u0107 si\u0119 z lekarzem. Wizyta u specjalisty jest wskazana, zw\u0142aszcza gdy pojawi si\u0119 gor\u0105czka lub wysypka. Leczenie rozpoczyna si\u0119 od badania krwi i oznaczenia poziomu glukozy. Lekarz mo\u017ce zleci\u0107 kolejne badania w celu wykluczenia chor\u00f3b og\u00f3lnoustrojowych oraz przepisa\u0107 \u015brodki o dzia\u0142aniu immunosupresyjnym i immunostymuluj\u0105cym. Je\u017celi to nie przyniesie efektu, konieczne b\u0119dzie zastosowanie steryd\u00f3w. Dobrym wsparciem przy leczeniu aft jest \u017ce\u0144-sze\u0144, olej z w\u0105troby rekina i wyci\u0105g z nasion og\u00f3recznika.<\/p>\n\n\n\n<p>Lecz\u0105c <strong>afty na podniebieniu<\/strong> lub na tylnej cz\u0119\u015bci gard\u0142a, czyli w miejscach trudno dost\u0119pnych, warto stosowa\u0107 produkty w sprayu, kt\u00f3re s\u0105 \u0142atwe w aplikacji, poza tym ograniczaj\u0105 ryzyko wyst\u0105pienia odruch\u00f3w wymiotnych. Opr\u00f3cz produkt\u00f3w, kt\u00f3re znale\u017a\u0107 mo\u017cna w aptekach, sprawdzi\u0107 si\u0119 mog\u0105 te\u017c domowe sposoby na afty.<\/p>\n\n\n\n<h2 class=\"wp-block-heading\">Afty &#8211; jak leczy\u0107 domowymi sposobami?<\/h2>\n\n\n\n<p>Dolegliwo\u015bci zwi\u0105zane z aftami mo\u017cna \u0142agodzi\u0107 domowymi sposobami. Ulg\u0119 przynosi m.in. mi\u00f3d i olej kokosowy. Polecana jest te\u017c papka z sody oczyszczonej, proszku do pieczenia oraz wody. By j\u0105 przygotowa\u0107, nale\u017cy wymiesza\u0107 jeden ze sk\u0142adnik\u00f3w z niewielk\u0105 ilo\u015bci\u0105 wody. Tak przygotowan\u0105 past\u0119 nale\u017cy delikatnie wmasowa\u0107 w miejsca z aftami. Do tego sprawdzaj\u0105 si\u0119 p\u0142ukanki z wody r\u00f3\u017canej lub zi\u00f3\u0142 (m.in. sza\u0142wii, rumianku, li\u015bci maliny). P\u0142ukanie jamy ustnej mo\u017ce okaza\u0107 si\u0119 pomocne w zmniejszeniu stanu zapalnego jamy ustnej. Warto tak\u017ce wyeliminowa\u0107 czynniki, kt\u00f3re powoduj\u0105 afty (stres) lub podra\u017cniaj\u0105 rany. Mowa tu o gor\u0105cych pokarmach i napojach, cytrusach, zbyt doprawionych potrawach czy alkoholu. W zamian za to nale\u017cy wzmocni\u0107 organizm jogurtami, owocami i warzywami (fasol\u0105, cebul\u0105), dro\u017cd\u017cami oraz witaminami B12, A, C i E.<\/p>\n\n\n\n<p><strong>Co <\/strong>jeszcze<strong> na afty u doros\u0142ych<\/strong> z domowych metod mo\u017ce si\u0119 sprawdzi\u0107? Ulg\u0119 przy aftach przynie\u015b\u0107 mo\u017ce przyk\u0142adanie do zmienionych chorobowo miejsc torebki ze \u015bwie\u017co zaparzonej i wystudzonej herbaty. Ran\u0119 odka\u017ca\u0107 mo\u017cna te\u017c wod\u0105 utlenion\u0105. Inn\u0105 domow\u0105 metod\u0105 na afty jest p\u0142ukanie jamy ustnej przygotowanym wcze\u015bniej roztworem wody i soli. Do innych domowych sposob\u00f3w na afty zalicza si\u0119 preparaty na bazie je\u017c\u00f3wki (byliny nale\u017c\u0105cej do rodziny astrowatych), kt\u00f3re maj\u0105 na celu przyspieszenie gojenia si\u0119 \u015bluz\u00f3wki. Osobom z aftami zaleca si\u0119 te\u017c picie sok\u00f3w z marchwi, cebuli i selera, jako \u015brodk\u00f3w o dzia\u0142aniu wzmacniaj\u0105cym.<\/p>\n\n\n\n<h2 class=\"wp-block-heading\">Jak nie leczy\u0107 afty w jamie ustnej? Wa\u017cna odpowiednia profilaktyka!<\/h2>\n\n\n\n<p>Bardzo wa\u017cna jest zar\u00f3wno wiedza na temat, <strong>jak wyleczy\u0107 aft\u0119<\/strong>, jak i na temat dzia\u0142a\u0144 profilaktycznych, kt\u00f3re maj\u0105 na celu zmniejszenie ryzyka pojawienia si\u0119 aft. Do wa\u017cnych czynno\u015bci maj\u0105cych na celu zapobieganie aftom jest odpowiednia higiena jamy ustnej. Du\u017ce znaczenie ma mi\u0119dzy innymi systematyczne usuwanie <a href=\"https:\/\/www.cefarm24.pl\/czytelnia\/uroda\/kamien-nazebny-jak-sie-go-pozbyc\/\">kamienia naz\u0119bnego<\/a>. Wa\u017cne s\u0105 te\u017c regularne kontrole u dentysty i szybkie reakcje na zachodz\u0105ce w obr\u0119bie jamy ustnej zmiany. Nie bez znaczenia pozostaje te\u017c dok\u0142adne i regularne szczotkowanie z\u0119b\u00f3w. Niezale\u017cnie od rodzaju szczoteczki, z\u0119by nale\u017cy szczotkowa\u0107 prawid\u0142owo, obejmuj\u0105c wszystkie ich obszary, w tym tak\u017ce kieszenie dzi\u0105s\u0142owe. Zmniejszenie ryzyka wyst\u0105pienia aft wi\u0105\u017ce si\u0119 te\u017c z korzystaniem ze \u015brodk\u00f3w do jamy ustnej takich jak p\u0142yny antybakteryjne czy nitki dentystyczne. Je\u015bli szczotkowanie z\u0119b\u00f3w jest zbyt bolesne, warto wymieni\u0107 szczoteczk\u0119 do z\u0119b\u00f3w na bardziej mi\u0119kk\u0105.<\/p>\n\n\n\n<p>Zapobieganie rozwojowi aft zwi\u0105zane jest te\u017c z unikaniem wysoko przetworzonej \u017cywno\u015bci, w kt\u00f3rej sk\u0142adzie znajduj\u0105 si\u0119 szkodliwe dla zdrowia konserwanty oraz sztuczne barwniki. Wa\u017cne jest te\u017c podejmowanie dzia\u0142a\u0144, kt\u00f3re mog\u0142yby doprowadzi\u0107 do wyst\u0105pienia uraz\u00f3w mechanicznych. Do takich dzia\u0142a\u0144 zalicza si\u0119 delikatne szczotkowanie z\u0119b\u00f3w, a tak\u017ce dba\u0142o\u015b\u0107 o dzi\u0105s\u0142a. Du\u017ce znaczenie odgrywa te\u017c reagowanie na r\u00f3\u017cnego rodzaju podra\u017cnienia jamy ustnej, kt\u00f3re mog\u0105 powsta\u0107 np. przez ostr\u0105 kraw\u0119d\u017a z\u0119ba. Poprzez wykonywanie tego rodzaju czynno\u015bci zapobiec mo\u017cna w znacznym stopniu pojawieniu si\u0119 aft w jamie ustnej.<\/p>\n\n\n\n<h2 class=\"wp-block-heading\">Afta &#8211; czy jest zara\u017aliwa?<\/h2>\n\n\n\n<p>Niezale\u017cnie od tego, <strong>jak wygl\u0105da afta<\/strong> i w jaki spos\u00f3b przebiega jej leczenie, pacjent przez ca\u0142y czas powinien przestrzega\u0107 zasad, kt\u00f3re maj\u0105 na celu jak najszybsze ust\u0105pienie objaw\u00f3w. Zmiany, jakimi s\u0105 afty, nie s\u0105 powodowane przez infekcj\u0119 wirusow\u0105, dlatego nie mo\u017cna si\u0119 nimi zarazi\u0107. Zara\u017aliwa jest natomiast opryszczka wargowa. <a href=\"https:\/\/www.cefarm24.pl\/czytelnia\/uroda\/sprawdzone-sposoby-opryszczke\/\">Opryszczka<\/a> wargowa nie jest zwykle gro\u017ana, jednak je\u015bli zostanie przeniesiona do oka pacjenta, mo\u017ce przyczyni\u0107 si\u0119 nawet do utraty wzroku. Gro\u017ana mo\u017ce by\u0107 te\u017c opryszczka u kobiet b\u0119d\u0105cych w ci\u0105\u017cy.<\/p>\n\n\n\n<h2 class=\"wp-block-heading\">Jak odr\u00f3\u017cni\u0107 afty od ple\u015bniawek?<\/h2>\n\n\n\n<p>Owalne owrzodzenia pojawiaj\u0105ce si\u0119 w jamie ustnej, w tym na policzkach, to <strong>afty. Ple\u015bniawki w jamie ustnej<\/strong> to z kolei kremowobia\u0142e naloty u dziecka, kt\u00f3re wywo\u0142ywane s\u0105 przez grzyby zwane dro\u017cd\u017cakami. Pojawiaj\u0105 si\u0119 najcz\u0119\u015bciej u najm\u0142odszych dzieci, wygl\u0105dem przypominaj\u0105c resztki mleka, kt\u00f3re pozosta\u0142y na policzkach, dzi\u0105s\u0142ach, j\u0119zyku oraz na podniebieniu. Zdarza si\u0119 jednak, \u017ce doj\u015b\u0107 mo\u017ce do zaj\u0119cia przez ple\u015bniawki r\u00f3wnie\u017c prze\u0142yku, krtani czy tchawicy. Niekiedy (chocia\u017c zdarza si\u0119 to bardzo rzadko) ple\u015bniawki mog\u0105 pojawia\u0107 si\u0119 r\u00f3wnie\u017c u os\u00f3b doros\u0142ych. Zar\u00f3wno aftom, jak i ple\u015bniawkom sprzyja\u0107 mo\u017ce nieprawid\u0142owa higiena. Ple\u015bniawkom sprzyja\u0107 mo\u017ce te\u017c zaka\u017cenie w czasie karmienia, a tak\u017ce leczenie antybiotykami.<\/p>\n\n\n\n<p>Literatura:<\/p>\n\n\n\n<ul class=\"wp-block-list has-small-font-size\">\n<li><em>Krawiecka E., Wyst\u0119powanie nawracaj\u0105cego aftowego zapalenia jamy ustnej w aspekcie chor\u00f3b og\u00f3lnoustrojowych oraz niedobor\u00f3w \u017celaza, witaminy B12 i witaminy D, Pozna\u0144 2017, https:\/\/www.wbc.poznan.pl\/Content\/447775\/PDF\/index.pdf, dost\u0119p 08.2022<\/em><\/li>\n\n\n\n<li><em>Antoniv R., Lipska W., K\u0119sek B., Lipski M., Ga\u0142ecka-Wanatowicz D., Chomyszyn-Gajewska M., Afty nawracaj\u0105ce \u2013 przegl\u0105d pi\u015bmiennictwa, Nowa Stomatologia, 3\/2014, http:\/\/www.nstomatologia.pl\/wp-content\/uploads\/2015\/01\/ns_2014_142-146.pdf, dost\u0119p 08.2022<\/em><\/li>\n\n\n\n<li><em>Tyszkiewicz I., Koz\u0142owski Z., Wsp\u00f3\u0142czesne pogl\u0105dy na temat leczenia aft nawracaj\u0105cych \u2013 przegl\u0105d pi\u015bmiennictwa, Dental Forum, 1\/2015, http:\/\/www.dentalforum.ump.edu.pl\/uploads\/2015\/1\/83_1_43_2015.pdf, dost\u0119p 08.2022<\/em><\/li>\n<\/ul>\n\n\n\n<p><strong>Autor artyku\u0142u: mgr farm. Ewa Gac-Wardecka<\/strong><\/p>\n","protected":false},"excerpt":{"rendered":"<p>Afty to niewielkie owrzodzenia i nad\u017cerki, kt\u00f3re tworz\u0105 si\u0119 w jamie ustnej. Maj\u0105 wielko\u015b\u0107 od ok. 1 mm do 2-3 cm, s\u0105 pokryte bia\u0142ym nalotem, a dooko\u0142a tworzy si\u0119 r\u00f3\u017cowy obrz\u0119k. To bardzo bolesna dolegliwo\u015b\u0107, a do tego nawracaj\u0105ca. Te niewielkich rozmiar\u00f3w nad\u017cerki mog\u0105 pojawi\u0107 si\u0119 z wielu przyczyn, powoduj\u0105c znaczny dyskomfort. Owrzodzenia w jamie [&hellip;]<\/p>\n","protected":false},"author":3,"featured_media":4895,"comment_status":"closed","ping_status":"open","sticky":false,"template":"","format":"standard","meta":{"_acf_changed":false,"footnotes":""},"categories":[392,384],"tags":[],"class_list":["post-4894","post","type-post","status-publish","format-standard","has-post-thumbnail","hentry","category-profilaktyka","category-zdrowie"],"acf":[],"yoast_head":"<!-- This site is optimized with the Yoast SEO plugin v24.6 - https:\/\/yoast.com\/wordpress\/plugins\/seo\/ -->\n<title>Afty - sk\u0105d si\u0119 bior\u0105 i jak z nimi walczy\u0107?<\/title>\n<meta name=\"description\" content=\"Afty to niewielkie owrzodzenia i nad\u017cerki, kt\u00f3re tworz\u0105 si\u0119 w jamie ustnej. Jak poradzi\u0107 sobie z aftami i kiedy uda\u0107 si\u0119 do lekarza?\" \/>\n<meta name=\"robots\" content=\"index, follow, max-snippet:-1, max-image-preview:large, max-video-preview:-1\" \/>\n<link rel=\"canonical\" href=\"https:\/\/www.cefarm24.pl\/czytelnia\/zdrowie\/afty-skad-sie-biora-i-jak-z-nimi-walczyc\/\" \/>\n<meta name=\"twitter:label1\" content=\"Napisane przez\" \/>\n\t<meta name=\"twitter:data1\" content=\"A F\" \/>\n\t<meta name=\"twitter:label2\" content=\"Szacowany czas czytania\" \/>\n\t<meta name=\"twitter:data2\" content=\"11 minut\" \/>\n<script type=\"application\/ld+json\" class=\"yoast-schema-graph\">{\"@context\":\"https:\/\/schema.org\",\"@graph\":[{\"@type\":\"Article\",\"@id\":\"https:\/\/www.cefarm24.pl\/czytelnia\/zdrowie\/afty-skad-sie-biora-i-jak-z-nimi-walczyc\/#article\",\"isPartOf\":{\"@id\":\"https:\/\/www.cefarm24.pl\/czytelnia\/zdrowie\/afty-skad-sie-biora-i-jak-z-nimi-walczyc\/\"},\"author\":{\"name\":\"A F\",\"@id\":\"https:\/\/www.cefarm24.pl\/czytelnia\/#\/schema\/person\/58bc3535b8df4030251392060439cc7e\"},\"headline\":\"Afty &#8211; sk\u0105d si\u0119 bior\u0105 i jak z nimi walczy\u0107?\",\"datePublished\":\"2020-09-17T07:37:06+00:00\",\"dateModified\":\"2025-01-12T09:20:25+00:00\",\"mainEntityOfPage\":{\"@id\":\"https:\/\/www.cefarm24.pl\/czytelnia\/zdrowie\/afty-skad-sie-biora-i-jak-z-nimi-walczyc\/\"},\"wordCount\":2092,\"publisher\":{\"@id\":\"https:\/\/www.cefarm24.pl\/czytelnia\/#organization\"},\"image\":{\"@id\":\"https:\/\/www.cefarm24.pl\/czytelnia\/zdrowie\/afty-skad-sie-biora-i-jak-z-nimi-walczyc\/#primaryimage\"},\"thumbnailUrl\":\"https:\/\/www.cefarm24.pl\/czytelnia\/wp-content\/uploads\/2020\/09\/afty-e1600328279417.jpg\",\"articleSection\":[\"Profilaktyka\",\"Zdrowie\"],\"inLanguage\":\"pl-PL\"},{\"@type\":\"WebPage\",\"@id\":\"https:\/\/www.cefarm24.pl\/czytelnia\/zdrowie\/afty-skad-sie-biora-i-jak-z-nimi-walczyc\/\",\"url\":\"https:\/\/www.cefarm24.pl\/czytelnia\/zdrowie\/afty-skad-sie-biora-i-jak-z-nimi-walczyc\/\",\"name\":\"Afty - sk\u0105d si\u0119 bior\u0105 i jak z nimi walczy\u0107?\",\"isPartOf\":{\"@id\":\"https:\/\/www.cefarm24.pl\/czytelnia\/#website\"},\"primaryImageOfPage\":{\"@id\":\"https:\/\/www.cefarm24.pl\/czytelnia\/zdrowie\/afty-skad-sie-biora-i-jak-z-nimi-walczyc\/#primaryimage\"},\"image\":{\"@id\":\"https:\/\/www.cefarm24.pl\/czytelnia\/zdrowie\/afty-skad-sie-biora-i-jak-z-nimi-walczyc\/#primaryimage\"},\"thumbnailUrl\":\"https:\/\/www.cefarm24.pl\/czytelnia\/wp-content\/uploads\/2020\/09\/afty-e1600328279417.jpg\",\"datePublished\":\"2020-09-17T07:37:06+00:00\",\"dateModified\":\"2025-01-12T09:20:25+00:00\",\"description\":\"Afty to niewielkie owrzodzenia i nad\u017cerki, kt\u00f3re tworz\u0105 si\u0119 w jamie ustnej. Jak poradzi\u0107 sobie z aftami i kiedy uda\u0107 si\u0119 do lekarza?\",\"breadcrumb\":{\"@id\":\"https:\/\/www.cefarm24.pl\/czytelnia\/zdrowie\/afty-skad-sie-biora-i-jak-z-nimi-walczyc\/#breadcrumb\"},\"inLanguage\":\"pl-PL\",\"potentialAction\":[{\"@type\":\"ReadAction\",\"target\":[\"https:\/\/www.cefarm24.pl\/czytelnia\/zdrowie\/afty-skad-sie-biora-i-jak-z-nimi-walczyc\/\"]}]},{\"@type\":\"ImageObject\",\"inLanguage\":\"pl-PL\",\"@id\":\"https:\/\/www.cefarm24.pl\/czytelnia\/zdrowie\/afty-skad-sie-biora-i-jak-z-nimi-walczyc\/#primaryimage\",\"url\":\"https:\/\/www.cefarm24.pl\/czytelnia\/wp-content\/uploads\/2020\/09\/afty-e1600328279417.jpg\",\"contentUrl\":\"https:\/\/www.cefarm24.pl\/czytelnia\/wp-content\/uploads\/2020\/09\/afty-e1600328279417.jpg\",\"width\":1500,\"height\":869,\"caption\":\"Afty\"},{\"@type\":\"BreadcrumbList\",\"@id\":\"https:\/\/www.cefarm24.pl\/czytelnia\/zdrowie\/afty-skad-sie-biora-i-jak-z-nimi-walczyc\/#breadcrumb\",\"itemListElement\":[{\"@type\":\"ListItem\",\"position\":1,\"name\":\"Strona g\u0142\u00f3wna\",\"item\":\"https:\/\/www.cefarm24.pl\/\"},{\"@type\":\"ListItem\",\"position\":2,\"name\":\"Czytelnia\",\"item\":\"https:\/\/www.cefarm24.pl\/czytelnia\/\"},{\"@type\":\"ListItem\",\"position\":3,\"name\":\"Zdrowie\",\"item\":\"https:\/\/www.cefarm24.pl\/czytelnia\/zdrowie\/\"},{\"@type\":\"ListItem\",\"position\":4,\"name\":\"Afty &#8211; sk\u0105d si\u0119 bior\u0105 i jak z nimi walczy\u0107?\"}]},{\"@type\":\"WebSite\",\"@id\":\"https:\/\/www.cefarm24.pl\/czytelnia\/#website\",\"url\":\"https:\/\/www.cefarm24.pl\/czytelnia\/\",\"name\":\"Czytelnia apteki Cefarm24\",\"description\":\"Porady zdrowotne, opisy chor\u00f3b, nowo\u015bci w ofercie lek\u00f3w i suplement\u00f3w. Czytaj i wiedz wi\u0119cej!\",\"publisher\":{\"@id\":\"https:\/\/www.cefarm24.pl\/czytelnia\/#organization\"},\"potentialAction\":[{\"@type\":\"SearchAction\",\"target\":{\"@type\":\"EntryPoint\",\"urlTemplate\":\"https:\/\/www.cefarm24.pl\/czytelnia\/?s={search_term_string}\"},\"query-input\":{\"@type\":\"PropertyValueSpecification\",\"valueRequired\":true,\"valueName\":\"search_term_string\"}}],\"inLanguage\":\"pl-PL\"},{\"@type\":\"Organization\",\"@id\":\"https:\/\/www.cefarm24.pl\/czytelnia\/#organization\",\"name\":\"Apteka Cefarm24\",\"url\":\"https:\/\/www.cefarm24.pl\/czytelnia\/\",\"logo\":{\"@type\":\"ImageObject\",\"inLanguage\":\"pl-PL\",\"@id\":\"https:\/\/www.cefarm24.pl\/czytelnia\/#\/schema\/logo\/image\/\",\"url\":\"https:\/\/www.cefarm24.pl\/czytelnia\/wp-content\/uploads\/2016\/04\/cefarm-logo.jpg\",\"contentUrl\":\"https:\/\/www.cefarm24.pl\/czytelnia\/wp-content\/uploads\/2016\/04\/cefarm-logo.jpg\",\"width\":310,\"height\":90,\"caption\":\"Apteka Cefarm24\"},\"image\":{\"@id\":\"https:\/\/www.cefarm24.pl\/czytelnia\/#\/schema\/logo\/image\/\"},\"sameAs\":[\"https:\/\/www.facebook.com\/cefarm24\/\"]},{\"@type\":\"Person\",\"@id\":\"https:\/\/www.cefarm24.pl\/czytelnia\/#\/schema\/person\/58bc3535b8df4030251392060439cc7e\",\"name\":\"A F\",\"image\":{\"@type\":\"ImageObject\",\"inLanguage\":\"pl-PL\",\"@id\":\"https:\/\/www.cefarm24.pl\/czytelnia\/#\/schema\/person\/image\/\",\"url\":\"https:\/\/secure.gravatar.com\/avatar\/348d7251e30dd20a2e62129287d8dd27?s=96&d=mm&r=g\",\"contentUrl\":\"https:\/\/secure.gravatar.com\/avatar\/348d7251e30dd20a2e62129287d8dd27?s=96&d=mm&r=g\",\"caption\":\"A F\"}}]}<\/script>\n<!-- \/ Yoast SEO plugin. -->","yoast_head_json":{"title":"Afty - sk\u0105d si\u0119 bior\u0105 i jak z nimi walczy\u0107?","description":"Afty to niewielkie owrzodzenia i nad\u017cerki, kt\u00f3re tworz\u0105 si\u0119 w jamie ustnej. Jak poradzi\u0107 sobie z aftami i kiedy uda\u0107 si\u0119 do lekarza?","robots":{"index":"index","follow":"follow","max-snippet":"max-snippet:-1","max-image-preview":"max-image-preview:large","max-video-preview":"max-video-preview:-1"},"canonical":"https:\/\/www.cefarm24.pl\/czytelnia\/zdrowie\/afty-skad-sie-biora-i-jak-z-nimi-walczyc\/","twitter_misc":{"Napisane przez":"A F","Szacowany czas czytania":"11 minut"},"schema":{"@context":"https:\/\/schema.org","@graph":[{"@type":"Article","@id":"https:\/\/www.cefarm24.pl\/czytelnia\/zdrowie\/afty-skad-sie-biora-i-jak-z-nimi-walczyc\/#article","isPartOf":{"@id":"https:\/\/www.cefarm24.pl\/czytelnia\/zdrowie\/afty-skad-sie-biora-i-jak-z-nimi-walczyc\/"},"author":{"name":"A F","@id":"https:\/\/www.cefarm24.pl\/czytelnia\/#\/schema\/person\/58bc3535b8df4030251392060439cc7e"},"headline":"Afty &#8211; sk\u0105d si\u0119 bior\u0105 i jak z nimi walczy\u0107?","datePublished":"2020-09-17T07:37:06+00:00","dateModified":"2025-01-12T09:20:25+00:00","mainEntityOfPage":{"@id":"https:\/\/www.cefarm24.pl\/czytelnia\/zdrowie\/afty-skad-sie-biora-i-jak-z-nimi-walczyc\/"},"wordCount":2092,"publisher":{"@id":"https:\/\/www.cefarm24.pl\/czytelnia\/#organization"},"image":{"@id":"https:\/\/www.cefarm24.pl\/czytelnia\/zdrowie\/afty-skad-sie-biora-i-jak-z-nimi-walczyc\/#primaryimage"},"thumbnailUrl":"https:\/\/www.cefarm24.pl\/czytelnia\/wp-content\/uploads\/2020\/09\/afty-e1600328279417.jpg","articleSection":["Profilaktyka","Zdrowie"],"inLanguage":"pl-PL"},{"@type":"WebPage","@id":"https:\/\/www.cefarm24.pl\/czytelnia\/zdrowie\/afty-skad-sie-biora-i-jak-z-nimi-walczyc\/","url":"https:\/\/www.cefarm24.pl\/czytelnia\/zdrowie\/afty-skad-sie-biora-i-jak-z-nimi-walczyc\/","name":"Afty - sk\u0105d si\u0119 bior\u0105 i jak z nimi walczy\u0107?","isPartOf":{"@id":"https:\/\/www.cefarm24.pl\/czytelnia\/#website"},"primaryImageOfPage":{"@id":"https:\/\/www.cefarm24.pl\/czytelnia\/zdrowie\/afty-skad-sie-biora-i-jak-z-nimi-walczyc\/#primaryimage"},"image":{"@id":"https:\/\/www.cefarm24.pl\/czytelnia\/zdrowie\/afty-skad-sie-biora-i-jak-z-nimi-walczyc\/#primaryimage"},"thumbnailUrl":"https:\/\/www.cefarm24.pl\/czytelnia\/wp-content\/uploads\/2020\/09\/afty-e1600328279417.jpg","datePublished":"2020-09-17T07:37:06+00:00","dateModified":"2025-01-12T09:20:25+00:00","description":"Afty to niewielkie owrzodzenia i nad\u017cerki, kt\u00f3re tworz\u0105 si\u0119 w jamie ustnej. Jak poradzi\u0107 sobie z aftami i kiedy uda\u0107 si\u0119 do lekarza?","breadcrumb":{"@id":"https:\/\/www.cefarm24.pl\/czytelnia\/zdrowie\/afty-skad-sie-biora-i-jak-z-nimi-walczyc\/#breadcrumb"},"inLanguage":"pl-PL","potentialAction":[{"@type":"ReadAction","target":["https:\/\/www.cefarm24.pl\/czytelnia\/zdrowie\/afty-skad-sie-biora-i-jak-z-nimi-walczyc\/"]}]},{"@type":"ImageObject","inLanguage":"pl-PL","@id":"https:\/\/www.cefarm24.pl\/czytelnia\/zdrowie\/afty-skad-sie-biora-i-jak-z-nimi-walczyc\/#primaryimage","url":"https:\/\/www.cefarm24.pl\/czytelnia\/wp-content\/uploads\/2020\/09\/afty-e1600328279417.jpg","contentUrl":"https:\/\/www.cefarm24.pl\/czytelnia\/wp-content\/uploads\/2020\/09\/afty-e1600328279417.jpg","width":1500,"height":869,"caption":"Afty"},{"@type":"BreadcrumbList","@id":"https:\/\/www.cefarm24.pl\/czytelnia\/zdrowie\/afty-skad-sie-biora-i-jak-z-nimi-walczyc\/#breadcrumb","itemListElement":[{"@type":"ListItem","position":1,"name":"Strona g\u0142\u00f3wna","item":"https:\/\/www.cefarm24.pl\/"},{"@type":"ListItem","position":2,"name":"Czytelnia","item":"https:\/\/www.cefarm24.pl\/czytelnia\/"},{"@type":"ListItem","position":3,"name":"Zdrowie","item":"https:\/\/www.cefarm24.pl\/czytelnia\/zdrowie\/"},{"@type":"ListItem","position":4,"name":"Afty &#8211; sk\u0105d si\u0119 bior\u0105 i jak z nimi walczy\u0107?"}]},{"@type":"WebSite","@id":"https:\/\/www.cefarm24.pl\/czytelnia\/#website","url":"https:\/\/www.cefarm24.pl\/czytelnia\/","name":"Czytelnia apteki Cefarm24","description":"Porady zdrowotne, opisy chor\u00f3b, nowo\u015bci w ofercie lek\u00f3w i suplement\u00f3w. Czytaj i wiedz wi\u0119cej!","publisher":{"@id":"https:\/\/www.cefarm24.pl\/czytelnia\/#organization"},"potentialAction":[{"@type":"SearchAction","target":{"@type":"EntryPoint","urlTemplate":"https:\/\/www.cefarm24.pl\/czytelnia\/?s={search_term_string}"},"query-input":{"@type":"PropertyValueSpecification","valueRequired":true,"valueName":"search_term_string"}}],"inLanguage":"pl-PL"},{"@type":"Organization","@id":"https:\/\/www.cefarm24.pl\/czytelnia\/#organization","name":"Apteka Cefarm24","url":"https:\/\/www.cefarm24.pl\/czytelnia\/","logo":{"@type":"ImageObject","inLanguage":"pl-PL","@id":"https:\/\/www.cefarm24.pl\/czytelnia\/#\/schema\/logo\/image\/","url":"https:\/\/www.cefarm24.pl\/czytelnia\/wp-content\/uploads\/2016\/04\/cefarm-logo.jpg","contentUrl":"https:\/\/www.cefarm24.pl\/czytelnia\/wp-content\/uploads\/2016\/04\/cefarm-logo.jpg","width":310,"height":90,"caption":"Apteka Cefarm24"},"image":{"@id":"https:\/\/www.cefarm24.pl\/czytelnia\/#\/schema\/logo\/image\/"},"sameAs":["https:\/\/www.facebook.com\/cefarm24\/"]},{"@type":"Person","@id":"https:\/\/www.cefarm24.pl\/czytelnia\/#\/schema\/person\/58bc3535b8df4030251392060439cc7e","name":"A F","image":{"@type":"ImageObject","inLanguage":"pl-PL","@id":"https:\/\/www.cefarm24.pl\/czytelnia\/#\/schema\/person\/image\/","url":"https:\/\/secure.gravatar.com\/avatar\/348d7251e30dd20a2e62129287d8dd27?s=96&d=mm&r=g","contentUrl":"https:\/\/secure.gravatar.com\/avatar\/348d7251e30dd20a2e62129287d8dd27?s=96&d=mm&r=g","caption":"A F"}}]}},"_links":{"self":[{"href":"https:\/\/www.cefarm24.pl\/czytelnia\/wp-json\/wp\/v2\/posts\/4894","targetHints":{"allow":["GET"]}}],"collection":[{"href":"https:\/\/www.cefarm24.pl\/czytelnia\/wp-json\/wp\/v2\/posts"}],"about":[{"href":"https:\/\/www.cefarm24.pl\/czytelnia\/wp-json\/wp\/v2\/types\/post"}],"author":[{"embeddable":true,"href":"https:\/\/www.cefarm24.pl\/czytelnia\/wp-json\/wp\/v2\/users\/3"}],"replies":[{"embeddable":true,"href":"https:\/\/www.cefarm24.pl\/czytelnia\/wp-json\/wp\/v2\/comments?post=4894"}],"version-history":[{"count":4,"href":"https:\/\/www.cefarm24.pl\/czytelnia\/wp-json\/wp\/v2\/posts\/4894\/revisions"}],"predecessor-version":[{"id":11108,"href":"https:\/\/www.cefarm24.pl\/czytelnia\/wp-json\/wp\/v2\/posts\/4894\/revisions\/11108"}],"wp:featuredmedia":[{"embeddable":true,"href":"https:\/\/www.cefarm24.pl\/czytelnia\/wp-json\/wp\/v2\/media\/4895"}],"wp:attachment":[{"href":"https:\/\/www.cefarm24.pl\/czytelnia\/wp-json\/wp\/v2\/media?parent=4894"}],"wp:term":[{"taxonomy":"category","embeddable":true,"href":"https:\/\/www.cefarm24.pl\/czytelnia\/wp-json\/wp\/v2\/categories?post=4894"},{"taxonomy":"post_tag","embeddable":true,"href":"https:\/\/www.cefarm24.pl\/czytelnia\/wp-json\/wp\/v2\/tags?post=4894"}],"curies":[{"name":"wp","href":"https:\/\/api.w.org\/{rel}","templated":true}]}}