{"id":4384,"date":"2020-02-05T11:08:16","date_gmt":"2020-02-05T10:08:16","guid":{"rendered":"https:\/\/www.cefarm24.pl\/czytelnia\/?p=4384"},"modified":"2021-08-25T12:45:21","modified_gmt":"2021-08-25T10:45:21","slug":"anemia-u-dzieci-objawy","status":"publish","type":"post","link":"https:\/\/www.cefarm24.pl\/czytelnia\/dieta\/anemia-u-dzieci-objawy\/","title":{"rendered":"Anemia u dzieci. Czy moje dziecko ma anemi\u0119?"},"content":{"rendered":"\n<h2 class=\"wp-block-heading\">Anemia u dzieci to powa\u017cna, trudno wykrywalna przypad\u0142o\u015b\u0107. Na co zwr\u00f3ci\u0107 uwag\u0119, aby szybko j\u0105 rozpozna\u0107? Jak rodzice mog\u0105 pom\u00f3c swojemu dziecku w tej sytuacji? Wi\u0119cej informacji w tek\u015bcie.&nbsp;<\/h2><div class=\"article-box-container inside-article-box-container\"><div class=\"article-box-image-container\">\r\n                    <img decoding=\"async\" src=\"https:\/\/www.cefarm24.pl\/czytelnia\/wp-content\/uploads\/2021\/03\/fotolia_213351023_subscription_monthly_m.jpg__908x607_q85_crop_subsampling-2.jpg\" alt=\"Produkty wspomagaj\u0105ce w stosowaniu diety\" class=\"img-responsive\" \/>\r\n                <\/div><div class=\"article-box-content-container\">\r\n                    <p class=\"article-box-title\">Produkty wspomagaj\u0105ce w stosowaniu diety<\/p>\r\n                <div class=\"article-box-description\">Sprawd\u017a produkty wspomagaj\u0105ce stosowanie diety:<\/div><div class=\"article-box-buttons\"><div class=\"article-box-button\"><a href=\"https:\/\/www.cefarm24.pl\/odchudzanie-i-oczyszczanie.html\" target=\"_blank\" class=\"btn btn-article-box\">Odchudzanie i oczyszczanie<\/a><\/div><div class=\"article-box-button\"><a href=\"https:\/\/www.cefarm24.pl\/preparaty-wapnia-a.html\" target=\"_blank\" class=\"btn btn-article-box\">Preparaty wapnia<\/a><\/div><\/div><\/div><\/div>\n\n\n\n<h3 class=\"wp-block-heading\">Anemia u dzieci &#8211; przyczyny<\/h3>\n\n\n\n<p>Chocia\u017c <strong>anemia u dzieci<\/strong> mo\u017ce wydawa\u0107 si\u0119 zespo\u0142em kilku r\u00f3\u017cnych dolegliwo\u015bci, to jej podstawow\u0105 przyczyn\u0105 jest niedokrwisto\u015b\u0107. Nazw\u0119 t\u0105 stosuje si\u0119 zreszt\u0105 zamiennie z anemi\u0105, poniewa\u017c \u017ar\u00f3d\u0142em problemu jest niedob\u00f3r czerwonych krwinek w organizmie dziecka. Najcz\u0119\u015bciej jest to efekt braku \u017celaza, kt\u00f3re jest sk\u0142adnikiem hemoglobiny &#8211; czerwonego barwnika krwi. Niedob\u00f3r obni\u017ca zdolno\u015b\u0107 uk\u0142adu krwiono\u015bnego&nbsp;do transportowania tlenu do kom\u00f3rek, co dzia\u0142a negatywnie na funkcjonowanie ca\u0142ego cia\u0142a. <\/p>\n\n\n\n<p>Niedobory \u017celaza natomiast mog\u0105 mie\u0107 r\u00f3\u017cne pochodzenie. Jednym z nich jest nadmiar mleka w diecie (tj. powy\u017cej 0,7 l dziennie), gdy\u017c mleko i jego przetwory utrudniaj\u0105 wch\u0142anianie \u017celaza w uk\u0142adzie pokarmowym dziecka. Poniewa\u017c nasze organizmy nie wytwarzaj\u0105 \u017celaza, nale\u017cy je dostarczy\u0107 wraz z pokarmem. St\u0105d brak mi\u0119sa, ryb, jajek, orzech\u00f3w czy produkt\u00f3w zbo\u017cowych w diecie dziecka mo\u017ce spowodowa\u0107 niedobory \u017celaza. <strong>Wa\u017cne, aby posi\u0142ki by\u0142y tak skomponowane, aby znajdowa\u0142a si\u0119 w nich r\u00f3wnie\u017c <a aria-label=\"witamina C (opens in a new tab)\" href=\"https:\/\/www.cefarm24.pl\/czytelnia\/profilaktyka\/porady-na-wiosne-i-jesien\/wiele-problemow-jedno-rozwiazanie-witamina-c\" target=\"_blank\" rel=\"noreferrer noopener\">witamina C<\/a><\/strong>, u\u0142atwiaj\u0105ca przyjmowanie \u017celaza przez organizm. Innym powodem niedobor\u00f3w \u017celaza s\u0105 choroby uk\u0142adu trawiennego (np. celiakia, zaka\u017cenie <em>Helicobacter pylori<\/em>), kt\u00f3re te\u017c utrudniaj\u0105 wch\u0142anianie tego pierwiastka.\u00a0<\/p>\n\n\n\t\t\n\n\t\t\t\t\t\n\t\t<div id=\"cefarm24-products-block_61251c451c3cc\" class=\"cefarm24-block cefarm24-block--products\">\n\t\t\t<div class=\"cefarm24-block__inner-container\">+\n\t\t\t\t<ul class=\"list list--products\">\n\t\t\t\t\t\t\t\t\t\t<li class=\"item\">\n\t\t\t\t\t\t<a class=\"image\" href=\"https:\/\/www.cefarm24.pl\/innofer-baby-zawiesina-50-ml.html\">\n\t\t\t\t\t\t\t<img decoding=\"async\" src=\"https:\/\/www.cefarm24.pl\/innofer-baby-zawiesina-50-ml.jpg\" alt=\"Innofer baby zawiesina  50 ml\" \/>\n\t\t\t\t\t\t<\/a>\n\t\t\t\t\t\t<strong class=\"title\"><a href=\"https:\/\/www.cefarm24.pl\/innofer-baby-zawiesina-50-ml.html\">Innofer baby zawiesina  50 ml<\/a><\/strong>\n\t\t\t\t\t\t<span class=\"price\">53,80&nbsp;PLN<\/span>\n\t\t\t\t\t\t<a class=\"more\" href=\"https:\/\/www.cefarm24.pl\/innofer-baby-zawiesina-50-ml.html\">Sprawd\u017a<\/a>\n\t\t\t\t\t<\/li>\n\t\t\t\t\t\t\t\t\t\t<li class=\"item\">\n\t\t\t\t\t\t<a class=\"image\" href=\"https:\/\/www.cefarm24.pl\/actiferol-fe-start-suplement-diety-bioprzyswajalne-zelazo-7-mg-45-g-30-sztuk.html\">\n\t\t\t\t\t\t\t<img decoding=\"async\" src=\"https:\/\/www.cefarm24.pl\/actiferol-fe-start-suplement-diety-bioprzyswajalne-zelazo-7-mg-45-g-30-sztuk.jpg?96Z3F\" alt=\"Actiferol Fe Start Suplement diety bioprzyswajalne \u017celazo 7 mg 45 g (30 sztuk)\" \/>\n\t\t\t\t\t\t<\/a>\n\t\t\t\t\t\t<strong class=\"title\"><a href=\"https:\/\/www.cefarm24.pl\/actiferol-fe-start-suplement-diety-bioprzyswajalne-zelazo-7-mg-45-g-30-sztuk.html\">Actiferol Fe Start Suplement diety bioprzyswajalne \u017celazo 7 mg 45 g (30 sztuk)<\/a><\/strong>\n\t\t\t\t\t\t<span class=\"price\">25,56&nbsp;PLN<\/span>\n\t\t\t\t\t\t<a class=\"more\" href=\"https:\/\/www.cefarm24.pl\/actiferol-fe-start-suplement-diety-bioprzyswajalne-zelazo-7-mg-45-g-30-sztuk.html\">Sprawd\u017a<\/a>\n\t\t\t\t\t<\/li>\n\t\t\t\t\t\t\t\t\t\t<li class=\"item\">\n\t\t\t\t\t\t<a class=\"image\" href=\"https:\/\/www.cefarm24.pl\/multivitamol-1-syrop-z-zelazem-500-ml.html\">\n\t\t\t\t\t\t\t<img decoding=\"async\" src=\"https:\/\/www.cefarm24.pl\/multivitamol-1-syrop-z-zelazem-500-ml.jpg\" alt=\"Multivitamol 1+ syrop z \u017celazem 500 ml\" \/>\n\t\t\t\t\t\t<\/a>\n\t\t\t\t\t\t<strong class=\"title\"><a href=\"https:\/\/www.cefarm24.pl\/multivitamol-1-syrop-z-zelazem-500-ml.html\">Multivitamol 1+ syrop z \u017celazem 500 ml<\/a><\/strong>\n\t\t\t\t\t\t<span class=\"price\">29,34&nbsp;PLN<\/span>\n\t\t\t\t\t\t<a class=\"more\" href=\"https:\/\/www.cefarm24.pl\/multivitamol-1-syrop-z-zelazem-500-ml.html\">Sprawd\u017a<\/a>\n\t\t\t\t\t<\/li>\n\t\t\t\t\t\t\t\t\t\t<li class=\"item\">\n\t\t\t\t\t\t<a class=\"image\" href=\"https:\/\/www.cefarm24.pl\/actiferol-fe-bioprzyswajalne-zelazo-15-mg-45-g-30-sztuk.html\">\n\t\t\t\t\t\t\t<img decoding=\"async\" src=\"https:\/\/www.cefarm24.pl\/actiferol-fe-bioprzyswajalne-zelazo-15-mg-45-g-30-sztuk.jpg?9e7dU\" alt=\"Actiferol Fe Bioprzyswajalne \u017celazo 15 mg 45 g (30 sztuk)\" \/>\n\t\t\t\t\t\t<\/a>\n\t\t\t\t\t\t<strong class=\"title\"><a href=\"https:\/\/www.cefarm24.pl\/actiferol-fe-bioprzyswajalne-zelazo-15-mg-45-g-30-sztuk.html\">Actiferol Fe Bioprzyswajalne \u017celazo 15 mg 45 g (30 sztuk)<\/a><\/strong>\n\t\t\t\t\t\t<span class=\"price\">25,56&nbsp;PLN<\/span>\n\t\t\t\t\t\t<a class=\"more\" href=\"https:\/\/www.cefarm24.pl\/actiferol-fe-bioprzyswajalne-zelazo-15-mg-45-g-30-sztuk.html\">Sprawd\u017a<\/a>\n\t\t\t\t\t<\/li>\n\t\t\t\t\t\t\t\t\t\t<li class=\"item\">\n\t\t\t\t\t\t<a class=\"image\" href=\"https:\/\/www.cefarm24.pl\/floradix-zelazo-i-witaminy-plyn-500-ml.html\">\n\t\t\t\t\t\t\t<img decoding=\"async\" src=\"https:\/\/www.cefarm24.pl\/floradix-zelazo-i-witaminy-plyn-500-ml.jpg?96SAj\" alt=\"Floradix \u017celazo i witaminy p\u0142yn 500 ml\" \/>\n\t\t\t\t\t\t<\/a>\n\t\t\t\t\t\t<strong class=\"title\"><a href=\"https:\/\/www.cefarm24.pl\/floradix-zelazo-i-witaminy-plyn-500-ml.html\">Floradix \u017celazo i witaminy p\u0142yn 500 ml<\/a><\/strong>\n\t\t\t\t\t\t<span class=\"price\">72,02&nbsp;PLN<\/span>\n\t\t\t\t\t\t<a class=\"more\" href=\"https:\/\/www.cefarm24.pl\/floradix-zelazo-i-witaminy-plyn-500-ml.html\">Sprawd\u017a<\/a>\n\t\t\t\t\t<\/li>\n\t\t\t\t\t\t\t\t\t\t<li class=\"item\">\n\t\t\t\t\t\t<a class=\"image\" href=\"https:\/\/www.cefarm24.pl\/vibovit-uczen-witaminy-zelazo-x-30-tabl-do-ssania.html\">\n\t\t\t\t\t\t\t<img decoding=\"async\" src=\"https:\/\/www.cefarm24.pl\/vibovit-uczen-witaminy-zelazo-x-30-tabl-do-ssania.jpg\" alt=\"Vibovit ucze\u0144 witaminy + \u017celazo x 30 tabl do ssania\" \/>\n\t\t\t\t\t\t<\/a>\n\t\t\t\t\t\t<strong class=\"title\"><a href=\"https:\/\/www.cefarm24.pl\/vibovit-uczen-witaminy-zelazo-x-30-tabl-do-ssania.html\">Vibovit ucze\u0144 witaminy + \u017celazo x 30 tabl do ssania<\/a><\/strong>\n\t\t\t\t\t\t<span class=\"price\">30,99&nbsp;PLN<\/span>\n\t\t\t\t\t\t<a class=\"more\" href=\"https:\/\/www.cefarm24.pl\/vibovit-uczen-witaminy-zelazo-x-30-tabl-do-ssania.html\">Sprawd\u017a<\/a>\n\t\t\t\t\t<\/li>\n\t\t\t\t\t\t\t\t\t<\/ul>\n\t\t\t<\/div>\n\t\t<\/div>\n\t\t\n\n\n<h3 class=\"wp-block-heading\">Jak rozpozna\u0107 anemi\u0119 u mojego dziecka?<\/h3>\n\n\n\n<p>Nie ka\u017cdy rodzic rutynowo bada krew swojego dziecka &#8211; st\u0105d warto pami\u0119ta\u0107 o objawach anemii u dziecka, aby w razie konieczno\u015bci uda\u0107 si\u0119 do lekarza po dok\u0142adn\u0105 diagnoz\u0119. Na co zwr\u00f3ci\u0107 uwag\u0119?&nbsp;<\/p>\n\n\n\n<ul class=\"wp-block-list\"><li>dziecko mo\u017ce by\u0107 m\u0119czliwe, os\u0142abione,<\/li><li>nie ma apetytu,<\/li><li>ma blad\u0105 sk\u00f3r\u0119, jego wargi s\u0105 r\u00f3wnie\u017c jasnor\u00f3\u017cowe,<\/li><li>odczuwa b\u00f3le g\u0142owy, miewa ko\u0142atania serca,<\/li><li>mog\u0105 wyst\u0105pi\u0107 r\u00f3wnie\u017c problemy z koncentracj\u0105 w wieku szkolnym,<\/li><li>dziecko ma dziwne zachcianki jedzeniowe &#8211; mo\u017ce chcie\u0107 zje\u015b\u0107 kred\u0119, glin\u0119, surowe produkty,<\/li><li>pojawia si\u0119 krew w moczu lub kale.<\/li><\/ul>\n\n\n\n<p>Oczywi\u015bcie nie ka\u017cdy z powy\u017cszych objaw\u00f3w od razu wskazuje na anemi\u0119, jednak profilaktyczne badania nie zaszkodz\u0105. Szczeg\u00f3lnie powinni by\u0107 wyczuleni rodzice:<\/p>\n\n\n\n<ul class=\"wp-block-list\"><li>dzieci, kt\u00f3re urodzi\u0142y si\u0119 przedwcze\u015bnie &#8211; co najmniej 3 tygodnie przed planowanym porodem,<\/li><li>dzieci, kt\u00f3re przysz\u0142y na \u015bwiat z nisk\u0105 mas\u0105 urodzeniow\u0105,<\/li><li>dzieci, kt\u00f3rych dieta nie by\u0142a rozszerzana od 6. miesi\u0105ca \u017cycia<\/li><li>dzieci, kt\u00f3re zamiast pokarmu z piersi spo\u017cywaj\u0105 przez d\u0142u\u017cszy czas mleko modyfikowane bez dodatku \u017celaza,<\/li><li>noworodk\u00f3w z ci\u0105\u017c mnogich,<\/li><li>noworodk\u00f3w, kt\u00f3re straci\u0142y krew podczas porodu,<\/li><li>dzieci z konfliktem serologicznym.&nbsp;<\/li><\/ul>\n\n\n<div class=\"article-box-container inside-article-box-container\"><div class=\"article-box-image-container\">\r\n                    <img decoding=\"async\" src=\"https:\/\/www.cefarm24.pl\/czytelnia\/wp-content\/uploads\/2021\/10\/dlaczego-dziecko-nie-chce-jesc-1.jpg\" alt=\"Produkty dla dzieci maj\u0105cych problemy z jedzeniem i apetytem\" class=\"img-responsive\" \/>\r\n                <\/div><div class=\"article-box-content-container\">\r\n                    <p class=\"article-box-title\">Produkty dla dzieci maj\u0105cych problemy z jedzeniem i apetytem<\/p>\r\n                <div class=\"article-box-description\"><\/div><div class=\"article-box-buttons\"><div class=\"article-box-button\"><a href=\"https:\/\/www.cefarm24.pl\/apetyt,n.html\" target=\"_blank\" class=\"btn btn-article-box\">Na apetyt<\/a><\/div><div class=\"article-box-button\"><a href=\"https:\/\/www.cefarm24.pl\/witamina-c.html\" target=\"_blank\" class=\"btn btn-article-box\">Witamina C<\/a><\/div><div class=\"article-box-button\"><a href=\"https:\/\/www.cefarm24.pl\/zywienie-w-chorobie.html\" target=\"_blank\" class=\"btn btn-article-box\">Na popraw\u0119 apetytu w chorobie<\/a><\/div><\/div><\/div><\/div>\n\n\n\n<p>Jest to o tyle istotne, i\u017c nieleczona <strong>anemia u dzieci<\/strong> mo\u017ce powodowa\u0107 powa\u017cne skutki, w tym np. op\u00f3\u017anienie rozwoju.&nbsp;<\/p>\n\n\n\n<p>Warto r\u00f3wnie\u017c pami\u0119ta\u0107 o tak zwanej anemii fizjologicznej, kt\u00f3ra dotyka dzieci mi\u0119dzy 3. a 6. miesi\u0105cem \u017cycia. Zjawisko to nale\u017cy obserwowa\u0107, ale w wi\u0119kszo\u015bci wypadku mija samoistnie. Dlaczego? Mniej wi\u0119cej w tym czasie organizmowi dziecka \u201cko\u0144cz\u0105 si\u0119\u201d <a href=\"https:\/\/www.cefarm24.pl\/czytelnia\/dieta\/wazne-mikroelementy-zelazo\" target=\"_blank\" rel=\"noreferrer noopener\" aria-label=\"zapasy \u017celaza (opens in a new tab)\">zapasy \u017celaza<\/a>, kt\u00f3re otrzyma\u0142o od matki. Jego cia\u0142o musi wi\u0119c przestawi\u0107 si\u0119 na wch\u0142anianie tego pierwiastka z pokarm\u00f3w.&nbsp;<\/p>\n\n\n\n<h3 class=\"wp-block-heading\">Leczenie niedokrwisto\u015bci u dzieci<\/h3>\n\n\n\n<p>Po postawieniu diagnozy, na kt\u00f3r\u0105 sk\u0142adaj\u0105 si\u0119 m.in. wyniki morfologii krwi, ocena parametr\u00f3w czerwonych krwinek i tzw. krzywa \u017celaza, lekarz powinien przyst\u0105pi\u0107 do leczenia niedokrwisto\u015bci. Jednym z najczystszych sposob\u00f3w jest specjalistyczna suplementacja \u017celazem. W przypadku najm\u0142odszych dzieci stosuje si\u0119 krople, starsze natomiast mog\u0105 ju\u017c za\u017cywa\u0107 pastylki, kt\u00f3rych liczba powinna by\u0107 dostosowana do zapotrzebowania latoro\u015bli. <strong>Anemia u dzieci<\/strong> na szcz\u0119\u015bcie jest wyleczalna, wymaga jednak wprowadzenia do diety odpowiednich produkt\u00f3w, kt\u00f3re zawieraj\u0105 \u017celazo oraz substancje wspomagaj\u0105ce jej wch\u0142anianie (jak wspomniany ju\u017c kwas askorbinowy).<\/p>\n","protected":false},"excerpt":{"rendered":"<p>Anemia u dzieci to powa\u017cna, trudno wykrywalna przypad\u0142o\u015b\u0107. Na co zwr\u00f3ci\u0107 uwag\u0119, aby szybko j\u0105 rozpozna\u0107? Jak rodzice mog\u0105 pom\u00f3c swojemu dziecku w tej sytuacji? Wi\u0119cej informacji w tek\u015bcie.&nbsp; Produkty wspomagaj\u0105ce w stosowaniu diety Sprawd\u017a produkty wspomagaj\u0105ce stosowanie diety: Odchudzanie i oczyszczanie Preparaty wapnia Anemia u dzieci &#8211; przyczyny Chocia\u017c anemia u dzieci mo\u017ce wydawa\u0107 [&hellip;]<\/p>\n","protected":false},"author":3,"featured_media":4386,"comment_status":"closed","ping_status":"open","sticky":false,"template":"","format":"standard","meta":{"_acf_changed":false,"footnotes":""},"categories":[391,385,380],"tags":[],"class_list":["post-4384","post","type-post","status-publish","format-standard","has-post-thumbnail","hentry","category-dieta","category-matka-i-dziecko-zdrowie","category-wpis-wyrozniony-3"],"acf":[],"yoast_head":"<!-- This site is optimized with the Yoast SEO plugin v24.6 - https:\/\/yoast.com\/wordpress\/plugins\/seo\/ -->\n<title>Czym charakteryzuje si\u0119 anemia u dzieci? - Czytelnia apteki Cefarm24<\/title>\n<meta name=\"description\" content=\"Anemia u dzieci to powa\u017cna, trudno wykrywalna przypad\u0142o\u015b\u0107. Na co zwr\u00f3ci\u0107 uwag\u0119, aby szybko j\u0105 rozpozna\u0107? Jak rodzice mog\u0105 pom\u00f3c swojemu dziecku?\" \/>\n<meta name=\"robots\" content=\"index, follow, max-snippet:-1, max-image-preview:large, max-video-preview:-1\" \/>\n<link rel=\"canonical\" href=\"https:\/\/www.cefarm24.pl\/czytelnia\/dieta\/anemia-u-dzieci-objawy\/\" \/>\n<meta name=\"twitter:label1\" content=\"Napisane przez\" \/>\n\t<meta name=\"twitter:data1\" content=\"A F\" \/>\n\t<meta name=\"twitter:label2\" content=\"Szacowany czas czytania\" \/>\n\t<meta name=\"twitter:data2\" content=\"3 minuty\" \/>\n<script type=\"application\/ld+json\" class=\"yoast-schema-graph\">{\"@context\":\"https:\/\/schema.org\",\"@graph\":[{\"@type\":\"Article\",\"@id\":\"https:\/\/www.cefarm24.pl\/czytelnia\/dieta\/anemia-u-dzieci-objawy\/#article\",\"isPartOf\":{\"@id\":\"https:\/\/www.cefarm24.pl\/czytelnia\/dieta\/anemia-u-dzieci-objawy\/\"},\"author\":{\"name\":\"A F\",\"@id\":\"https:\/\/www.cefarm24.pl\/czytelnia\/#\/schema\/person\/58bc3535b8df4030251392060439cc7e\"},\"headline\":\"Anemia u dzieci. Czy moje dziecko ma anemi\u0119?\",\"datePublished\":\"2020-02-05T10:08:16+00:00\",\"dateModified\":\"2021-08-25T10:45:21+00:00\",\"mainEntityOfPage\":{\"@id\":\"https:\/\/www.cefarm24.pl\/czytelnia\/dieta\/anemia-u-dzieci-objawy\/\"},\"wordCount\":663,\"publisher\":{\"@id\":\"https:\/\/www.cefarm24.pl\/czytelnia\/#organization\"},\"image\":{\"@id\":\"https:\/\/www.cefarm24.pl\/czytelnia\/dieta\/anemia-u-dzieci-objawy\/#primaryimage\"},\"thumbnailUrl\":\"https:\/\/www.cefarm24.pl\/czytelnia\/wp-content\/uploads\/2020\/02\/anemia-u-dzieci-scaled-e1580897168346.jpg\",\"articleSection\":[\"Dieta\",\"Matka i dziecko\",\"Wpis wyr\u00f3\u017cniony 3\"],\"inLanguage\":\"pl-PL\"},{\"@type\":\"WebPage\",\"@id\":\"https:\/\/www.cefarm24.pl\/czytelnia\/dieta\/anemia-u-dzieci-objawy\/\",\"url\":\"https:\/\/www.cefarm24.pl\/czytelnia\/dieta\/anemia-u-dzieci-objawy\/\",\"name\":\"Czym charakteryzuje si\u0119 anemia u dzieci? - Czytelnia apteki Cefarm24\",\"isPartOf\":{\"@id\":\"https:\/\/www.cefarm24.pl\/czytelnia\/#website\"},\"primaryImageOfPage\":{\"@id\":\"https:\/\/www.cefarm24.pl\/czytelnia\/dieta\/anemia-u-dzieci-objawy\/#primaryimage\"},\"image\":{\"@id\":\"https:\/\/www.cefarm24.pl\/czytelnia\/dieta\/anemia-u-dzieci-objawy\/#primaryimage\"},\"thumbnailUrl\":\"https:\/\/www.cefarm24.pl\/czytelnia\/wp-content\/uploads\/2020\/02\/anemia-u-dzieci-scaled-e1580897168346.jpg\",\"datePublished\":\"2020-02-05T10:08:16+00:00\",\"dateModified\":\"2021-08-25T10:45:21+00:00\",\"description\":\"Anemia u dzieci to powa\u017cna, trudno wykrywalna przypad\u0142o\u015b\u0107. Na co zwr\u00f3ci\u0107 uwag\u0119, aby szybko j\u0105 rozpozna\u0107? Jak rodzice mog\u0105 pom\u00f3c swojemu dziecku?\",\"breadcrumb\":{\"@id\":\"https:\/\/www.cefarm24.pl\/czytelnia\/dieta\/anemia-u-dzieci-objawy\/#breadcrumb\"},\"inLanguage\":\"pl-PL\",\"potentialAction\":[{\"@type\":\"ReadAction\",\"target\":[\"https:\/\/www.cefarm24.pl\/czytelnia\/dieta\/anemia-u-dzieci-objawy\/\"]}]},{\"@type\":\"ImageObject\",\"inLanguage\":\"pl-PL\",\"@id\":\"https:\/\/www.cefarm24.pl\/czytelnia\/dieta\/anemia-u-dzieci-objawy\/#primaryimage\",\"url\":\"https:\/\/www.cefarm24.pl\/czytelnia\/wp-content\/uploads\/2020\/02\/anemia-u-dzieci-scaled-e1580897168346.jpg\",\"contentUrl\":\"https:\/\/www.cefarm24.pl\/czytelnia\/wp-content\/uploads\/2020\/02\/anemia-u-dzieci-scaled-e1580897168346.jpg\",\"width\":2060,\"height\":793,\"caption\":\"Mononukleoza zaka\u017ana - objawy i leczenie u doros\u0142ych i dzieci\"},{\"@type\":\"BreadcrumbList\",\"@id\":\"https:\/\/www.cefarm24.pl\/czytelnia\/dieta\/anemia-u-dzieci-objawy\/#breadcrumb\",\"itemListElement\":[{\"@type\":\"ListItem\",\"position\":1,\"name\":\"Strona g\u0142\u00f3wna\",\"item\":\"https:\/\/www.cefarm24.pl\/\"},{\"@type\":\"ListItem\",\"position\":2,\"name\":\"Czytelnia\",\"item\":\"https:\/\/www.cefarm24.pl\/czytelnia\/\"},{\"@type\":\"ListItem\",\"position\":3,\"name\":\"Dieta\",\"item\":\"https:\/\/www.cefarm24.pl\/czytelnia\/dieta\/\"},{\"@type\":\"ListItem\",\"position\":4,\"name\":\"Anemia u dzieci. Czy moje dziecko ma anemi\u0119?\"}]},{\"@type\":\"WebSite\",\"@id\":\"https:\/\/www.cefarm24.pl\/czytelnia\/#website\",\"url\":\"https:\/\/www.cefarm24.pl\/czytelnia\/\",\"name\":\"Czytelnia apteki Cefarm24\",\"description\":\"Porady zdrowotne, opisy chor\u00f3b, nowo\u015bci w ofercie lek\u00f3w i suplement\u00f3w. Czytaj i wiedz wi\u0119cej!\",\"publisher\":{\"@id\":\"https:\/\/www.cefarm24.pl\/czytelnia\/#organization\"},\"potentialAction\":[{\"@type\":\"SearchAction\",\"target\":{\"@type\":\"EntryPoint\",\"urlTemplate\":\"https:\/\/www.cefarm24.pl\/czytelnia\/?s={search_term_string}\"},\"query-input\":{\"@type\":\"PropertyValueSpecification\",\"valueRequired\":true,\"valueName\":\"search_term_string\"}}],\"inLanguage\":\"pl-PL\"},{\"@type\":\"Organization\",\"@id\":\"https:\/\/www.cefarm24.pl\/czytelnia\/#organization\",\"name\":\"Apteka Cefarm24\",\"url\":\"https:\/\/www.cefarm24.pl\/czytelnia\/\",\"logo\":{\"@type\":\"ImageObject\",\"inLanguage\":\"pl-PL\",\"@id\":\"https:\/\/www.cefarm24.pl\/czytelnia\/#\/schema\/logo\/image\/\",\"url\":\"https:\/\/www.cefarm24.pl\/czytelnia\/wp-content\/uploads\/2016\/04\/cefarm-logo.jpg\",\"contentUrl\":\"https:\/\/www.cefarm24.pl\/czytelnia\/wp-content\/uploads\/2016\/04\/cefarm-logo.jpg\",\"width\":310,\"height\":90,\"caption\":\"Apteka Cefarm24\"},\"image\":{\"@id\":\"https:\/\/www.cefarm24.pl\/czytelnia\/#\/schema\/logo\/image\/\"},\"sameAs\":[\"https:\/\/www.facebook.com\/cefarm24\/\"]},{\"@type\":\"Person\",\"@id\":\"https:\/\/www.cefarm24.pl\/czytelnia\/#\/schema\/person\/58bc3535b8df4030251392060439cc7e\",\"name\":\"A F\",\"image\":{\"@type\":\"ImageObject\",\"inLanguage\":\"pl-PL\",\"@id\":\"https:\/\/www.cefarm24.pl\/czytelnia\/#\/schema\/person\/image\/\",\"url\":\"https:\/\/secure.gravatar.com\/avatar\/348d7251e30dd20a2e62129287d8dd27?s=96&d=mm&r=g\",\"contentUrl\":\"https:\/\/secure.gravatar.com\/avatar\/348d7251e30dd20a2e62129287d8dd27?s=96&d=mm&r=g\",\"caption\":\"A F\"}}]}<\/script>\n<!-- \/ Yoast SEO plugin. -->","yoast_head_json":{"title":"Czym charakteryzuje si\u0119 anemia u dzieci? - Czytelnia apteki Cefarm24","description":"Anemia u dzieci to powa\u017cna, trudno wykrywalna przypad\u0142o\u015b\u0107. Na co zwr\u00f3ci\u0107 uwag\u0119, aby szybko j\u0105 rozpozna\u0107? Jak rodzice mog\u0105 pom\u00f3c swojemu dziecku?","robots":{"index":"index","follow":"follow","max-snippet":"max-snippet:-1","max-image-preview":"max-image-preview:large","max-video-preview":"max-video-preview:-1"},"canonical":"https:\/\/www.cefarm24.pl\/czytelnia\/dieta\/anemia-u-dzieci-objawy\/","twitter_misc":{"Napisane przez":"A F","Szacowany czas czytania":"3 minuty"},"schema":{"@context":"https:\/\/schema.org","@graph":[{"@type":"Article","@id":"https:\/\/www.cefarm24.pl\/czytelnia\/dieta\/anemia-u-dzieci-objawy\/#article","isPartOf":{"@id":"https:\/\/www.cefarm24.pl\/czytelnia\/dieta\/anemia-u-dzieci-objawy\/"},"author":{"name":"A F","@id":"https:\/\/www.cefarm24.pl\/czytelnia\/#\/schema\/person\/58bc3535b8df4030251392060439cc7e"},"headline":"Anemia u dzieci. Czy moje dziecko ma anemi\u0119?","datePublished":"2020-02-05T10:08:16+00:00","dateModified":"2021-08-25T10:45:21+00:00","mainEntityOfPage":{"@id":"https:\/\/www.cefarm24.pl\/czytelnia\/dieta\/anemia-u-dzieci-objawy\/"},"wordCount":663,"publisher":{"@id":"https:\/\/www.cefarm24.pl\/czytelnia\/#organization"},"image":{"@id":"https:\/\/www.cefarm24.pl\/czytelnia\/dieta\/anemia-u-dzieci-objawy\/#primaryimage"},"thumbnailUrl":"https:\/\/www.cefarm24.pl\/czytelnia\/wp-content\/uploads\/2020\/02\/anemia-u-dzieci-scaled-e1580897168346.jpg","articleSection":["Dieta","Matka i dziecko","Wpis wyr\u00f3\u017cniony 3"],"inLanguage":"pl-PL"},{"@type":"WebPage","@id":"https:\/\/www.cefarm24.pl\/czytelnia\/dieta\/anemia-u-dzieci-objawy\/","url":"https:\/\/www.cefarm24.pl\/czytelnia\/dieta\/anemia-u-dzieci-objawy\/","name":"Czym charakteryzuje si\u0119 anemia u dzieci? - Czytelnia apteki Cefarm24","isPartOf":{"@id":"https:\/\/www.cefarm24.pl\/czytelnia\/#website"},"primaryImageOfPage":{"@id":"https:\/\/www.cefarm24.pl\/czytelnia\/dieta\/anemia-u-dzieci-objawy\/#primaryimage"},"image":{"@id":"https:\/\/www.cefarm24.pl\/czytelnia\/dieta\/anemia-u-dzieci-objawy\/#primaryimage"},"thumbnailUrl":"https:\/\/www.cefarm24.pl\/czytelnia\/wp-content\/uploads\/2020\/02\/anemia-u-dzieci-scaled-e1580897168346.jpg","datePublished":"2020-02-05T10:08:16+00:00","dateModified":"2021-08-25T10:45:21+00:00","description":"Anemia u dzieci to powa\u017cna, trudno wykrywalna przypad\u0142o\u015b\u0107. Na co zwr\u00f3ci\u0107 uwag\u0119, aby szybko j\u0105 rozpozna\u0107? Jak rodzice mog\u0105 pom\u00f3c swojemu dziecku?","breadcrumb":{"@id":"https:\/\/www.cefarm24.pl\/czytelnia\/dieta\/anemia-u-dzieci-objawy\/#breadcrumb"},"inLanguage":"pl-PL","potentialAction":[{"@type":"ReadAction","target":["https:\/\/www.cefarm24.pl\/czytelnia\/dieta\/anemia-u-dzieci-objawy\/"]}]},{"@type":"ImageObject","inLanguage":"pl-PL","@id":"https:\/\/www.cefarm24.pl\/czytelnia\/dieta\/anemia-u-dzieci-objawy\/#primaryimage","url":"https:\/\/www.cefarm24.pl\/czytelnia\/wp-content\/uploads\/2020\/02\/anemia-u-dzieci-scaled-e1580897168346.jpg","contentUrl":"https:\/\/www.cefarm24.pl\/czytelnia\/wp-content\/uploads\/2020\/02\/anemia-u-dzieci-scaled-e1580897168346.jpg","width":2060,"height":793,"caption":"Mononukleoza zaka\u017ana - objawy i leczenie u doros\u0142ych i dzieci"},{"@type":"BreadcrumbList","@id":"https:\/\/www.cefarm24.pl\/czytelnia\/dieta\/anemia-u-dzieci-objawy\/#breadcrumb","itemListElement":[{"@type":"ListItem","position":1,"name":"Strona g\u0142\u00f3wna","item":"https:\/\/www.cefarm24.pl\/"},{"@type":"ListItem","position":2,"name":"Czytelnia","item":"https:\/\/www.cefarm24.pl\/czytelnia\/"},{"@type":"ListItem","position":3,"name":"Dieta","item":"https:\/\/www.cefarm24.pl\/czytelnia\/dieta\/"},{"@type":"ListItem","position":4,"name":"Anemia u dzieci. Czy moje dziecko ma anemi\u0119?"}]},{"@type":"WebSite","@id":"https:\/\/www.cefarm24.pl\/czytelnia\/#website","url":"https:\/\/www.cefarm24.pl\/czytelnia\/","name":"Czytelnia apteki Cefarm24","description":"Porady zdrowotne, opisy chor\u00f3b, nowo\u015bci w ofercie lek\u00f3w i suplement\u00f3w. Czytaj i wiedz wi\u0119cej!","publisher":{"@id":"https:\/\/www.cefarm24.pl\/czytelnia\/#organization"},"potentialAction":[{"@type":"SearchAction","target":{"@type":"EntryPoint","urlTemplate":"https:\/\/www.cefarm24.pl\/czytelnia\/?s={search_term_string}"},"query-input":{"@type":"PropertyValueSpecification","valueRequired":true,"valueName":"search_term_string"}}],"inLanguage":"pl-PL"},{"@type":"Organization","@id":"https:\/\/www.cefarm24.pl\/czytelnia\/#organization","name":"Apteka Cefarm24","url":"https:\/\/www.cefarm24.pl\/czytelnia\/","logo":{"@type":"ImageObject","inLanguage":"pl-PL","@id":"https:\/\/www.cefarm24.pl\/czytelnia\/#\/schema\/logo\/image\/","url":"https:\/\/www.cefarm24.pl\/czytelnia\/wp-content\/uploads\/2016\/04\/cefarm-logo.jpg","contentUrl":"https:\/\/www.cefarm24.pl\/czytelnia\/wp-content\/uploads\/2016\/04\/cefarm-logo.jpg","width":310,"height":90,"caption":"Apteka Cefarm24"},"image":{"@id":"https:\/\/www.cefarm24.pl\/czytelnia\/#\/schema\/logo\/image\/"},"sameAs":["https:\/\/www.facebook.com\/cefarm24\/"]},{"@type":"Person","@id":"https:\/\/www.cefarm24.pl\/czytelnia\/#\/schema\/person\/58bc3535b8df4030251392060439cc7e","name":"A F","image":{"@type":"ImageObject","inLanguage":"pl-PL","@id":"https:\/\/www.cefarm24.pl\/czytelnia\/#\/schema\/person\/image\/","url":"https:\/\/secure.gravatar.com\/avatar\/348d7251e30dd20a2e62129287d8dd27?s=96&d=mm&r=g","contentUrl":"https:\/\/secure.gravatar.com\/avatar\/348d7251e30dd20a2e62129287d8dd27?s=96&d=mm&r=g","caption":"A F"}}]}},"_links":{"self":[{"href":"https:\/\/www.cefarm24.pl\/czytelnia\/wp-json\/wp\/v2\/posts\/4384","targetHints":{"allow":["GET"]}}],"collection":[{"href":"https:\/\/www.cefarm24.pl\/czytelnia\/wp-json\/wp\/v2\/posts"}],"about":[{"href":"https:\/\/www.cefarm24.pl\/czytelnia\/wp-json\/wp\/v2\/types\/post"}],"author":[{"embeddable":true,"href":"https:\/\/www.cefarm24.pl\/czytelnia\/wp-json\/wp\/v2\/users\/3"}],"replies":[{"embeddable":true,"href":"https:\/\/www.cefarm24.pl\/czytelnia\/wp-json\/wp\/v2\/comments?post=4384"}],"version-history":[{"count":17,"href":"https:\/\/www.cefarm24.pl\/czytelnia\/wp-json\/wp\/v2\/posts\/4384\/revisions"}],"predecessor-version":[{"id":6759,"href":"https:\/\/www.cefarm24.pl\/czytelnia\/wp-json\/wp\/v2\/posts\/4384\/revisions\/6759"}],"wp:featuredmedia":[{"embeddable":true,"href":"https:\/\/www.cefarm24.pl\/czytelnia\/wp-json\/wp\/v2\/media\/4386"}],"wp:attachment":[{"href":"https:\/\/www.cefarm24.pl\/czytelnia\/wp-json\/wp\/v2\/media?parent=4384"}],"wp:term":[{"taxonomy":"category","embeddable":true,"href":"https:\/\/www.cefarm24.pl\/czytelnia\/wp-json\/wp\/v2\/categories?post=4384"},{"taxonomy":"post_tag","embeddable":true,"href":"https:\/\/www.cefarm24.pl\/czytelnia\/wp-json\/wp\/v2\/tags?post=4384"}],"curies":[{"name":"wp","href":"https:\/\/api.w.org\/{rel}","templated":true}]}}