{"id":4085,"date":"2019-10-22T10:10:22","date_gmt":"2019-10-22T08:10:22","guid":{"rendered":"https:\/\/www.cefarm24.pl\/czytelnia\/?p=4085"},"modified":"2022-02-15T12:31:57","modified_gmt":"2022-02-15T11:31:57","slug":"demencja-jak-pomoc-osobie-chorej","status":"publish","type":"post","link":"https:\/\/www.cefarm24.pl\/czytelnia\/zdrowie\/choroby-i-terapie\/demencja-jak-pomoc-osobie-chorej\/","title":{"rendered":"Demencja &#8211; jak pom\u00f3c osobie chorej?"},"content":{"rendered":"\n<h2 class=\"wp-block-heading\" id=\"demencja-inaczej-otepienie-to-choroba-dotykajaca-seniorow-ktore-objawia-sie-znacznym-obnizeniem-sprawnosci-umyslowej-obnizeniu-ulega-koncentracja-zdolnosc-do-uczenia-sie-czy-nawet-orientacja-w-terenie-czy-demencje-mozna-wyleczyc-jak-pomoc-osobie-ktora-cierpi-z-powodu-tej-choroby-wiecej-w-naszym-tekscie\">Demencja, inaczej ot\u0119pienie, to choroba dotykaj\u0105ca senior\u00f3w, kt\u00f3re objawia si\u0119 znacznym obni\u017ceniem sprawno\u015bci umys\u0142owej. Obni\u017ceniu ulega koncentracja, zdolno\u015b\u0107 do uczenia si\u0119 czy nawet orientacja w terenie. Czy demencj\u0119 mo\u017cna wyleczy\u0107? Jak pom\u00f3c osobie, kt\u00f3ra cierpi z powodu tej choroby? Wi\u0119cej w naszym tek\u015bcie.&nbsp;<\/h2><div class=\"article-box-container inside-article-box-container\"><div class=\"article-box-image-container\">\r\n                    <img decoding=\"async\" src=\"https:\/\/www.cefarm24.pl\/czytelnia\/wp-content\/uploads\/2021\/03\/fotolia_213351023_subscription_monthly_m.jpg__908x607_q85_crop_subsampling-2.jpg\" alt=\"Produkty wspomagaj\u0105ce w stosowaniu diety\" class=\"img-responsive\" \/>\r\n                <\/div><div class=\"article-box-content-container\">\r\n                    <p class=\"article-box-title\">Produkty wspomagaj\u0105ce w stosowaniu diety<\/p>\r\n                <div class=\"article-box-description\">Sprawd\u017a produkty wspomagaj\u0105ce stosowanie diety:<\/div><div class=\"article-box-buttons\"><div class=\"article-box-button\"><a href=\"https:\/\/www.cefarm24.pl\/odchudzanie-i-oczyszczanie.html\" target=\"_blank\" class=\"btn btn-article-box\">Odchudzanie i oczyszczanie<\/a><\/div><div class=\"article-box-button\"><a href=\"https:\/\/www.cefarm24.pl\/preparaty-wapnia-a.html\" target=\"_blank\" class=\"btn btn-article-box\">Preparaty wapnia<\/a><\/div><\/div><\/div><\/div>\n\n\n\n<h3 class=\"wp-block-heading\" id=\"czym-jest-demencja-jakie-sa-jej-objawy\">Czym jest demencja? Jakie s\u0105 jej objawy?<\/h3>\n\n\n\n<p>Ot\u0119pienie wbrew pozorom nie jest osobn\u0105 jednostk\u0105 chorobow\u0105. Okre\u015bla si\u0119 j\u0105 za pomoc\u0105 stopnia i rodzaju utraconych funkcji poznawczych, np. mowy, pami\u0119ci, wzroku itp. Wyr\u00f3\u017cnia si\u0119 ot\u0119pienie w 3 stopniach nasilenia &#8211; lekkim, umiarkowanym i g\u0142\u0119bokim. Uszkodzenie m\u00f3zgu, kt\u00f3rego efektem jest demencja, mo\u017ce mie\u0107 r\u00f3\u017cnorodne przyczyny. Pom\u00f3wmy jednak o podstawowych objawach, kt\u00f3re mo\u017cemy zaobserwowa\u0107. W\u015br\u00f3d nich g\u0142\u00f3wnie wymienia si\u0119:<\/p>\n\n\n\n<ul class=\"wp-block-list\"><li>k\u0142opoty z wys\u0142awianiem si\u0119, znajdowaniem odpowiednich s\u0142\u00f3w,<\/li><li>zaburzenia pami\u0119ci kr\u00f3tkotrwa\u0142ej,<\/li><li>chora osoba nie rozpoznaje swoich bliskich, mo\u017ce nawet nie rozpozna\u0107 swojego odbicia w lustrze,<\/li><li>dra\u017cliwo\u015b\u0107, kt\u00f3ra mo\u017ce przej\u015b\u0107 w agresj\u0119,<\/li><li>k\u0142opoty z orientacj\u0105 w terenie,<\/li><li>trudno\u015bci w zasypianiu,<\/li><li>pogorszona jako\u015b\u0107 widzenia,<\/li><li>powolny zanik zdolno\u015bci do uczenia si\u0119 i zapami\u0119tywania nowych informacji,<\/li><li>W powa\u017cnych stanach chory mo\u017ce nie wiedzie\u0107, jak si\u0119 umy\u0107, ubra\u0107 i nie b\u0119dzie rozumia\u0142, dlaczego nale\u017cy to robi\u0107,<\/li><li>problemu z jedzeniem<\/li><\/ul>\n\n\n\n<p>Stopie\u0144 tych zaburze\u0144 i ich gwa\u0142towno\u015b\u0107 wskazuj\u0105 na rodzaj demencji.&nbsp;<\/p>\n\n\n\n<h3 class=\"wp-block-heading\" id=\"dlaczego-chorujemy-na-demencje\">Dlaczego chorujemy na demencj\u0119?<\/h3>\n\n\n\n<p>W starzej\u0105cym si\u0119 spo\u0142ecze\u0144stwie wyst\u0119powanie demencji z pewno\u015bci\u0105 b\u0119dzie powszechniejsze. Jakie s\u0105 jednak jej przyczyny? Uwa\u017ca si\u0119, \u017ce ot\u0119pienie nie jest chorob\u0105 sam\u0105 w sobie, a zespo\u0142em wspomnianych wy\u017cej upo\u015bledzonych funkcji poznawczych. <strong>Najcz\u0119\u015bciej towarzysz\u0105 one innym chorobom uk\u0142adu nerwowego, kt\u00f3re dotycz\u0105 osoby starsze, tj. chorobie <a aria-label=\"Parkinsona (opens in a new tab)\" href=\"https:\/\/www.cefarm24.pl\/czytelnia\/zdrowie\/choroby-i-terapie\/choroba-parkinsona-diagnoza-i-leczenie\" target=\"_blank\" rel=\"noreferrer noopener\">Parkinsona<\/a>, <a aria-label=\"Alzheimera (opens in a new tab)\" href=\"https:\/\/www.cefarm24.pl\/czytelnia\/zdrowie\/choroby-i-terapie\/choroba-alzheimera-pochodzenie-i-leczenie\" target=\"_blank\" rel=\"noreferrer noopener\">Alzheimera<\/a> czy chorobie Picka<\/strong>. Ponadto wskazuje si\u0119 r\u00f3wnie\u017c tzw. <strong>demencj\u0119 naczyniow\u0105<\/strong>. Polega ona na stopniowym pogarszaniu si\u0119 jako\u015bci naczy\u0144 krwiono\u015bnych w m\u00f3zgu. Mo\u017ce to by\u0107 to efekt starzenia si\u0119 lub (najcz\u0119\u015bciej) zapocz\u0105tkowuje je udar lub mikroudary. Powoli dochodzi w\u00f3wczas do pogorszenia niekt\u00f3rych funkcji poznawczych. <strong>Innym powodem jest obecno\u015b\u0107 w m\u00f3zgu bia\u0142ek zwanych cia\u0142kami Lewy\u2019ego<\/strong>. Cia\u0142ka te wp\u0142ywaj\u0105 negatywnie na spos\u00f3b poruszania si\u0119, m\u00f3wienia, czy og\u00f3lne zachowanie. Ponadto do ot\u0119pienia dochodzi w wyniku zmian, kt\u00f3re zachodz\u0105 w p\u0142acie czo\u0142owym oraz skroniowym m\u00f3zgu. Skutkiem tego zjawiska jest zupe\u0142na zmiana zachowania danej osoby. Mo\u017ce ona nagle dzia\u0142a\u0107 zupe\u0142nie aspo\u0142ecznie, agresywnie, niewsp\u00f3\u0142miernie do przyj\u0119tych zasad.\u00a0<\/p>\n\n\n\n<div class=\"article-box-container inside-article-box-container\"><div class=\"article-box-image-container\">\r\n                    <img decoding=\"async\" src=\"https:\/\/www.cefarm24.pl\/czytelnia\/wp-content\/uploads\/2020\/08\/senior-a-upaly-e1597732347798.jpg\" alt=\"Preparaty pomagaj\u0105ce zachowa\u0107 seniorom dobr\u0105 kondycj\u0119 cia\u0142a i umys\u0142u\" class=\"img-responsive\" \/>\r\n                <\/div><div class=\"article-box-content-container\">\r\n                    <p class=\"article-box-title\">Preparaty pomagaj\u0105ce zachowa\u0107 seniorom dobr\u0105 kondycj\u0119 cia\u0142a i umys\u0142u<\/p>\r\n                <div class=\"article-box-description\"><\/div><div class=\"article-box-buttons\"><div class=\"article-box-button\"><a href=\"https:\/\/www.cefarm24.pl\/preparaty-dla-seniorow-a.html#\" target=\"_blank\" class=\"btn btn-article-box\">Dla senior\u00f3w<\/a><\/div><div class=\"article-box-button\"><a href=\"https:\/\/www.cefarm24.pl\/uklad-krazenia.html\" target=\"_blank\" class=\"btn btn-article-box\">Na uk\u0142ad kr\u0105\u017cenia<\/a><\/div><div class=\"article-box-button\"><a href=\"https:\/\/www.cefarm24.pl\/energia-i-witalnosc-a.html\" target=\"_blank\" class=\"btn btn-article-box\">Na energi\u0119 i witalno\u015b\u0107<\/a><\/div><\/div><\/div><\/div>\n\n\n\n<h3 class=\"wp-block-heading\" id=\"czynniki-ryzyka-czy-demencje-da-sie-wyleczyc\">Czynniki ryzyka &#8211; czy demencj\u0119 da si\u0119 wyleczy\u0107?<\/h3>\n\n\n\n<p>Poza wspomnianymi chorobami, kt\u00f3re bezpo\u015brednio przyczyniaj\u0105 si\u0119 do wyst\u0119powania objaw\u00f3w demencji, wp\u0142yw maj\u0105 r\u00f3wnie\u017c inne czynniki. S\u0105 to przede wszystkim nieprawid\u0142owe nawyki \u017cywieniowe &#8211; w tym palenie papieros\u00f3w czy spo\u017cywanie alkoholu. Ponadto wskazuje si\u0119 <a href=\"https:\/\/www.cefarm24.pl\/witamina-b12-a.html\" target=\"_blank\" rel=\"noreferrer noopener\" label=\"braki w diecie witaminy B12 (opens in a new tab)\" class=\"broken_link\">braki w diecie witaminy B12<\/a>, ale r\u00f3wnie\u017c niedoczynno\u015b\u0107 tarczycy, borelioz\u0119 czy guzy obecne w uk\u0142adzie nerwowym. W tym sensie demencji mo\u017cna pr\u00f3bowa\u0107 zapobiega\u0107. Niestety jednak w chwili wyst\u0105pienia pierwszych powa\u017cnych objaw\u00f3w trudno z walki z demencj\u0105 wyj\u015b\u0107 zwyci\u0119sko.&nbsp;<\/p>\n\n\n\n<h3 class=\"wp-block-heading\" id=\"jak-pomoc-osobie-cierpiacej-z-powodu-demencji\">Jak pom\u00f3c osobie cierpi\u0105cej z powodu demencji<\/h3>\n\n\n\n<p>Istnieje wiele metod opieki nad chorym, warto zatem przywo\u0142a\u0107 kilka podstawowych zasad:<\/p>\n\n\n\n<ul class=\"wp-block-list\"><li>istotny jest regularny i powtarzalny rytm dnia. Dzi\u0119ki temu senior nie jest tak cz\u0119sto zagubiony, nie musi uczy\u0107 si\u0119 nowych rzeczy,<\/li><li>nale\u017cy wykaza\u0107 si\u0119 daleko id\u0105c\u0105 cierpliwo\u015bci\u0105 w przypadku agresywnych czy wr\u0119cz szalonych zachowa\u0144 senior\u00f3w. Bardzo cz\u0119sto b\u0119dziecie musieli odpu\u015bci\u0107 i poczeka\u0107, aby senior np. zjad\u0142 lub pozwoli\u0142 si\u0119 umy\u0107,<\/li><li>wszelkie dzia\u0142ania wok\u00f3\u0142 seniora nale\u017cy wykonywa\u0107 powoli,<\/li><li>warto ograniczy\u0107 wszelkie ha\u0142asy, kt\u00f3re mog\u0105 przeszkadza\u0107 w spokojnej egzystencji,<\/li><li>podczas demencji chorzy maj\u0105 tendencj\u0119 do utraty na wadze, co jest gro\u017ane dla ich \u017cycia, dlatego istotna jest wysokokaloryczna dieta, podawana w porozumieniu z lekarzem.<\/li><\/ul>\n\n\n\n<p>Opiekun powinien te\u017c mie\u0107 wzgl\u0105d na swoje zdrowie. Tak, dla wielu z nas przeniesienie mamy lub taty do odpowiedniego o\u015brodka mo\u017ce by\u0107 trudne, a czasem nawet kompletnie sobie tego nie wyobra\u017camy. Musimy jednak pami\u0119ta\u0107, \u017ce opieka nad seniorem cierpi\u0105cym na demencj\u0119 jest naprawd\u0119 wyczerpuj\u0105ca. Opieka nad chorym wi\u0105\u017ce si\u0119 z wieloma wyrzeczeniami, np. zaniedbaniem relacji we w\u0142asnej rodzinie, utrat\u0105 \u017cycia towarzyskiego czy nawet sporymi k\u0142opotami ze snem. Niejednokrotnie opiekunowie, kt\u00f3rzy sp\u0119dzili z chorym kilka lat, sami potrzebuj\u0105 pomocy i terapii.&nbsp;<\/p>\n","protected":false},"excerpt":{"rendered":"<p>Demencja, inaczej ot\u0119pienie, to choroba dotykaj\u0105ca senior\u00f3w, kt\u00f3re objawia si\u0119 znacznym obni\u017ceniem sprawno\u015bci umys\u0142owej. Obni\u017ceniu ulega koncentracja, zdolno\u015b\u0107 do uczenia si\u0119 czy nawet orientacja w terenie. Czy demencj\u0119 mo\u017cna wyleczy\u0107? Jak pom\u00f3c osobie, kt\u00f3ra cierpi z powodu tej choroby? Wi\u0119cej w naszym tek\u015bcie.&nbsp; Produkty wspomagaj\u0105ce w stosowaniu diety Sprawd\u017a produkty wspomagaj\u0105ce stosowanie diety: Odchudzanie i [&hellip;]<\/p>\n","protected":false},"author":3,"featured_media":4086,"comment_status":"closed","ping_status":"open","sticky":false,"template":"","format":"standard","meta":{"_acf_changed":false,"footnotes":""},"categories":[388],"tags":[],"class_list":["post-4085","post","type-post","status-publish","format-standard","has-post-thumbnail","hentry","category-choroby-i-terapie"],"acf":[],"yoast_head":"<!-- This site is optimized with the Yoast SEO plugin v24.6 - https:\/\/yoast.com\/wordpress\/plugins\/seo\/ -->\n<title>Demencja - jak pom\u00f3c osobie chorej? - Czytelnia apteki Cefarm24<\/title>\n<meta name=\"description\" content=\"Demencja, inaczej ot\u0119pienie, to choroba dotykaj\u0105ca senior\u00f3w, kt\u00f3re objawia si\u0119 znacznym obni\u017ceniem sprawno\u015bci umys\u0142owej. Czy mozna j\u0105 wyleczy\u0107?\" \/>\n<meta name=\"robots\" content=\"index, follow, max-snippet:-1, max-image-preview:large, max-video-preview:-1\" \/>\n<link rel=\"canonical\" href=\"https:\/\/www.cefarm24.pl\/czytelnia\/zdrowie\/choroby-i-terapie\/demencja-jak-pomoc-osobie-chorej\/\" \/>\n<meta name=\"twitter:label1\" content=\"Napisane przez\" \/>\n\t<meta name=\"twitter:data1\" content=\"A F\" \/>\n\t<meta name=\"twitter:label2\" content=\"Szacowany czas czytania\" \/>\n\t<meta name=\"twitter:data2\" content=\"4 minuty\" \/>\n<script type=\"application\/ld+json\" class=\"yoast-schema-graph\">{\"@context\":\"https:\/\/schema.org\",\"@graph\":[{\"@type\":\"Article\",\"@id\":\"https:\/\/www.cefarm24.pl\/czytelnia\/zdrowie\/choroby-i-terapie\/demencja-jak-pomoc-osobie-chorej\/#article\",\"isPartOf\":{\"@id\":\"https:\/\/www.cefarm24.pl\/czytelnia\/zdrowie\/choroby-i-terapie\/demencja-jak-pomoc-osobie-chorej\/\"},\"author\":{\"name\":\"A F\",\"@id\":\"https:\/\/www.cefarm24.pl\/czytelnia\/#\/schema\/person\/58bc3535b8df4030251392060439cc7e\"},\"headline\":\"Demencja &#8211; jak pom\u00f3c osobie chorej?\",\"datePublished\":\"2019-10-22T08:10:22+00:00\",\"dateModified\":\"2022-02-15T11:31:57+00:00\",\"mainEntityOfPage\":{\"@id\":\"https:\/\/www.cefarm24.pl\/czytelnia\/zdrowie\/choroby-i-terapie\/demencja-jak-pomoc-osobie-chorej\/\"},\"wordCount\":767,\"publisher\":{\"@id\":\"https:\/\/www.cefarm24.pl\/czytelnia\/#organization\"},\"image\":{\"@id\":\"https:\/\/www.cefarm24.pl\/czytelnia\/zdrowie\/choroby-i-terapie\/demencja-jak-pomoc-osobie-chorej\/#primaryimage\"},\"thumbnailUrl\":\"https:\/\/www.cefarm24.pl\/czytelnia\/wp-content\/uploads\/2019\/10\/yerling-villalobos-r-hssyiKimQ-unsplash-e1571854379267.jpg\",\"articleSection\":[\"Choroby i terapie\"],\"inLanguage\":\"pl-PL\"},{\"@type\":\"WebPage\",\"@id\":\"https:\/\/www.cefarm24.pl\/czytelnia\/zdrowie\/choroby-i-terapie\/demencja-jak-pomoc-osobie-chorej\/\",\"url\":\"https:\/\/www.cefarm24.pl\/czytelnia\/zdrowie\/choroby-i-terapie\/demencja-jak-pomoc-osobie-chorej\/\",\"name\":\"Demencja - jak pom\u00f3c osobie chorej? - Czytelnia apteki Cefarm24\",\"isPartOf\":{\"@id\":\"https:\/\/www.cefarm24.pl\/czytelnia\/#website\"},\"primaryImageOfPage\":{\"@id\":\"https:\/\/www.cefarm24.pl\/czytelnia\/zdrowie\/choroby-i-terapie\/demencja-jak-pomoc-osobie-chorej\/#primaryimage\"},\"image\":{\"@id\":\"https:\/\/www.cefarm24.pl\/czytelnia\/zdrowie\/choroby-i-terapie\/demencja-jak-pomoc-osobie-chorej\/#primaryimage\"},\"thumbnailUrl\":\"https:\/\/www.cefarm24.pl\/czytelnia\/wp-content\/uploads\/2019\/10\/yerling-villalobos-r-hssyiKimQ-unsplash-e1571854379267.jpg\",\"datePublished\":\"2019-10-22T08:10:22+00:00\",\"dateModified\":\"2022-02-15T11:31:57+00:00\",\"description\":\"Demencja, inaczej ot\u0119pienie, to choroba dotykaj\u0105ca senior\u00f3w, kt\u00f3re objawia si\u0119 znacznym obni\u017ceniem sprawno\u015bci umys\u0142owej. Czy mozna j\u0105 wyleczy\u0107?\",\"breadcrumb\":{\"@id\":\"https:\/\/www.cefarm24.pl\/czytelnia\/zdrowie\/choroby-i-terapie\/demencja-jak-pomoc-osobie-chorej\/#breadcrumb\"},\"inLanguage\":\"pl-PL\",\"potentialAction\":[{\"@type\":\"ReadAction\",\"target\":[\"https:\/\/www.cefarm24.pl\/czytelnia\/zdrowie\/choroby-i-terapie\/demencja-jak-pomoc-osobie-chorej\/\"]}]},{\"@type\":\"ImageObject\",\"inLanguage\":\"pl-PL\",\"@id\":\"https:\/\/www.cefarm24.pl\/czytelnia\/zdrowie\/choroby-i-terapie\/demencja-jak-pomoc-osobie-chorej\/#primaryimage\",\"url\":\"https:\/\/www.cefarm24.pl\/czytelnia\/wp-content\/uploads\/2019\/10\/yerling-villalobos-r-hssyiKimQ-unsplash-e1571854379267.jpg\",\"contentUrl\":\"https:\/\/www.cefarm24.pl\/czytelnia\/wp-content\/uploads\/2019\/10\/yerling-villalobos-r-hssyiKimQ-unsplash-e1571854379267.jpg\",\"width\":4605,\"height\":2235,\"caption\":\"demencja\"},{\"@type\":\"BreadcrumbList\",\"@id\":\"https:\/\/www.cefarm24.pl\/czytelnia\/zdrowie\/choroby-i-terapie\/demencja-jak-pomoc-osobie-chorej\/#breadcrumb\",\"itemListElement\":[{\"@type\":\"ListItem\",\"position\":1,\"name\":\"Strona g\u0142\u00f3wna\",\"item\":\"https:\/\/www.cefarm24.pl\/\"},{\"@type\":\"ListItem\",\"position\":2,\"name\":\"Czytelnia\",\"item\":\"https:\/\/www.cefarm24.pl\/czytelnia\/\"},{\"@type\":\"ListItem\",\"position\":3,\"name\":\"Zdrowie\",\"item\":\"https:\/\/www.cefarm24.pl\/czytelnia\/zdrowie\/\"},{\"@type\":\"ListItem\",\"position\":4,\"name\":\"Choroby i terapie\",\"item\":\"https:\/\/www.cefarm24.pl\/czytelnia\/zdrowie\/choroby-i-terapie\/\"},{\"@type\":\"ListItem\",\"position\":5,\"name\":\"Demencja &#8211; jak pom\u00f3c osobie chorej?\"}]},{\"@type\":\"WebSite\",\"@id\":\"https:\/\/www.cefarm24.pl\/czytelnia\/#website\",\"url\":\"https:\/\/www.cefarm24.pl\/czytelnia\/\",\"name\":\"Czytelnia apteki Cefarm24\",\"description\":\"Porady zdrowotne, opisy chor\u00f3b, nowo\u015bci w ofercie lek\u00f3w i suplement\u00f3w. Czytaj i wiedz wi\u0119cej!\",\"publisher\":{\"@id\":\"https:\/\/www.cefarm24.pl\/czytelnia\/#organization\"},\"potentialAction\":[{\"@type\":\"SearchAction\",\"target\":{\"@type\":\"EntryPoint\",\"urlTemplate\":\"https:\/\/www.cefarm24.pl\/czytelnia\/?s={search_term_string}\"},\"query-input\":{\"@type\":\"PropertyValueSpecification\",\"valueRequired\":true,\"valueName\":\"search_term_string\"}}],\"inLanguage\":\"pl-PL\"},{\"@type\":\"Organization\",\"@id\":\"https:\/\/www.cefarm24.pl\/czytelnia\/#organization\",\"name\":\"Apteka Cefarm24\",\"url\":\"https:\/\/www.cefarm24.pl\/czytelnia\/\",\"logo\":{\"@type\":\"ImageObject\",\"inLanguage\":\"pl-PL\",\"@id\":\"https:\/\/www.cefarm24.pl\/czytelnia\/#\/schema\/logo\/image\/\",\"url\":\"https:\/\/www.cefarm24.pl\/czytelnia\/wp-content\/uploads\/2016\/04\/cefarm-logo.jpg\",\"contentUrl\":\"https:\/\/www.cefarm24.pl\/czytelnia\/wp-content\/uploads\/2016\/04\/cefarm-logo.jpg\",\"width\":310,\"height\":90,\"caption\":\"Apteka Cefarm24\"},\"image\":{\"@id\":\"https:\/\/www.cefarm24.pl\/czytelnia\/#\/schema\/logo\/image\/\"},\"sameAs\":[\"https:\/\/www.facebook.com\/cefarm24\/\"]},{\"@type\":\"Person\",\"@id\":\"https:\/\/www.cefarm24.pl\/czytelnia\/#\/schema\/person\/58bc3535b8df4030251392060439cc7e\",\"name\":\"A F\",\"image\":{\"@type\":\"ImageObject\",\"inLanguage\":\"pl-PL\",\"@id\":\"https:\/\/www.cefarm24.pl\/czytelnia\/#\/schema\/person\/image\/\",\"url\":\"https:\/\/secure.gravatar.com\/avatar\/348d7251e30dd20a2e62129287d8dd27?s=96&d=mm&r=g\",\"contentUrl\":\"https:\/\/secure.gravatar.com\/avatar\/348d7251e30dd20a2e62129287d8dd27?s=96&d=mm&r=g\",\"caption\":\"A F\"}}]}<\/script>\n<!-- \/ Yoast SEO plugin. -->","yoast_head_json":{"title":"Demencja - jak pom\u00f3c osobie chorej? - Czytelnia apteki Cefarm24","description":"Demencja, inaczej ot\u0119pienie, to choroba dotykaj\u0105ca senior\u00f3w, kt\u00f3re objawia si\u0119 znacznym obni\u017ceniem sprawno\u015bci umys\u0142owej. Czy mozna j\u0105 wyleczy\u0107?","robots":{"index":"index","follow":"follow","max-snippet":"max-snippet:-1","max-image-preview":"max-image-preview:large","max-video-preview":"max-video-preview:-1"},"canonical":"https:\/\/www.cefarm24.pl\/czytelnia\/zdrowie\/choroby-i-terapie\/demencja-jak-pomoc-osobie-chorej\/","twitter_misc":{"Napisane przez":"A F","Szacowany czas czytania":"4 minuty"},"schema":{"@context":"https:\/\/schema.org","@graph":[{"@type":"Article","@id":"https:\/\/www.cefarm24.pl\/czytelnia\/zdrowie\/choroby-i-terapie\/demencja-jak-pomoc-osobie-chorej\/#article","isPartOf":{"@id":"https:\/\/www.cefarm24.pl\/czytelnia\/zdrowie\/choroby-i-terapie\/demencja-jak-pomoc-osobie-chorej\/"},"author":{"name":"A F","@id":"https:\/\/www.cefarm24.pl\/czytelnia\/#\/schema\/person\/58bc3535b8df4030251392060439cc7e"},"headline":"Demencja &#8211; jak pom\u00f3c osobie chorej?","datePublished":"2019-10-22T08:10:22+00:00","dateModified":"2022-02-15T11:31:57+00:00","mainEntityOfPage":{"@id":"https:\/\/www.cefarm24.pl\/czytelnia\/zdrowie\/choroby-i-terapie\/demencja-jak-pomoc-osobie-chorej\/"},"wordCount":767,"publisher":{"@id":"https:\/\/www.cefarm24.pl\/czytelnia\/#organization"},"image":{"@id":"https:\/\/www.cefarm24.pl\/czytelnia\/zdrowie\/choroby-i-terapie\/demencja-jak-pomoc-osobie-chorej\/#primaryimage"},"thumbnailUrl":"https:\/\/www.cefarm24.pl\/czytelnia\/wp-content\/uploads\/2019\/10\/yerling-villalobos-r-hssyiKimQ-unsplash-e1571854379267.jpg","articleSection":["Choroby i terapie"],"inLanguage":"pl-PL"},{"@type":"WebPage","@id":"https:\/\/www.cefarm24.pl\/czytelnia\/zdrowie\/choroby-i-terapie\/demencja-jak-pomoc-osobie-chorej\/","url":"https:\/\/www.cefarm24.pl\/czytelnia\/zdrowie\/choroby-i-terapie\/demencja-jak-pomoc-osobie-chorej\/","name":"Demencja - jak pom\u00f3c osobie chorej? - Czytelnia apteki Cefarm24","isPartOf":{"@id":"https:\/\/www.cefarm24.pl\/czytelnia\/#website"},"primaryImageOfPage":{"@id":"https:\/\/www.cefarm24.pl\/czytelnia\/zdrowie\/choroby-i-terapie\/demencja-jak-pomoc-osobie-chorej\/#primaryimage"},"image":{"@id":"https:\/\/www.cefarm24.pl\/czytelnia\/zdrowie\/choroby-i-terapie\/demencja-jak-pomoc-osobie-chorej\/#primaryimage"},"thumbnailUrl":"https:\/\/www.cefarm24.pl\/czytelnia\/wp-content\/uploads\/2019\/10\/yerling-villalobos-r-hssyiKimQ-unsplash-e1571854379267.jpg","datePublished":"2019-10-22T08:10:22+00:00","dateModified":"2022-02-15T11:31:57+00:00","description":"Demencja, inaczej ot\u0119pienie, to choroba dotykaj\u0105ca senior\u00f3w, kt\u00f3re objawia si\u0119 znacznym obni\u017ceniem sprawno\u015bci umys\u0142owej. Czy mozna j\u0105 wyleczy\u0107?","breadcrumb":{"@id":"https:\/\/www.cefarm24.pl\/czytelnia\/zdrowie\/choroby-i-terapie\/demencja-jak-pomoc-osobie-chorej\/#breadcrumb"},"inLanguage":"pl-PL","potentialAction":[{"@type":"ReadAction","target":["https:\/\/www.cefarm24.pl\/czytelnia\/zdrowie\/choroby-i-terapie\/demencja-jak-pomoc-osobie-chorej\/"]}]},{"@type":"ImageObject","inLanguage":"pl-PL","@id":"https:\/\/www.cefarm24.pl\/czytelnia\/zdrowie\/choroby-i-terapie\/demencja-jak-pomoc-osobie-chorej\/#primaryimage","url":"https:\/\/www.cefarm24.pl\/czytelnia\/wp-content\/uploads\/2019\/10\/yerling-villalobos-r-hssyiKimQ-unsplash-e1571854379267.jpg","contentUrl":"https:\/\/www.cefarm24.pl\/czytelnia\/wp-content\/uploads\/2019\/10\/yerling-villalobos-r-hssyiKimQ-unsplash-e1571854379267.jpg","width":4605,"height":2235,"caption":"demencja"},{"@type":"BreadcrumbList","@id":"https:\/\/www.cefarm24.pl\/czytelnia\/zdrowie\/choroby-i-terapie\/demencja-jak-pomoc-osobie-chorej\/#breadcrumb","itemListElement":[{"@type":"ListItem","position":1,"name":"Strona g\u0142\u00f3wna","item":"https:\/\/www.cefarm24.pl\/"},{"@type":"ListItem","position":2,"name":"Czytelnia","item":"https:\/\/www.cefarm24.pl\/czytelnia\/"},{"@type":"ListItem","position":3,"name":"Zdrowie","item":"https:\/\/www.cefarm24.pl\/czytelnia\/zdrowie\/"},{"@type":"ListItem","position":4,"name":"Choroby i terapie","item":"https:\/\/www.cefarm24.pl\/czytelnia\/zdrowie\/choroby-i-terapie\/"},{"@type":"ListItem","position":5,"name":"Demencja &#8211; jak pom\u00f3c osobie chorej?"}]},{"@type":"WebSite","@id":"https:\/\/www.cefarm24.pl\/czytelnia\/#website","url":"https:\/\/www.cefarm24.pl\/czytelnia\/","name":"Czytelnia apteki Cefarm24","description":"Porady zdrowotne, opisy chor\u00f3b, nowo\u015bci w ofercie lek\u00f3w i suplement\u00f3w. Czytaj i wiedz wi\u0119cej!","publisher":{"@id":"https:\/\/www.cefarm24.pl\/czytelnia\/#organization"},"potentialAction":[{"@type":"SearchAction","target":{"@type":"EntryPoint","urlTemplate":"https:\/\/www.cefarm24.pl\/czytelnia\/?s={search_term_string}"},"query-input":{"@type":"PropertyValueSpecification","valueRequired":true,"valueName":"search_term_string"}}],"inLanguage":"pl-PL"},{"@type":"Organization","@id":"https:\/\/www.cefarm24.pl\/czytelnia\/#organization","name":"Apteka Cefarm24","url":"https:\/\/www.cefarm24.pl\/czytelnia\/","logo":{"@type":"ImageObject","inLanguage":"pl-PL","@id":"https:\/\/www.cefarm24.pl\/czytelnia\/#\/schema\/logo\/image\/","url":"https:\/\/www.cefarm24.pl\/czytelnia\/wp-content\/uploads\/2016\/04\/cefarm-logo.jpg","contentUrl":"https:\/\/www.cefarm24.pl\/czytelnia\/wp-content\/uploads\/2016\/04\/cefarm-logo.jpg","width":310,"height":90,"caption":"Apteka Cefarm24"},"image":{"@id":"https:\/\/www.cefarm24.pl\/czytelnia\/#\/schema\/logo\/image\/"},"sameAs":["https:\/\/www.facebook.com\/cefarm24\/"]},{"@type":"Person","@id":"https:\/\/www.cefarm24.pl\/czytelnia\/#\/schema\/person\/58bc3535b8df4030251392060439cc7e","name":"A F","image":{"@type":"ImageObject","inLanguage":"pl-PL","@id":"https:\/\/www.cefarm24.pl\/czytelnia\/#\/schema\/person\/image\/","url":"https:\/\/secure.gravatar.com\/avatar\/348d7251e30dd20a2e62129287d8dd27?s=96&d=mm&r=g","contentUrl":"https:\/\/secure.gravatar.com\/avatar\/348d7251e30dd20a2e62129287d8dd27?s=96&d=mm&r=g","caption":"A F"}}]}},"_links":{"self":[{"href":"https:\/\/www.cefarm24.pl\/czytelnia\/wp-json\/wp\/v2\/posts\/4085","targetHints":{"allow":["GET"]}}],"collection":[{"href":"https:\/\/www.cefarm24.pl\/czytelnia\/wp-json\/wp\/v2\/posts"}],"about":[{"href":"https:\/\/www.cefarm24.pl\/czytelnia\/wp-json\/wp\/v2\/types\/post"}],"author":[{"embeddable":true,"href":"https:\/\/www.cefarm24.pl\/czytelnia\/wp-json\/wp\/v2\/users\/3"}],"replies":[{"embeddable":true,"href":"https:\/\/www.cefarm24.pl\/czytelnia\/wp-json\/wp\/v2\/comments?post=4085"}],"version-history":[{"count":5,"href":"https:\/\/www.cefarm24.pl\/czytelnia\/wp-json\/wp\/v2\/posts\/4085\/revisions"}],"predecessor-version":[{"id":8693,"href":"https:\/\/www.cefarm24.pl\/czytelnia\/wp-json\/wp\/v2\/posts\/4085\/revisions\/8693"}],"wp:featuredmedia":[{"embeddable":true,"href":"https:\/\/www.cefarm24.pl\/czytelnia\/wp-json\/wp\/v2\/media\/4086"}],"wp:attachment":[{"href":"https:\/\/www.cefarm24.pl\/czytelnia\/wp-json\/wp\/v2\/media?parent=4085"}],"wp:term":[{"taxonomy":"category","embeddable":true,"href":"https:\/\/www.cefarm24.pl\/czytelnia\/wp-json\/wp\/v2\/categories?post=4085"},{"taxonomy":"post_tag","embeddable":true,"href":"https:\/\/www.cefarm24.pl\/czytelnia\/wp-json\/wp\/v2\/tags?post=4085"}],"curies":[{"name":"wp","href":"https:\/\/api.w.org\/{rel}","templated":true}]}}