{"id":2860,"date":"2018-05-23T09:27:31","date_gmt":"2018-05-23T07:27:31","guid":{"rendered":"https:\/\/www.cefarm24.pl\/czytelnia\/?p=2860"},"modified":"2025-03-27T10:06:41","modified_gmt":"2025-03-27T09:06:41","slug":"astma-charakterystyka-przyczyny-leczenie","status":"publish","type":"post","link":"https:\/\/www.cefarm24.pl\/czytelnia\/zdrowie\/choroby-i-terapie\/astma-charakterystyka-przyczyny-leczenie\/","title":{"rendered":"Astma &#8211; charakterystyka, przyczyny i leczenie"},"content":{"rendered":"\n<p><strong>Astma jest przewlek\u0142\u0105 chorob\u0105 zapaln\u0105 dr\u00f3g oddechowych, na kt\u00f3r\u0105 cierpi wiele milion\u00f3w ludzi na ca\u0142ym \u015bwiecie. W naszym kraju astm\u0119 zdiagnozowano u ponad 4 milion\u00f3w os\u00f3b, w tym 10% z nich to dzieci. Co wi\u0119cej, ilo\u015b\u0107 chorych wzrasta i nic nie wskazuje na to, \u017ce problem uda si\u0119 w najbli\u017cszym czasie opanowa\u0107.<\/strong><\/p>\n\n\n\n<h2 class=\"wp-block-heading\" id=\"charakterystyka-astmy\">Charakterystyka astmy<\/h2><div class=\"article-box-container inside-article-box-container\"><div class=\"article-box-image-container\">\r\n                    <img decoding=\"async\" src=\"https:\/\/www.cefarm24.pl\/czytelnia\/wp-content\/uploads\/2021\/03\/fotolia_213351023_subscription_monthly_m.jpg__908x607_q85_crop_subsampling-2.jpg\" alt=\"Produkty wspomagaj\u0105ce w stosowaniu diety\" class=\"img-responsive\" \/>\r\n                <\/div><div class=\"article-box-content-container\">\r\n                    <p class=\"article-box-title\">Produkty wspomagaj\u0105ce w stosowaniu diety<\/p>\r\n                <div class=\"article-box-description\">Sprawd\u017a produkty wspomagaj\u0105ce stosowanie diety:<\/div><div class=\"article-box-buttons\"><div class=\"article-box-button\"><a href=\"https:\/\/www.cefarm24.pl\/odchudzanie-i-oczyszczanie.html\" target=\"_blank\" class=\"btn btn-article-box\">Odchudzanie i oczyszczanie<\/a><\/div><div class=\"article-box-button\"><a href=\"https:\/\/www.cefarm24.pl\/preparaty-wapnia-a.html\" target=\"_blank\" class=\"btn btn-article-box\">Preparaty wapnia<\/a><\/div><\/div><\/div><\/div>\n\n\n\n<p><strong>Astma polega na kurczeniu si\u0119 oskrzeli, a to utrudnia przep\u0142yw powietrza do p\u0142uc podczas wydechu<\/strong>. W efekcie pojawiaj\u0105 si\u0119 trudno\u015bci w oddychaniu, wra\u017cenie ucisku w klatce piersiowej, napady duszno\u015bci i obni\u017cona wydolno\u015b\u0107 wysi\u0142kowa. Bardzo charakterystyczny jest tak\u017ce \u015bwiszcz\u0105cy oddech oraz ci\u0119\u017cki do opanowania kaszel. Wszystkie dolegliwo\u015bci wynikaj\u0105 ze stanu zapalnego dr\u00f3g oddechowych i w du\u017cym stopniu zmniejszaj\u0105 komfort \u017cycia. W \u0142agodnych stanach astmy objawy cz\u0119sto ust\u0119puj\u0105 samoistnie, natomiast w wielu przypadkach konieczne okazuje si\u0119 podanie odpowiednich lek\u00f3w.<\/p>\n\n\n\n<p>Wyr\u00f3\u017cnia si\u0119 dwa rodzaje astmy. Zdecydowanie najcz\u0119\u015bciej wyst\u0119puj\u0105c\u0105 postaci\u0105 tej choroby jest <strong>astma alergiczna<\/strong>, kt\u00f3rej przyczyny tkwi\u0105 w nadwra\u017cliwo\u015bci na okre\u015blone substancje b\u0105d\u017a zwi\u0105zki chemiczne zwane alergenami. Alergeny, jak py\u0142ki czy roztocza s\u0105 zupe\u0142nie neutralne dla uk\u0142adu immunologicznego zdrowego cz\u0142owieka, natomiast u chorych \u0142\u0105cz\u0105 si\u0119 z przeciwcia\u0142ami typu IgE na powierzchni kom\u00f3rek tucznych zwanych mastocytami. Prowadzi to do uwolnienia zwi\u0105zk\u00f3w odpowiedzialnych za symptomy uczuleniowe, g\u0142\u00f3wnie histaminy. <strong>Druga posta\u0107 astmy ma charakter niealergiczny<\/strong> i mechanizm jej powstawania jest s\u0142abiej poznany. Wyst\u0119puje zazwyczaj u os\u00f3b doros\u0142ych.<\/p>\n\n\n\n<div class=\"article-box-container inside-article-box-container\"><div class=\"article-box-image-container\">\r\n                    <img decoding=\"async\" src=\"https:\/\/www.cefarm24.pl\/czytelnia\/wp-content\/uploads\/2022\/01\/odma-oplucnowa-e1643103880745.jpg\" alt=\"Preparaty wspomagaj\u0105ce oddychanie\" class=\"img-responsive\" \/>\r\n                <\/div><div class=\"article-box-content-container\">\r\n                    <p class=\"article-box-title\">Preparaty wspomagaj\u0105ce oddychanie<\/p>\r\n                <div class=\"article-box-description\"><\/div><div class=\"article-box-buttons\"><div class=\"article-box-button\"><a href=\"https:\/\/www.cefarm24.pl\/inhalatory.html\" target=\"_blank\" class=\"btn btn-article-box\">Inhalatory<\/a><\/div><div class=\"article-box-button\"><a href=\"https:\/\/www.cefarm24.pl\/uspokajajace.html\" target=\"_blank\" class=\"btn btn-article-box\">\u015arodki uspokajaj\u0105ce<\/a><\/div><\/div><\/div><\/div>\n\n\n\n<h2 class=\"wp-block-heading\" id=\"przyczyny-powstawania-astmy-i-jej-diagnozowanie\">Przyczyny powstawania astmy i jej diagnozowanie<\/h2>\n\n\n\n<p>Trudno precyzyjnie wskaza\u0107 przyczyny astmy, ale <strong>du\u017ce znaczenie maj\u0105 czynniki genetyczne<\/strong>. Ryzyko zachorowania&nbsp; wzrasta, je\u017celi w rodzinie kto\u015b zmaga\u0142 si\u0119 ju\u017c z t\u0105 dolegliwo\u015bci\u0105. Lekarze podkre\u015blaj\u0105, \u017ce jednym z winowajc\u00f3w rozwoju astmy w ostatnich latach jest obecny styl \u017cycia. Z jednej strony przesadnie dba si\u0119 o higien\u0119 i dzieci cz\u0119sto s\u0105 trzymane wr\u0119cz w sterylnych warunkach, a wtedy ich uk\u0142ad odporno\u015bciowy nie ma na co dzie\u0144 kontaktu z alergenami i nie potrafi normalnie na nie reagowa\u0107. Jednocze\u015bnie wyst\u0119puje ogromne zanieczyszczenie powietrza, kt\u00f3re dodatkowo os\u0142abia odporno\u015b\u0107. <strong>Czynnikiem ryzyka jest tak\u017ce dym papierosowy,&nbsp;<\/strong>to <a href=\"https:\/\/www.cefarm24.pl\/czytelnia\/zdrowie\/jestem-kobieta\/rzuc-palenie-dlaczego-pozbyc-sie-nalogu\" target=\"_blank\" rel=\"noopener\">jeden z powod\u00f3w, dla kt\u00f3rych powinni\u015bmy przesta\u0107 je pali\u0107<\/a>.<\/p>\n\n\n\n<p>W wielu przypadkach astma wynika z nieleczonego alergicznego nie\u017cytu nosa lub <a href=\"https:\/\/www.cefarm24.pl\/czytelnia\/zdrowie\/choroby-i-terapie\/atopowe-zapalenie-skory-pielegnacja\" target=\"_blank\" rel=\"noopener\">atopowego zapalenia sk\u00f3ry<\/a> u dzieci. Coraz cz\u0119\u015bciej zwraca si\u0119 te\u017c uwag\u0119 na <a href=\"https:\/\/www.cefarm24.pl\/czytelnia\/tag\/dieta\" target=\"_blank\" rel=\"noopener\">niew\u0142a\u015bciw\u0105 diet\u0119<\/a> obfituj\u0105c\u0105 w cukier, mi\u0119so i \u017cywno\u015b\u0107 mocno przetworzon\u0105, kt\u00f3ra ma w\u0142a\u015bciwo\u015bci prozapalne. Choroba ta mo\u017ce r\u00f3wnie\u017c rozwija\u0107 si\u0119 pod wp\u0142ywem zbyt intensywnego i d\u0142ugotrwa\u0142ego treningu fizycznego i by\u0107 nast\u0119pstwem stosowania niekt\u00f3rych lek\u00f3w, a zw\u0142aszcza beta-bloker\u00f3w oraz aspiryny.<\/p>\n\n\n\n<p>Przy podejrzeniu astmy nale\u017cy uda\u0107 si\u0119 do lekarza pierwszego kontaktu, kt\u00f3ry skieruje pacjenta do poradni alergologicznej i pulmonologicznej. W tej pierwszej przeprowadza si\u0119 testy maj\u0105ce na celu ustalenie, jaki alergen stanowi przyczyn\u0119 problemu. Z kolei w pulmonolog wykonuje badanie spirometryczne, kt\u00f3re pomaga zdiagnozowa\u0107 chorob\u0119.<\/p>\n\n\n\n<h2 class=\"wp-block-heading\" id=\"leczenie-astmy\">Leczenie astmy<\/h2>\n\n\n\n<p>Ataki astmy mog\u0105 niekiedy mie\u0107 charakter bardzo ostry, ale zazwyczaj choroba przebiega do\u015b\u0107 \u0142agodnie. Wiele zale\u017cy od tego, na ile osoba chora stosuje zalecenia lekarza prowadz\u0105cego, a z tym bywa r\u00f3\u017cnie. <strong>W leczeniu stosuje leki przeciwzapalne, rozkurczaj\u0105ce oskrzela, a przede wszystkim glikokortykosteroidy<\/strong>. Te ostatnie dawniej przyjmowano w postaci doustnej i wywo\u0142ywa\u0142y r\u00f3\u017cne skutki uboczne, jak nadci\u015bnienie, oty\u0142o\u015b\u0107 czy cukrzyc\u0119. Jednak nowoczesne glikokortykosteroidy maj\u0105 posta\u0107 wziewn\u0105 i skutecznie hamuj\u0105 procesy zapalne, a jednocze\u015bnie nie maj\u0105 negatywnego wp\u0142ywu na zdrowie.<\/p>\n\n\n\n<p><strong>Poza leczeniem farmakologicznym nale\u017cy te\u017c zwr\u00f3ci\u0107 uwag\u0119 na styl \u017cycia<\/strong>. Na pewno trzeba unika\u0107 dymu papierosowego, a dobre efekty mo\u017cna uzyska\u0107 poprzez odpowiedni\u0105 diet\u0119. Lepiej zrezygnowa\u0107 z nabia\u0142u, fast food\u00f3w i cukru, a w\u0142\u0105czy\u0107 do codziennego menu du\u017ce ilo\u015bci warzyw i owoc\u00f3w. Bardzo polecane s\u0105 te\u017c ryby bogate w <a href=\"https:\/\/www.cefarm24.pl\/czytelnia\/zdrowie\/matka-i-dziecko-zdrowie\/kwasy-omega-3-niezbedne-dla-twojego-dziecka\" target=\"_blank\" rel=\"noopener\">kwasy t\u0142uszczowe omega-3<\/a>. Zaobserwowane dobre efekty przy diecie bezglutenowej. Korzystnie dzia\u0142a mi\u00f3d czy inhalacje z naturalnych olejk\u00f3w eterycznych, g\u0142\u00f3wnie olejku eukaliptusowego. Zaleca si\u0119 r\u00f3wnie\u017c picie zi\u00f3\u0142 o charakterze wykrztu\u015bnym np. aminku b\u0105d\u017a krokosza barwierskiego.<\/p>\n\n\n\n<p>Warto za\u015b pami\u0119ta\u0107, \u017ce dzieci choruj\u0105 na astm\u0119 o pod\u0142o\u017cu alergicznym, g\u0142\u00f3wnie atopowym i dlatego tak istotne w terapii b\u0119dzie wyeliminowanie alergen\u00f3w wywo\u0142uj\u0105cych objawy i to zar\u00f3wno tych wziewnych, jak i pokarmowych.<\/p>\n","protected":false},"excerpt":{"rendered":"<p>Astma jest przewlek\u0142\u0105 chorob\u0105 zapaln\u0105 dr\u00f3g oddechowych, na kt\u00f3r\u0105 cierpi wiele milion\u00f3w ludzi na ca\u0142ym \u015bwiecie. W naszym kraju astm\u0119 zdiagnozowano u ponad 4 milion\u00f3w os\u00f3b, w tym 10% z nich to dzieci. Co wi\u0119cej, ilo\u015b\u0107 chorych wzrasta i nic nie wskazuje na to, \u017ce problem uda si\u0119 w najbli\u017cszym czasie opanowa\u0107. Charakterystyka astmy Produkty [&hellip;]<\/p>\n","protected":false},"author":3,"featured_media":2861,"comment_status":"closed","ping_status":"open","sticky":false,"template":"","format":"standard","meta":{"_acf_changed":false,"footnotes":""},"categories":[388],"tags":[],"class_list":["post-2860","post","type-post","status-publish","format-standard","has-post-thumbnail","hentry","category-choroby-i-terapie"],"acf":[],"yoast_head":"<!-- This site is optimized with the Yoast SEO plugin v24.6 - https:\/\/yoast.com\/wordpress\/plugins\/seo\/ -->\n<title>Astma - charakterystyka, przyczyny i leczenie - Czytelnia apteki Cefarm24<\/title>\n<meta name=\"description\" content=\"Astma jest przewlek\u0142\u0105 chorob\u0105 zapaln\u0105 dr\u00f3g oddechowych, na kt\u00f3r\u0105 cierpi wiele milion\u00f3w ludzi na ca\u0142ym \u015bwiecie. W naszym kraju astm\u0119 zdiagnozowano u ponad 4 milion\u00f3w os\u00f3b, w tym 10% z nich to dzieci. Jak j\u0105 leczy\u0107?\" \/>\n<meta name=\"robots\" content=\"index, follow, max-snippet:-1, max-image-preview:large, max-video-preview:-1\" \/>\n<link rel=\"canonical\" href=\"https:\/\/www.cefarm24.pl\/czytelnia\/zdrowie\/choroby-i-terapie\/astma-charakterystyka-przyczyny-leczenie\/\" \/>\n<meta name=\"twitter:label1\" content=\"Napisane przez\" \/>\n\t<meta name=\"twitter:data1\" content=\"A F\" \/>\n\t<meta name=\"twitter:label2\" content=\"Szacowany czas czytania\" \/>\n\t<meta name=\"twitter:data2\" content=\"4 minuty\" \/>\n<script type=\"application\/ld+json\" class=\"yoast-schema-graph\">{\"@context\":\"https:\/\/schema.org\",\"@graph\":[{\"@type\":\"Article\",\"@id\":\"https:\/\/www.cefarm24.pl\/czytelnia\/zdrowie\/choroby-i-terapie\/astma-charakterystyka-przyczyny-leczenie\/#article\",\"isPartOf\":{\"@id\":\"https:\/\/www.cefarm24.pl\/czytelnia\/zdrowie\/choroby-i-terapie\/astma-charakterystyka-przyczyny-leczenie\/\"},\"author\":{\"name\":\"A F\",\"@id\":\"https:\/\/www.cefarm24.pl\/czytelnia\/#\/schema\/person\/58bc3535b8df4030251392060439cc7e\"},\"headline\":\"Astma &#8211; charakterystyka, przyczyny i leczenie\",\"datePublished\":\"2018-05-23T07:27:31+00:00\",\"dateModified\":\"2025-03-27T09:06:41+00:00\",\"mainEntityOfPage\":{\"@id\":\"https:\/\/www.cefarm24.pl\/czytelnia\/zdrowie\/choroby-i-terapie\/astma-charakterystyka-przyczyny-leczenie\/\"},\"wordCount\":759,\"publisher\":{\"@id\":\"https:\/\/www.cefarm24.pl\/czytelnia\/#organization\"},\"image\":{\"@id\":\"https:\/\/www.cefarm24.pl\/czytelnia\/zdrowie\/choroby-i-terapie\/astma-charakterystyka-przyczyny-leczenie\/#primaryimage\"},\"thumbnailUrl\":\"https:\/\/www.cefarm24.pl\/czytelnia\/wp-content\/uploads\/2018\/05\/woman-698957_1920_.jpg\",\"articleSection\":[\"Choroby i terapie\"],\"inLanguage\":\"pl-PL\"},{\"@type\":\"WebPage\",\"@id\":\"https:\/\/www.cefarm24.pl\/czytelnia\/zdrowie\/choroby-i-terapie\/astma-charakterystyka-przyczyny-leczenie\/\",\"url\":\"https:\/\/www.cefarm24.pl\/czytelnia\/zdrowie\/choroby-i-terapie\/astma-charakterystyka-przyczyny-leczenie\/\",\"name\":\"Astma - charakterystyka, przyczyny i leczenie - Czytelnia apteki Cefarm24\",\"isPartOf\":{\"@id\":\"https:\/\/www.cefarm24.pl\/czytelnia\/#website\"},\"primaryImageOfPage\":{\"@id\":\"https:\/\/www.cefarm24.pl\/czytelnia\/zdrowie\/choroby-i-terapie\/astma-charakterystyka-przyczyny-leczenie\/#primaryimage\"},\"image\":{\"@id\":\"https:\/\/www.cefarm24.pl\/czytelnia\/zdrowie\/choroby-i-terapie\/astma-charakterystyka-przyczyny-leczenie\/#primaryimage\"},\"thumbnailUrl\":\"https:\/\/www.cefarm24.pl\/czytelnia\/wp-content\/uploads\/2018\/05\/woman-698957_1920_.jpg\",\"datePublished\":\"2018-05-23T07:27:31+00:00\",\"dateModified\":\"2025-03-27T09:06:41+00:00\",\"description\":\"Astma jest przewlek\u0142\u0105 chorob\u0105 zapaln\u0105 dr\u00f3g oddechowych, na kt\u00f3r\u0105 cierpi wiele milion\u00f3w ludzi na ca\u0142ym \u015bwiecie. W naszym kraju astm\u0119 zdiagnozowano u ponad 4 milion\u00f3w os\u00f3b, w tym 10% z nich to dzieci. Jak j\u0105 leczy\u0107?\",\"breadcrumb\":{\"@id\":\"https:\/\/www.cefarm24.pl\/czytelnia\/zdrowie\/choroby-i-terapie\/astma-charakterystyka-przyczyny-leczenie\/#breadcrumb\"},\"inLanguage\":\"pl-PL\",\"potentialAction\":[{\"@type\":\"ReadAction\",\"target\":[\"https:\/\/www.cefarm24.pl\/czytelnia\/zdrowie\/choroby-i-terapie\/astma-charakterystyka-przyczyny-leczenie\/\"]}]},{\"@type\":\"ImageObject\",\"inLanguage\":\"pl-PL\",\"@id\":\"https:\/\/www.cefarm24.pl\/czytelnia\/zdrowie\/choroby-i-terapie\/astma-charakterystyka-przyczyny-leczenie\/#primaryimage\",\"url\":\"https:\/\/www.cefarm24.pl\/czytelnia\/wp-content\/uploads\/2018\/05\/woman-698957_1920_.jpg\",\"contentUrl\":\"https:\/\/www.cefarm24.pl\/czytelnia\/wp-content\/uploads\/2018\/05\/woman-698957_1920_.jpg\",\"width\":1742,\"height\":850,\"caption\":\"astma to uci\u0105\u017cliwa choroba cywilizacyjna nie\u0142atwa do wyleczenia\"},{\"@type\":\"BreadcrumbList\",\"@id\":\"https:\/\/www.cefarm24.pl\/czytelnia\/zdrowie\/choroby-i-terapie\/astma-charakterystyka-przyczyny-leczenie\/#breadcrumb\",\"itemListElement\":[{\"@type\":\"ListItem\",\"position\":1,\"name\":\"Strona g\u0142\u00f3wna\",\"item\":\"https:\/\/www.cefarm24.pl\/\"},{\"@type\":\"ListItem\",\"position\":2,\"name\":\"Czytelnia\",\"item\":\"https:\/\/www.cefarm24.pl\/czytelnia\/\"},{\"@type\":\"ListItem\",\"position\":3,\"name\":\"Zdrowie\",\"item\":\"https:\/\/www.cefarm24.pl\/czytelnia\/zdrowie\/\"},{\"@type\":\"ListItem\",\"position\":4,\"name\":\"Choroby i terapie\",\"item\":\"https:\/\/www.cefarm24.pl\/czytelnia\/zdrowie\/choroby-i-terapie\/\"},{\"@type\":\"ListItem\",\"position\":5,\"name\":\"Astma &#8211; charakterystyka, przyczyny i leczenie\"}]},{\"@type\":\"WebSite\",\"@id\":\"https:\/\/www.cefarm24.pl\/czytelnia\/#website\",\"url\":\"https:\/\/www.cefarm24.pl\/czytelnia\/\",\"name\":\"Czytelnia apteki Cefarm24\",\"description\":\"Porady zdrowotne, opisy chor\u00f3b, nowo\u015bci w ofercie lek\u00f3w i suplement\u00f3w. Czytaj i wiedz wi\u0119cej!\",\"publisher\":{\"@id\":\"https:\/\/www.cefarm24.pl\/czytelnia\/#organization\"},\"potentialAction\":[{\"@type\":\"SearchAction\",\"target\":{\"@type\":\"EntryPoint\",\"urlTemplate\":\"https:\/\/www.cefarm24.pl\/czytelnia\/?s={search_term_string}\"},\"query-input\":{\"@type\":\"PropertyValueSpecification\",\"valueRequired\":true,\"valueName\":\"search_term_string\"}}],\"inLanguage\":\"pl-PL\"},{\"@type\":\"Organization\",\"@id\":\"https:\/\/www.cefarm24.pl\/czytelnia\/#organization\",\"name\":\"Apteka Cefarm24\",\"url\":\"https:\/\/www.cefarm24.pl\/czytelnia\/\",\"logo\":{\"@type\":\"ImageObject\",\"inLanguage\":\"pl-PL\",\"@id\":\"https:\/\/www.cefarm24.pl\/czytelnia\/#\/schema\/logo\/image\/\",\"url\":\"https:\/\/www.cefarm24.pl\/czytelnia\/wp-content\/uploads\/2016\/04\/cefarm-logo.jpg\",\"contentUrl\":\"https:\/\/www.cefarm24.pl\/czytelnia\/wp-content\/uploads\/2016\/04\/cefarm-logo.jpg\",\"width\":310,\"height\":90,\"caption\":\"Apteka Cefarm24\"},\"image\":{\"@id\":\"https:\/\/www.cefarm24.pl\/czytelnia\/#\/schema\/logo\/image\/\"},\"sameAs\":[\"https:\/\/www.facebook.com\/cefarm24\/\"]},{\"@type\":\"Person\",\"@id\":\"https:\/\/www.cefarm24.pl\/czytelnia\/#\/schema\/person\/58bc3535b8df4030251392060439cc7e\",\"name\":\"A F\",\"image\":{\"@type\":\"ImageObject\",\"inLanguage\":\"pl-PL\",\"@id\":\"https:\/\/www.cefarm24.pl\/czytelnia\/#\/schema\/person\/image\/\",\"url\":\"https:\/\/secure.gravatar.com\/avatar\/348d7251e30dd20a2e62129287d8dd27?s=96&d=mm&r=g\",\"contentUrl\":\"https:\/\/secure.gravatar.com\/avatar\/348d7251e30dd20a2e62129287d8dd27?s=96&d=mm&r=g\",\"caption\":\"A F\"}}]}<\/script>\n<!-- \/ Yoast SEO plugin. -->","yoast_head_json":{"title":"Astma - charakterystyka, przyczyny i leczenie - Czytelnia apteki Cefarm24","description":"Astma jest przewlek\u0142\u0105 chorob\u0105 zapaln\u0105 dr\u00f3g oddechowych, na kt\u00f3r\u0105 cierpi wiele milion\u00f3w ludzi na ca\u0142ym \u015bwiecie. W naszym kraju astm\u0119 zdiagnozowano u ponad 4 milion\u00f3w os\u00f3b, w tym 10% z nich to dzieci. Jak j\u0105 leczy\u0107?","robots":{"index":"index","follow":"follow","max-snippet":"max-snippet:-1","max-image-preview":"max-image-preview:large","max-video-preview":"max-video-preview:-1"},"canonical":"https:\/\/www.cefarm24.pl\/czytelnia\/zdrowie\/choroby-i-terapie\/astma-charakterystyka-przyczyny-leczenie\/","twitter_misc":{"Napisane przez":"A F","Szacowany czas czytania":"4 minuty"},"schema":{"@context":"https:\/\/schema.org","@graph":[{"@type":"Article","@id":"https:\/\/www.cefarm24.pl\/czytelnia\/zdrowie\/choroby-i-terapie\/astma-charakterystyka-przyczyny-leczenie\/#article","isPartOf":{"@id":"https:\/\/www.cefarm24.pl\/czytelnia\/zdrowie\/choroby-i-terapie\/astma-charakterystyka-przyczyny-leczenie\/"},"author":{"name":"A F","@id":"https:\/\/www.cefarm24.pl\/czytelnia\/#\/schema\/person\/58bc3535b8df4030251392060439cc7e"},"headline":"Astma &#8211; charakterystyka, przyczyny i leczenie","datePublished":"2018-05-23T07:27:31+00:00","dateModified":"2025-03-27T09:06:41+00:00","mainEntityOfPage":{"@id":"https:\/\/www.cefarm24.pl\/czytelnia\/zdrowie\/choroby-i-terapie\/astma-charakterystyka-przyczyny-leczenie\/"},"wordCount":759,"publisher":{"@id":"https:\/\/www.cefarm24.pl\/czytelnia\/#organization"},"image":{"@id":"https:\/\/www.cefarm24.pl\/czytelnia\/zdrowie\/choroby-i-terapie\/astma-charakterystyka-przyczyny-leczenie\/#primaryimage"},"thumbnailUrl":"https:\/\/www.cefarm24.pl\/czytelnia\/wp-content\/uploads\/2018\/05\/woman-698957_1920_.jpg","articleSection":["Choroby i terapie"],"inLanguage":"pl-PL"},{"@type":"WebPage","@id":"https:\/\/www.cefarm24.pl\/czytelnia\/zdrowie\/choroby-i-terapie\/astma-charakterystyka-przyczyny-leczenie\/","url":"https:\/\/www.cefarm24.pl\/czytelnia\/zdrowie\/choroby-i-terapie\/astma-charakterystyka-przyczyny-leczenie\/","name":"Astma - charakterystyka, przyczyny i leczenie - Czytelnia apteki Cefarm24","isPartOf":{"@id":"https:\/\/www.cefarm24.pl\/czytelnia\/#website"},"primaryImageOfPage":{"@id":"https:\/\/www.cefarm24.pl\/czytelnia\/zdrowie\/choroby-i-terapie\/astma-charakterystyka-przyczyny-leczenie\/#primaryimage"},"image":{"@id":"https:\/\/www.cefarm24.pl\/czytelnia\/zdrowie\/choroby-i-terapie\/astma-charakterystyka-przyczyny-leczenie\/#primaryimage"},"thumbnailUrl":"https:\/\/www.cefarm24.pl\/czytelnia\/wp-content\/uploads\/2018\/05\/woman-698957_1920_.jpg","datePublished":"2018-05-23T07:27:31+00:00","dateModified":"2025-03-27T09:06:41+00:00","description":"Astma jest przewlek\u0142\u0105 chorob\u0105 zapaln\u0105 dr\u00f3g oddechowych, na kt\u00f3r\u0105 cierpi wiele milion\u00f3w ludzi na ca\u0142ym \u015bwiecie. W naszym kraju astm\u0119 zdiagnozowano u ponad 4 milion\u00f3w os\u00f3b, w tym 10% z nich to dzieci. Jak j\u0105 leczy\u0107?","breadcrumb":{"@id":"https:\/\/www.cefarm24.pl\/czytelnia\/zdrowie\/choroby-i-terapie\/astma-charakterystyka-przyczyny-leczenie\/#breadcrumb"},"inLanguage":"pl-PL","potentialAction":[{"@type":"ReadAction","target":["https:\/\/www.cefarm24.pl\/czytelnia\/zdrowie\/choroby-i-terapie\/astma-charakterystyka-przyczyny-leczenie\/"]}]},{"@type":"ImageObject","inLanguage":"pl-PL","@id":"https:\/\/www.cefarm24.pl\/czytelnia\/zdrowie\/choroby-i-terapie\/astma-charakterystyka-przyczyny-leczenie\/#primaryimage","url":"https:\/\/www.cefarm24.pl\/czytelnia\/wp-content\/uploads\/2018\/05\/woman-698957_1920_.jpg","contentUrl":"https:\/\/www.cefarm24.pl\/czytelnia\/wp-content\/uploads\/2018\/05\/woman-698957_1920_.jpg","width":1742,"height":850,"caption":"astma to uci\u0105\u017cliwa choroba cywilizacyjna nie\u0142atwa do wyleczenia"},{"@type":"BreadcrumbList","@id":"https:\/\/www.cefarm24.pl\/czytelnia\/zdrowie\/choroby-i-terapie\/astma-charakterystyka-przyczyny-leczenie\/#breadcrumb","itemListElement":[{"@type":"ListItem","position":1,"name":"Strona g\u0142\u00f3wna","item":"https:\/\/www.cefarm24.pl\/"},{"@type":"ListItem","position":2,"name":"Czytelnia","item":"https:\/\/www.cefarm24.pl\/czytelnia\/"},{"@type":"ListItem","position":3,"name":"Zdrowie","item":"https:\/\/www.cefarm24.pl\/czytelnia\/zdrowie\/"},{"@type":"ListItem","position":4,"name":"Choroby i terapie","item":"https:\/\/www.cefarm24.pl\/czytelnia\/zdrowie\/choroby-i-terapie\/"},{"@type":"ListItem","position":5,"name":"Astma &#8211; charakterystyka, przyczyny i leczenie"}]},{"@type":"WebSite","@id":"https:\/\/www.cefarm24.pl\/czytelnia\/#website","url":"https:\/\/www.cefarm24.pl\/czytelnia\/","name":"Czytelnia apteki Cefarm24","description":"Porady zdrowotne, opisy chor\u00f3b, nowo\u015bci w ofercie lek\u00f3w i suplement\u00f3w. Czytaj i wiedz wi\u0119cej!","publisher":{"@id":"https:\/\/www.cefarm24.pl\/czytelnia\/#organization"},"potentialAction":[{"@type":"SearchAction","target":{"@type":"EntryPoint","urlTemplate":"https:\/\/www.cefarm24.pl\/czytelnia\/?s={search_term_string}"},"query-input":{"@type":"PropertyValueSpecification","valueRequired":true,"valueName":"search_term_string"}}],"inLanguage":"pl-PL"},{"@type":"Organization","@id":"https:\/\/www.cefarm24.pl\/czytelnia\/#organization","name":"Apteka Cefarm24","url":"https:\/\/www.cefarm24.pl\/czytelnia\/","logo":{"@type":"ImageObject","inLanguage":"pl-PL","@id":"https:\/\/www.cefarm24.pl\/czytelnia\/#\/schema\/logo\/image\/","url":"https:\/\/www.cefarm24.pl\/czytelnia\/wp-content\/uploads\/2016\/04\/cefarm-logo.jpg","contentUrl":"https:\/\/www.cefarm24.pl\/czytelnia\/wp-content\/uploads\/2016\/04\/cefarm-logo.jpg","width":310,"height":90,"caption":"Apteka Cefarm24"},"image":{"@id":"https:\/\/www.cefarm24.pl\/czytelnia\/#\/schema\/logo\/image\/"},"sameAs":["https:\/\/www.facebook.com\/cefarm24\/"]},{"@type":"Person","@id":"https:\/\/www.cefarm24.pl\/czytelnia\/#\/schema\/person\/58bc3535b8df4030251392060439cc7e","name":"A F","image":{"@type":"ImageObject","inLanguage":"pl-PL","@id":"https:\/\/www.cefarm24.pl\/czytelnia\/#\/schema\/person\/image\/","url":"https:\/\/secure.gravatar.com\/avatar\/348d7251e30dd20a2e62129287d8dd27?s=96&d=mm&r=g","contentUrl":"https:\/\/secure.gravatar.com\/avatar\/348d7251e30dd20a2e62129287d8dd27?s=96&d=mm&r=g","caption":"A F"}}]}},"_links":{"self":[{"href":"https:\/\/www.cefarm24.pl\/czytelnia\/wp-json\/wp\/v2\/posts\/2860","targetHints":{"allow":["GET"]}}],"collection":[{"href":"https:\/\/www.cefarm24.pl\/czytelnia\/wp-json\/wp\/v2\/posts"}],"about":[{"href":"https:\/\/www.cefarm24.pl\/czytelnia\/wp-json\/wp\/v2\/types\/post"}],"author":[{"embeddable":true,"href":"https:\/\/www.cefarm24.pl\/czytelnia\/wp-json\/wp\/v2\/users\/3"}],"replies":[{"embeddable":true,"href":"https:\/\/www.cefarm24.pl\/czytelnia\/wp-json\/wp\/v2\/comments?post=2860"}],"version-history":[{"count":4,"href":"https:\/\/www.cefarm24.pl\/czytelnia\/wp-json\/wp\/v2\/posts\/2860\/revisions"}],"predecessor-version":[{"id":11453,"href":"https:\/\/www.cefarm24.pl\/czytelnia\/wp-json\/wp\/v2\/posts\/2860\/revisions\/11453"}],"wp:featuredmedia":[{"embeddable":true,"href":"https:\/\/www.cefarm24.pl\/czytelnia\/wp-json\/wp\/v2\/media\/2861"}],"wp:attachment":[{"href":"https:\/\/www.cefarm24.pl\/czytelnia\/wp-json\/wp\/v2\/media?parent=2860"}],"wp:term":[{"taxonomy":"category","embeddable":true,"href":"https:\/\/www.cefarm24.pl\/czytelnia\/wp-json\/wp\/v2\/categories?post=2860"},{"taxonomy":"post_tag","embeddable":true,"href":"https:\/\/www.cefarm24.pl\/czytelnia\/wp-json\/wp\/v2\/tags?post=2860"}],"curies":[{"name":"wp","href":"https:\/\/api.w.org\/{rel}","templated":true}]}}