{"id":11507,"date":"2025-05-09T14:49:37","date_gmt":"2025-05-09T12:49:37","guid":{"rendered":"https:\/\/www.cefarm24.pl\/czytelnia\/?p=11507"},"modified":"2025-05-09T14:49:43","modified_gmt":"2025-05-09T12:49:43","slug":"top-10-kremow-z-filtrem-spf-na-lato-do-twarzy-i-ciala","status":"publish","type":"post","link":"https:\/\/www.cefarm24.pl\/czytelnia\/produkty\/top-10-kremow-z-filtrem-spf-na-lato-do-twarzy-i-ciala\/","title":{"rendered":"TOP 10 krem\u00f3w z filtrem SPF na lato \u2013 do twarzy i cia\u0142a"},"content":{"rendered":"\n<p><strong>Wakacje zbli\u017caj\u0105 si\u0119 wielkimi krokami, a wraz z nimi cieplejsze, pe\u0142ne s\u0142o\u0144ca dni. Wiele os\u00f3b zaczyna ju\u017c my\u015ble\u0107 o opalaniu i aktywno\u015bciach na \u015bwie\u017cym powietrzu, planuj\u0105c letni wypoczynek. Jedn\u0105 z podstawowych kwestii, o kt\u00f3re nale\u017cy zadba\u0107 latem, jest odpowiednia ochrona przed promieniowaniem UV, kt\u00f3ra jest kluczowa dla zdrowia sk\u00f3ry.<\/strong><\/p>\n\n\n\n<p>O ochron\u0119 przed promieniowaniem UV powinni\u015bmy dba\u0107 przez ca\u0142y rok, ale jest to szczeg\u00f3lnie wa\u017cne w\u0142a\u015bnie w miesi\u0105cach letnich, kiedy to s\u0142o\u0144ce operuje bardzo intensywnie, a cz\u0142owiek odkrywa wi\u0119cej cia\u0142a i wi\u0119cej czasu sp\u0119dza na \u015bwie\u017cym powietrzu. Promieniowanie s\u0142oneczne mo\u017ce by\u0107 dla nas bowiem szkodliwe, przyczyniaj\u0105c si\u0119 nie tylko do podra\u017cnie\u0144 sk\u00f3ry i oparze\u0144 s\u0142onecznych, ale te\u017c do szybszego starzenia sk\u00f3ry oraz zwi\u0119kszaj\u0105c ryzyko chor\u00f3b nowotworowych. Dobry krem z filtrem SPF na lato do twarzy i cia\u0142a powinien zatem zapewnia\u0107 sk\u00f3rze jak najwy\u017cszy poziom ochrony przeciws\u0142onecznej, a przy tym dobrze, aby piel\u0119gnowa\u0142 j\u0105, dbaj\u0105c o jej kondycj\u0119 i atrakcyjny wygl\u0105d. Jaki krem na lato do twarzy i cia\u0142a wybra\u0107? TOP 10 krem\u00f3w z filtrem SPF na lato zebrali\u015bmy w poni\u017cszym artykule!<\/p>\n\n\n\n<p><strong>Spis tre\u015bci<\/strong><\/p>\n\n\n\n<p>Bezpieczne opalanie? Dobry krem z filtrem na lato to podstawa!<\/p>\n\n\n\n<p>Jak dzia\u0142a krem z filtrem do opalania?<\/p>\n\n\n\n<p>Jaki krem z filtrem na lato do twarzy i cia\u0142a wybra\u0107? TOP 10 krem\u00f3w z filtrem SPF na lato<\/p>\n\n\n\n<p>Jak prawid\u0142owo stosowa\u0107 krem z filtrem?<\/p>\n\n\n\n<h2 class=\"wp-block-heading\"><strong>Bezpieczne opalanie? Dobry krem z filtrem na lato to podstawa!<\/strong><\/h2><div class=\"article-box-container inside-article-box-container\"><div class=\"article-box-image-container\">\r\n                    <img decoding=\"async\" src=\"https:\/\/www.cefarm24.pl\/czytelnia\/wp-content\/uploads\/2021\/03\/fotolia_213351023_subscription_monthly_m.jpg__908x607_q85_crop_subsampling-2.jpg\" alt=\"Produkty wspomagaj\u0105ce w stosowaniu diety\" class=\"img-responsive\" \/>\r\n                <\/div><div class=\"article-box-content-container\">\r\n                    <p class=\"article-box-title\">Produkty wspomagaj\u0105ce w stosowaniu diety<\/p>\r\n                <div class=\"article-box-description\">Sprawd\u017a produkty wspomagaj\u0105ce stosowanie diety:<\/div><div class=\"article-box-buttons\"><div class=\"article-box-button\"><a href=\"https:\/\/www.cefarm24.pl\/odchudzanie-i-oczyszczanie.html\" target=\"_blank\" class=\"btn btn-article-box\">Odchudzanie i oczyszczanie<\/a><\/div><div class=\"article-box-button\"><a href=\"https:\/\/www.cefarm24.pl\/preparaty-wapnia-a.html\" target=\"_blank\" class=\"btn btn-article-box\">Preparaty wapnia<\/a><\/div><\/div><\/div><\/div>\n\n\n\n<p>Promieniowanie s\u0142oneczne niestety nie tylko zapewnia nam przyjemne ciep\u0142o latem i atrakcyjny koloryt sk\u00f3ry czy szans\u0119 na produkcj\u0119 witaminy D3. Mo\u017ce by\u0107 r\u00f3wnie\u017c bardzo szkodliwe, zw\u0142aszcza je\u015bli nie zadbamy o odpowiedni\u0105 ochron\u0119 sk\u00f3ry. Wyr\u00f3\u017cnia si\u0119 trzy typy promieniowania UV. Promieniowanie UVA to a\u017c 95% promieniowania docieraj\u0105cego do sk\u00f3ry cz\u0142owieka, kt\u00f3re bez trudu przenika nawet przez szklane szyby. To w\u0142a\u015bnie ten typ promieniowania przyczynia si\u0119 do fotostarzenia si\u0119 sk\u00f3ry oraz mo\u017ce odpowiada\u0107 za nieestetyczne zmiany pigmentacyjne sk\u00f3ry. Promieniowanie UVB to natomiast pozosta\u0142ych 5% promieniowania docieraj\u0105cego na ziemi\u0119. Ten typ promieniowania jest wa\u017cny dla naszej opalenizny i syntezy witaminy D, ale jednocze\u015bnie to te\u017c ten typ mo\u017ce si\u0119 przyczynia\u0107 do poparze\u0144 s\u0142onecznych, a nawet zwi\u0119ksza\u0107 ryzyko wyst\u0105pienia zmian nowotworowych. Mo\u017cna te\u017c wyr\u00f3\u017cni\u0107 promieniowanie UVC, kt\u00f3re w wi\u0119kszo\u015bci jest poch\u0142aniane przez warstw\u0119 ozonow\u0105 Ziemi.<\/p>\n\n\n\n<p>Dobry krem z filtrem do twarzy i cia\u0142a powinien stanowi\u0107 podstawowe wyposa\u017cenie kosmetyczne na lato, bez wzgl\u0119du na to, czy planujemy ca\u0142y dzie\u0144 opala\u0107 si\u0119 na kocu, sp\u0119dzamy czas aktywnie na \u015bwie\u017cym powietrzu, czy pracujemy z biura przy oknie. Aby jednak m\u00f3g\u0142 spe\u0142nia\u0107 swoje zadanie zgodnie z oczekiwaniami, nale\u017cy dostosowa\u0107 go do rodzaju swojej sk\u00f3ry, karnacji oraz potrzeb sk\u00f3ry. Trzeba r\u00f3wnie\u017c korzysta\u0107 z niego umiej\u0119tnie, przestrzegaj\u0105c zalece\u0144 producenta.<\/p>\n\n\n\n<h2 class=\"wp-block-heading\"><strong>Jak dzia\u0142a krem z filtrem do opalania?<\/strong><\/h2>\n\n\n\n<p>Kremy z filtrem do opalania przede wszystkim maj\u0105 za zadanie zapewnia\u0107 sk\u00f3rze wysoki poziom ochrony przed negatywnym wp\u0142ywem promieniowania s\u0142onecznego, w tym przed uszkodzeniami kom\u00f3rek sk\u00f3ry i ich mutacjami. Kosmetyk do opalania ma zabezpiecza\u0107 sk\u00f3r\u0119 przed podra\u017cnieniami i oparzeniami s\u0142onecznymi, a tak\u017ce nasilaniem si\u0119 rumienia. Dobry krem z SPF na lato b\u0119dzie chroni\u0107 sk\u00f3r\u0119 przed fotostarzeniem, czyli przyspieszonym starzeniem, zabezpieczaj\u0105c przed niszczeniem w\u0142\u00f3kien kolagenowych i elastynowych. Kosmetyk tak\u017ce zabezpieczy sk\u00f3r\u0119 przed powstawaniem nieestetycznych zmian pigmentacyjnych. Na tym nie koniec, gdy\u017c kremy przeciws\u0142oneczne powinny nie tylko zabezpiecza\u0107 sk\u00f3r\u0119 przed negatywnym wp\u0142ywem promieniowania, ale r\u00f3wnie\u017c piel\u0119gnowa\u0107 j\u0105, dbaj\u0105c o jej prawid\u0142owe nawil\u017cenie.&nbsp;<\/p>\n\n\n\n<h2 class=\"wp-block-heading\"><strong>Jaki krem z filtrem na lato do twarzy i cia\u0142a wybra\u0107? TOP 10 krem\u00f3w z filtrem SPF na lato&nbsp;<\/strong><\/h2>\n\n\n\n<p>Wyb\u00f3r kremu z filtrem na lato do twarzy i cia\u0142a to kwestia indywidualna. Nale\u017cy uwzgl\u0119dni\u0107 swoj\u0105 karnacj\u0119 oraz potrzeby sk\u00f3ry, dlatego kosmetyk odpowiedni dla jednej osoby mo\u017ce zupe\u0142nie si\u0119 nie sprawdzi\u0107 u drugiej osoby. Zanim wybierzesz krem z filtrem SPF, zapoznaj si\u0119 z jego sk\u0142adem oraz opisem dzia\u0142ania poszczeg\u00f3lnych sk\u0142adnik\u00f3w. Wa\u017cna jest m.in. wysoko\u015b\u0107 filtra SPF oraz sk\u0142adniki dodatkowe, kt\u00f3re pomog\u0105 zadba\u0107 np. o odpowiednie nawil\u017cenie sk\u00f3ry. Oto nasze TOP 10 krem\u00f3w z filtrem na lato:<\/p>\n\n\n\t\t\n\n\t\t\t\t\t\n\t\t<div id=\"cefarm24-products-block_d6aebc94f796e832edb13193495f732b\" class=\"cefarm24-block cefarm24-block--products\">\n\t\t\t<div class=\"cefarm24-block__inner-container\">+\n\t\t\t\t<ul class=\"list list--products\">\n\t\t\t\t\t\t\t\t\t\t<li class=\"item\">\n\t\t\t\t\t\t<a class=\"image\" href=\"https:\/\/www.cefarm24.pl\/mustela-sun-mleczko-przeciwsloneczne-do-twarzy-i-ciala-spf-50-nowa-formula-100-ml.html\">\n\t\t\t\t\t\t\t<img decoding=\"async\" src=\"https:\/\/www.cefarm24.pl\/mustela-sun-mleczko-przeciwsloneczne-do-twarzy-i-ciala-spf-50-nowa-formula-100-ml.jpg\" alt=\"Mustela Sun mleczko przeciws\u0142oneczne do twarzy i cia\u0142a spf 50+ (nowa formu\u0142a) 100 ml\" \/>\n\t\t\t\t\t\t<\/a>\n\t\t\t\t\t\t<strong class=\"title\"><a href=\"https:\/\/www.cefarm24.pl\/mustela-sun-mleczko-przeciwsloneczne-do-twarzy-i-ciala-spf-50-nowa-formula-100-ml.html\">Mustela Sun mleczko przeciws\u0142oneczne do twarzy i cia\u0142a spf 50+ (nowa formu\u0142a) 100 ml<\/a><\/strong>\n\t\t\t\t\t\t<span class=\"price\">56,48&nbsp;PLN<\/span>\n\t\t\t\t\t\t<a class=\"more\" href=\"https:\/\/www.cefarm24.pl\/mustela-sun-mleczko-przeciwsloneczne-do-twarzy-i-ciala-spf-50-nowa-formula-100-ml.html\">Sprawd\u017a<\/a>\n\t\t\t\t\t<\/li>\n\t\t\t\t\t\t\t\t\t\t<li class=\"item\">\n\t\t\t\t\t\t<a class=\"image\" href=\"https:\/\/www.cefarm24.pl\/pharmaceris-a-medic-protection-krem-specjalna-ochrona-do-twarzy-i-ciala-spf100-75-ml.html\">\n\t\t\t\t\t\t\t<img decoding=\"async\" src=\"https:\/\/www.cefarm24.pl\/pharmaceris-a-medic-protection-krem-specjalna-ochrona-do-twarzy-i-ciala-spf100-75-ml.jpg?8ZJsY\" alt=\"Pharmaceris A Medic Protection krem - specjalna ochrona do twarzy i cia\u0142a spf100+ 75 ml\" \/>\n\t\t\t\t\t\t<\/a>\n\t\t\t\t\t\t<strong class=\"title\"><a href=\"https:\/\/www.cefarm24.pl\/pharmaceris-a-medic-protection-krem-specjalna-ochrona-do-twarzy-i-ciala-spf100-75-ml.html\">Pharmaceris A Medic Protection krem &#8211; specjalna ochrona do twarzy i cia\u0142a spf100+ 75 ml<\/a><\/strong>\n\t\t\t\t\t\t<span class=\"price\">70,98&nbsp;PLN<\/span>\n\t\t\t\t\t\t<a class=\"more\" href=\"https:\/\/www.cefarm24.pl\/pharmaceris-a-medic-protection-krem-specjalna-ochrona-do-twarzy-i-ciala-spf100-75-ml.html\">Sprawd\u017a<\/a>\n\t\t\t\t\t<\/li>\n\t\t\t\t\t\t\t\t\t\t<li class=\"item\">\n\t\t\t\t\t\t<a class=\"image\" href=\"https:\/\/www.cefarm24.pl\/mustela-sun-mleczko-przeciwsloneczne-do-twarzy-i-ciala-spf-50-nowa-formula-100-ml.html\">\n\t\t\t\t\t\t\t<img decoding=\"async\" src=\"https:\/\/www.cefarm24.pl\/mustela-sun-mleczko-przeciwsloneczne-do-twarzy-i-ciala-spf-50-nowa-formula-100-ml.jpg\" alt=\"Mustela Sun mleczko przeciws\u0142oneczne do twarzy i cia\u0142a spf 50+ (nowa formu\u0142a) 100 ml\" \/>\n\t\t\t\t\t\t<\/a>\n\t\t\t\t\t\t<strong class=\"title\"><a href=\"https:\/\/www.cefarm24.pl\/mustela-sun-mleczko-przeciwsloneczne-do-twarzy-i-ciala-spf-50-nowa-formula-100-ml.html\">Mustela Sun mleczko przeciws\u0142oneczne do twarzy i cia\u0142a spf 50+ (nowa formu\u0142a) 100 ml<\/a><\/strong>\n\t\t\t\t\t\t<span class=\"price\">56,48&nbsp;PLN<\/span>\n\t\t\t\t\t\t<a class=\"more\" href=\"https:\/\/www.cefarm24.pl\/mustela-sun-mleczko-przeciwsloneczne-do-twarzy-i-ciala-spf-50-nowa-formula-100-ml.html\">Sprawd\u017a<\/a>\n\t\t\t\t\t<\/li>\n\t\t\t\t\t\t\t\t\t<\/ul>\n\t\t\t<\/div>\n\t\t<\/div>\n\t\t\n\n\n<ul class=\"wp-block-list\">\n<li><a href=\"https:\/\/www.cefarm24.pl\/nuxe-sun-zachwycajacy-krem-do-opalania-twarzy-i-ciala-spf-30-50-ml.html\">Krem do opalania twarzy i cia\u0142a Nuxe Sun SPF 30<\/a> \u2013 wodoodporny krem z filtrem do twarzy i cia\u0142a zwyci\u0105giem z ry\u017cu i rozmarynu, kt\u00f3re wspieraj\u0105 ochron\u0119 sk\u00f3ry przed fotostarzeniem, a tak\u017ce z opatentowanym kompleksem filtr\u00f3w zapewniaj\u0105cych sk\u00f3rze ochron\u0119 UVA\/UVB.<\/li>\n\n\n\n<li><a href=\"https:\/\/www.cefarm24.pl\/pharmaceris-a-medic-protection-krem-specjalna-ochrona-do-twarzy-i-ciala-spf100-75-ml.html\">Pharmaceris A Medic Protection krem SPF 100+<\/a> \u2013 wyr\u00f3b medyczny rekomendowany sk\u00f3rze delikatnej i osobom z bardzo jasn\u0105 karnacj\u0105 oraz zwi\u0119kszonym ryzykiem zmian czerniakowych. Chroni przed UVA, UVB, IR i HEV.<\/li>\n\n\n\n<li><a href=\"https:\/\/www.cefarm24.pl\/mustela-sun-mleczko-przeciwsloneczne-do-twarzy-i-ciala-spf-50-nowa-formula-100-ml.html\">Mustela Sun mleczko przeciws\u0142oneczne do twarzy i cia\u0142a SPF 50+<\/a> \u2013 mo\u017ce by\u0107 stosowany nawet przez osoby ze sk\u00f3r\u0105 wra\u017cliw\u0105, sk\u0142onn\u0105 do atopii i nietoleruj\u0105c\u0105 s\u0142o\u0144ca, w tym nawet przez dzieci od 1. dnia \u017cycia oraz kobiety w ci\u0105\u017cy.<\/li>\n<\/ul>\n\n\n\t\t\n\n\t\t\t\t\t\n\t\t<div id=\"cefarm24-products-block_cff49c697c445426866fca2e405df2a3\" class=\"cefarm24-block cefarm24-block--products\">\n\t\t\t<div class=\"cefarm24-block__inner-container\">+\n\t\t\t\t<ul class=\"list list--products\">\n\t\t\t\t\t\t\t\t\t\t<li class=\"item\">\n\t\t\t\t\t\t<a class=\"image\" href=\"https:\/\/www.cefarm24.pl\/pharmaceris-s-dermopediatric-dermo-ochronny-krem-do-twarzy-i-ciala-dla-niemowlat-i-dzieci-spf50-125-.html\">\n\t\t\t\t\t\t\t<img decoding=\"async\" src=\"https:\/\/www.cefarm24.pl\/pharmaceris-s-dermopediatric-dermo-ochronny-krem-do-twarzy-i-ciala-dla-niemowlat-i-dzieci-spf50-125-.jpg\" alt=\"Pharmaceris S DERMOPEDIATRIC dermo-ochronny krem do twarzy i cia\u0142a dla niemowl\u0105t i dzieci spf50+ 125 ml\" \/>\n\t\t\t\t\t\t<\/a>\n\t\t\t\t\t\t<strong class=\"title\"><a href=\"https:\/\/www.cefarm24.pl\/pharmaceris-s-dermopediatric-dermo-ochronny-krem-do-twarzy-i-ciala-dla-niemowlat-i-dzieci-spf50-125-.html\">Pharmaceris S DERMOPEDIATRIC dermo-ochronny krem do twarzy i cia\u0142a dla niemowl\u0105t i dzieci spf50+ 125 ml<\/a><\/strong>\n\t\t\t\t\t\t<span class=\"price\">58,82&nbsp;PLN<\/span>\n\t\t\t\t\t\t<a class=\"more\" href=\"https:\/\/www.cefarm24.pl\/pharmaceris-s-dermopediatric-dermo-ochronny-krem-do-twarzy-i-ciala-dla-niemowlat-i-dzieci-spf50-125-.html\">Sprawd\u017a<\/a>\n\t\t\t\t\t<\/li>\n\t\t\t\t\t\t\t\t\t\t<li class=\"item\">\n\t\t\t\t\t\t<a class=\"image\" href=\"https:\/\/www.cefarm24.pl\/dermedic-sunbrella-baby-krem-ochronny-dla-dzieci-i-niemowlat-spf-50-od-pierwszych-dni-zycia-50-ml.html\">\n\t\t\t\t\t\t\t<img decoding=\"async\" src=\"https:\/\/www.cefarm24.pl\/dermedic-sunbrella-baby-krem-ochronny-dla-dzieci-i-niemowlat-spf-50-od-pierwszych-dni-zycia-50-ml.jpg?7bGry\" alt=\"Dermedic Sunbrella Baby krem ochronny dla dzieci i niemowl\u0105t spf 50 od pierwszych dni \u017cycia 50 ml\" \/>\n\t\t\t\t\t\t<\/a>\n\t\t\t\t\t\t<strong class=\"title\"><a href=\"https:\/\/www.cefarm24.pl\/dermedic-sunbrella-baby-krem-ochronny-dla-dzieci-i-niemowlat-spf-50-od-pierwszych-dni-zycia-50-ml.html\">Dermedic Sunbrella Baby krem ochronny dla dzieci i niemowl\u0105t spf 50 od pierwszych dni \u017cycia 50 ml<\/a><\/strong>\n\t\t\t\t\t\t<span class=\"price\">49,75&nbsp;PLN<\/span>\n\t\t\t\t\t\t<a class=\"more\" href=\"https:\/\/www.cefarm24.pl\/dermedic-sunbrella-baby-krem-ochronny-dla-dzieci-i-niemowlat-spf-50-od-pierwszych-dni-zycia-50-ml.html\">Sprawd\u017a<\/a>\n\t\t\t\t\t<\/li>\n\t\t\t\t\t\t\t\t\t\t<li class=\"item\">\n\t\t\t\t\t\t<a class=\"image\" href=\"https:\/\/www.cefarm24.pl\/isispharma-uveblock-spf-50-balsam-bardzo-wysoka-ochrona-100-ml.html\">\n\t\t\t\t\t\t\t<img decoding=\"async\" src=\"https:\/\/www.cefarm24.pl\/isispharma-uveblock-spf-50-balsam-bardzo-wysoka-ochrona-100-ml.jpg\" alt=\"Isispharma Uveblock SPF 50+ balsam bardzo wysoka ochrona 100 ml\" \/>\n\t\t\t\t\t\t<\/a>\n\t\t\t\t\t\t<strong class=\"title\"><a href=\"https:\/\/www.cefarm24.pl\/isispharma-uveblock-spf-50-balsam-bardzo-wysoka-ochrona-100-ml.html\">Isispharma Uveblock SPF 50+ balsam bardzo wysoka ochrona 100 ml<\/a><\/strong>\n\t\t\t\t\t\t<span class=\"price\">59,83&nbsp;PLN<\/span>\n\t\t\t\t\t\t<a class=\"more\" href=\"https:\/\/www.cefarm24.pl\/isispharma-uveblock-spf-50-balsam-bardzo-wysoka-ochrona-100-ml.html\">Sprawd\u017a<\/a>\n\t\t\t\t\t<\/li>\n\t\t\t\t\t\t\t\t\t<\/ul>\n\t\t\t<\/div>\n\t\t<\/div>\n\t\t\n\n\n<ul class=\"wp-block-list\">\n<li><a href=\"https:\/\/www.cefarm24.pl\/pharmaceris-s-dermopediatric-dermo-ochronny-krem-do-twarzy-i-ciala-dla-niemowlat-i-dzieci-spf50-125-.html\">Krem dermo-ochronny do twarzy i cia\u0142a Pharmaceris S DERMOPEDIATRIC SPF 50<\/a>+ \u2013 kosmetyk zapewniaj\u0105cy sk\u00f3rze bardzo wysoki poziom ochrony przed promieniowaniem UVA i UVB, kt\u00f3ry nadaje si\u0119 nawet dla bardzo delikatnej i wra\u017cliwej sk\u00f3ry, w tym dla dzieci w wieku powy\u017cej 6 miesi\u0119cy. Wzbogacony olejem z passiflory, kwasem foliowym i olejowym ekstraktem ze z\u0142otej algi.<\/li>\n\n\n\n<li><a href=\"https:\/\/www.cefarm24.pl\/dermedic-sunbrella-baby-krem-ochronny-dla-dzieci-i-niemowlat-spf-50-od-pierwszych-dni-zycia-50-g.html\">Dermedic Sunbrella Baby SPF 50+<\/a> \u2013 fotostabilny i hipoalergiczny krem ochronny do twarzy i cia\u0142a, kt\u00f3ry mo\u017ce by\u0107 stosowany ju\u017c przez dzieci od 1. miesi\u0105ca \u017cycia. Zapewnia wysoki poziom ochrony przed promieniowaniem UVA i UVB dzi\u0119ki innowacyjnym filtrom mineralnym. Wzbogacony olejem lnianym, bisabololem, oliw\u0105 z oliwek, witamin\u0105 E i gliceryn\u0105.\u00a0<\/li>\n\n\n\n<li><a href=\"https:\/\/www.cefarm24.pl\/isispharma-uveblock-spf-50-balsam-bardzo-wysoka-ochrona-100-ml.html\">Isispharma Uveblock SPF 50+<\/a> \u2013 zapewnia sk\u00f3rze bardzo wysok\u0105 ochron\u0119 przed promieniowaniem UVA i UVB, a przy tym zapewnia d\u0142ugotrwa\u0142e nawil\u017cenie sk\u00f3ry. Wzbogacony ektoin\u0105 chroni\u0105c\u0105 kom\u00f3rki przed uszkodzeniami wywo\u0142anymi UV, a tak\u017ce ekstrakt z kwiat\u00f3w Sophora japonica, kt\u00f3ry jest bogaty w kwercetyn\u0119.\u00a0<\/li>\n<\/ul>\n\n\n\t\t\n\n\t\t\t\t\t\n\t\t<div id=\"cefarm24-products-block_02bdd63814e878f52e173dc6e5957911\" class=\"cefarm24-block cefarm24-block--products\">\n\t\t\t<div class=\"cefarm24-block__inner-container\">+\n\t\t\t\t<ul class=\"list list--products\">\n\t\t\t\t\t\t\t\t\t\t<li class=\"item\">\n\t\t\t\t\t\t<a class=\"image\" href=\"https:\/\/www.cefarm24.pl\/novaclear-urban-sunblock-krem-ochronny-spf-50-kazdy-rodzaj-skory-125-ml.html\">\n\t\t\t\t\t\t\t<img decoding=\"async\" src=\"https:\/\/www.cefarm24.pl\/novaclear-urban-sunblock-krem-ochronny-spf-50-kazdy-rodzaj-skory-125-ml.jpg\" alt=\"Novaclear Urban Sunblock krem ochronny SPF 50 (ka\u017cdy rodzaj sk\u00f3ry) 125 ml\" \/>\n\t\t\t\t\t\t<\/a>\n\t\t\t\t\t\t<strong class=\"title\"><a href=\"https:\/\/www.cefarm24.pl\/novaclear-urban-sunblock-krem-ochronny-spf-50-kazdy-rodzaj-skory-125-ml.html\">Novaclear Urban Sunblock krem ochronny SPF 50 (ka\u017cdy rodzaj sk\u00f3ry) 125 ml<\/a><\/strong>\n\t\t\t\t\t\t<span class=\"price\">38,16&nbsp;PLN<\/span>\n\t\t\t\t\t\t<a class=\"more\" href=\"https:\/\/www.cefarm24.pl\/novaclear-urban-sunblock-krem-ochronny-spf-50-kazdy-rodzaj-skory-125-ml.html\">Sprawd\u017a<\/a>\n\t\t\t\t\t<\/li>\n\t\t\t\t\t\t\t\t\t\t<li class=\"item\">\n\t\t\t\t\t\t<a class=\"image\" href=\"\">\n\t\t\t\t\t\t\t<img decoding=\"async\" src=\"\" alt=\"\" \/>\n\t\t\t\t\t\t<\/a>\n\t\t\t\t\t\t<strong class=\"title\"><a href=\"\"><\/a><\/strong>\n\t\t\t\t\t\t<span class=\"price\">0,00&nbsp;PLN<\/span>\n\t\t\t\t\t\t<a class=\"more\" href=\"\">Sprawd\u017a<\/a>\n\t\t\t\t\t<\/li>\n\t\t\t\t\t\t\t\t\t\t<li class=\"item\">\n\t\t\t\t\t\t<a class=\"image\" href=\"https:\/\/www.cefarm24.pl\/oillan-sun-emulsja-do-twarzy-i-ciala-spf-50-100-ml.html\">\n\t\t\t\t\t\t\t<img decoding=\"async\" src=\"https:\/\/www.cefarm24.pl\/oillan-sun-emulsja-do-twarzy-i-ciala-spf-50-100-ml.jpg?96XSi\" alt=\"Oillan Sun emulsja do twarzy i cia\u0142a SPF 50\u00a0100 ml\" \/>\n\t\t\t\t\t\t<\/a>\n\t\t\t\t\t\t<strong class=\"title\"><a href=\"https:\/\/www.cefarm24.pl\/oillan-sun-emulsja-do-twarzy-i-ciala-spf-50-100-ml.html\">Oillan Sun emulsja do twarzy i cia\u0142a SPF 50\u00a0100 ml<\/a><\/strong>\n\t\t\t\t\t\t<span class=\"price\">48,91&nbsp;PLN<\/span>\n\t\t\t\t\t\t<a class=\"more\" href=\"https:\/\/www.cefarm24.pl\/oillan-sun-emulsja-do-twarzy-i-ciala-spf-50-100-ml.html\">Sprawd\u017a<\/a>\n\t\t\t\t\t<\/li>\n\t\t\t\t\t\t\t\t\t\t<li class=\"item\">\n\t\t\t\t\t\t<a class=\"image\" href=\"https:\/\/www.cefarm24.pl\/nuxe-sun-mleczko-do-opalania-twarzy-i-ciala-spf50-150-ml-oo2.html\">\n\t\t\t\t\t\t\t<img decoding=\"async\" src=\"https:\/\/www.cefarm24.pl\/nuxe-sun-mleczko-do-opalania-twarzy-i-ciala-spf50-150-ml-oo2.jpg\" alt=\"Nuxe Sun mleczko do opalania twarzy i cia\u0142a spf50 150 ml\" \/>\n\t\t\t\t\t\t<\/a>\n\t\t\t\t\t\t<strong class=\"title\"><a href=\"https:\/\/www.cefarm24.pl\/nuxe-sun-mleczko-do-opalania-twarzy-i-ciala-spf50-150-ml-oo2.html\">Nuxe Sun mleczko do opalania twarzy i cia\u0142a spf50 150 ml<\/a><\/strong>\n\t\t\t\t\t\t<span class=\"price\">42,45&nbsp;PLN<\/span>\n\t\t\t\t\t\t<a class=\"more\" href=\"https:\/\/www.cefarm24.pl\/nuxe-sun-mleczko-do-opalania-twarzy-i-ciala-spf50-150-ml-oo2.html\">Sprawd\u017a<\/a>\n\t\t\t\t\t<\/li>\n\t\t\t\t\t\t\t\t\t<\/ul>\n\t\t\t<\/div>\n\t\t<\/div>\n\t\t\n\n\n<ul class=\"wp-block-list\">\n<li><a href=\"https:\/\/www.cefarm24.pl\/novaclear-urban-sunblock-krem-ochronny-spf-50-kazdy-rodzaj-skory-125-ml.html\">Novaclear Urban Sunblock krem ochronny SPF 50<\/a> \u2013 kosmetyk zapewniaj\u0105cy bardzo wysok\u0105 ochron\u0119 przed szkodliwym dzia\u0142aniem promieniowania UVA, UVB i IR. Zawiera koj\u0105cy ekstrakt z aloesu oraz hydromanil dbaj\u0105cy o d\u0142ugotrwa\u0142e nawil\u017cenie sk\u00f3ry.\u00a0<\/li>\n\n\n\n<li><a href=\"https:\/\/www.cefarm24.pl\/nuxe-sun-olejek-do-opalania-spf-30-do-twarzy-i-ciala-150-ml.html\">Nuxe Sun olejek do opalania spf-30 do twarzy i cia\u0142a<\/a> \u2013 zawiera opatentowany kompleks filtr\u00f3w, kt\u00f3re chroni\u0105 sk\u00f3r\u0119 przed UVA\/UVB i przedwczesnym fotostarzeniem, a przy tym podkre\u015bla opalenizn\u0119, nadaj\u0105c sk\u00f3rze satynowe wyko\u0144czenie.<\/li>\n\n\n\n<li><a href=\"https:\/\/www.cefarm24.pl\/oillan-sun-emulsja-do-twarzy-i-ciala-spf-50-100-ml.html\">Oillan Sun emulsja do twarzy i cia\u0142a SPF 50<\/a> \u2013 zapewnia sk\u00f3rze kompleksow\u0105 ochron\u0119 przed niekorzystnym wp\u0142ywem promieniowania UVA, UVB, IR oraz HEV, a przy tym dba o emoliencyjn\u0105 piel\u0119gnacj\u0119, skutecznie nawil\u017caj\u0105c sk\u00f3r\u0119 oraz dbaj\u0105c o wzmocnienie jej naturalnej bariery hydrolipidowej.<\/li>\n\n\n\n<li><a href=\"https:\/\/www.cefarm24.pl\/nuxe-sun-mleczko-do-opalania-twarzy-i-ciala-spf50-150-ml-b.html\">Nuxe Sun mleczko do opalania twarzy i cia\u0142a SPF 50<\/a> \u2013 posiada przyjemn\u0105, kremow\u0105 konsystencj\u0119, a przy tym szybko si\u0119 wch\u0142ania. Z wysok\u0105 skuteczno\u015bci\u0105 chroni przed niekorzystnym wp\u0142ywem promieniowania UV na sk\u00f3r\u0119, w tym przed fotostarzeniem.\u00a0<\/li>\n<\/ul>\n\n\n\n<h2 class=\"wp-block-heading\"><strong>Jak prawid\u0142owo stosowa\u0107 krem z filtrem?<\/strong><\/h2>\n\n\n\n<p>Dobry krem z filtrem SPF na lato do twarzy i cia\u0142a zapewni sk\u00f3rze wysoki poziom ochrony przed promieniowaniem s\u0142onecznym i jednocze\u015bnie pozwoli zadba\u0107 jak najlepiej o jej kondycj\u0119 i wygl\u0105d. Aby jednak faktycznie m\u00f3c si\u0119 cieszy\u0107 dzia\u0142aniem kosmetyku, nale\u017cy z niego prawid\u0142owo korzysta\u0107, dlatego rekomendujemy szczeg\u00f3\u0142owe zapoznanie si\u0119 z tre\u015bci\u0105 etykiety znajduj\u0105cej si\u0119 na opakowaniu, zanim si\u0119gniesz po krem. Wi\u0119kszo\u015b\u0107 kosmetyk\u00f3w przeciws\u0142onecznych nale\u017cy aplikowa\u0107 na sk\u00f3r\u0119 jeszcze przed wyj\u015bciem z domu oraz ponawia\u0107 aplikacj\u0119 regularnie w ci\u0105gu dnia, zw\u0142aszcza po k\u0105pieli czy przetarciu sk\u00f3ry r\u0119cznikiem. Kluczowe znaczenie ma r\u00f3wnie\u017c to, w jakiej ilo\u015bci b\u0119dziemy kosmetyk aplikowa\u0107 na sk\u00f3r\u0119 \u2013 wiele os\u00f3b stosuje kosmetyki zbyt oszcz\u0119dnie, przez co nie s\u0105 one w stanie zapewni\u0107 sk\u00f3rze optymalnego poziomu ochrony przeciws\u0142onecznej.<\/p>\n","protected":false},"excerpt":{"rendered":"<p>Wakacje zbli\u017caj\u0105 si\u0119 wielkimi krokami, a wraz z nimi cieplejsze, pe\u0142ne s\u0142o\u0144ca dni. Wiele os\u00f3b zaczyna ju\u017c my\u015ble\u0107 o opalaniu i aktywno\u015bciach na \u015bwie\u017cym powietrzu, planuj\u0105c letni wypoczynek. Jedn\u0105 z podstawowych kwestii, o kt\u00f3re nale\u017cy zadba\u0107 latem, jest odpowiednia ochrona przed promieniowaniem UV, kt\u00f3ra jest kluczowa dla zdrowia sk\u00f3ry. O ochron\u0119 przed promieniowaniem UV powinni\u015bmy [&hellip;]<\/p>\n","protected":false},"author":11,"featured_media":5975,"comment_status":"closed","ping_status":"closed","sticky":false,"template":"","format":"standard","meta":{"_acf_changed":false,"footnotes":""},"categories":[189],"tags":[],"class_list":["post-11507","post","type-post","status-publish","format-standard","has-post-thumbnail","hentry","category-produkty"],"acf":[],"yoast_head":"<!-- This site is optimized with the Yoast SEO plugin v24.6 - https:\/\/yoast.com\/wordpress\/plugins\/seo\/ -->\n<title>TOP 10 krem\u00f3w z filtrem SPF na lato \u2013 do twarzy i cia\u0142a - cefarm24.pl<\/title>\n<meta name=\"description\" content=\"Jaki krem na lato do twarzy i cia\u0142a wybra\u0107? TOP 10 krem\u00f3w z filtrem SPF na lato zebrali\u015bmy w poni\u017cszym artykule!\" \/>\n<meta name=\"robots\" content=\"index, follow, max-snippet:-1, max-image-preview:large, max-video-preview:-1\" \/>\n<link rel=\"canonical\" href=\"https:\/\/www.cefarm24.pl\/czytelnia\/produkty\/top-10-kremow-z-filtrem-spf-na-lato-do-twarzy-i-ciala\/\" \/>\n<meta name=\"twitter:label1\" content=\"Napisane przez\" \/>\n\t<meta name=\"twitter:data1\" content=\"MonikaVerseo\" \/>\n\t<meta name=\"twitter:label2\" content=\"Szacowany czas czytania\" \/>\n\t<meta name=\"twitter:data2\" content=\"8 minut\" \/>\n<script type=\"application\/ld+json\" class=\"yoast-schema-graph\">{\"@context\":\"https:\/\/schema.org\",\"@graph\":[{\"@type\":\"Article\",\"@id\":\"https:\/\/www.cefarm24.pl\/czytelnia\/produkty\/top-10-kremow-z-filtrem-spf-na-lato-do-twarzy-i-ciala\/#article\",\"isPartOf\":{\"@id\":\"https:\/\/www.cefarm24.pl\/czytelnia\/produkty\/top-10-kremow-z-filtrem-spf-na-lato-do-twarzy-i-ciala\/\"},\"author\":{\"name\":\"MonikaVerseo\",\"@id\":\"https:\/\/www.cefarm24.pl\/czytelnia\/#\/schema\/person\/3256a37ca6ca30a3c80297c51d3e39c1\"},\"headline\":\"TOP 10 krem\u00f3w z filtrem SPF na lato \u2013 do twarzy i cia\u0142a\",\"datePublished\":\"2025-05-09T12:49:37+00:00\",\"dateModified\":\"2025-05-09T12:49:43+00:00\",\"mainEntityOfPage\":{\"@id\":\"https:\/\/www.cefarm24.pl\/czytelnia\/produkty\/top-10-kremow-z-filtrem-spf-na-lato-do-twarzy-i-ciala\/\"},\"wordCount\":1391,\"publisher\":{\"@id\":\"https:\/\/www.cefarm24.pl\/czytelnia\/#organization\"},\"image\":{\"@id\":\"https:\/\/www.cefarm24.pl\/czytelnia\/produkty\/top-10-kremow-z-filtrem-spf-na-lato-do-twarzy-i-ciala\/#primaryimage\"},\"thumbnailUrl\":\"https:\/\/www.cefarm24.pl\/czytelnia\/wp-content\/uploads\/2021\/06\/bezpieczne-opalanie-e1624274538875.jpg\",\"articleSection\":[\"Produkty\"],\"inLanguage\":\"pl-PL\"},{\"@type\":\"WebPage\",\"@id\":\"https:\/\/www.cefarm24.pl\/czytelnia\/produkty\/top-10-kremow-z-filtrem-spf-na-lato-do-twarzy-i-ciala\/\",\"url\":\"https:\/\/www.cefarm24.pl\/czytelnia\/produkty\/top-10-kremow-z-filtrem-spf-na-lato-do-twarzy-i-ciala\/\",\"name\":\"TOP 10 krem\u00f3w z filtrem SPF na lato \u2013 do twarzy i cia\u0142a - cefarm24.pl\",\"isPartOf\":{\"@id\":\"https:\/\/www.cefarm24.pl\/czytelnia\/#website\"},\"primaryImageOfPage\":{\"@id\":\"https:\/\/www.cefarm24.pl\/czytelnia\/produkty\/top-10-kremow-z-filtrem-spf-na-lato-do-twarzy-i-ciala\/#primaryimage\"},\"image\":{\"@id\":\"https:\/\/www.cefarm24.pl\/czytelnia\/produkty\/top-10-kremow-z-filtrem-spf-na-lato-do-twarzy-i-ciala\/#primaryimage\"},\"thumbnailUrl\":\"https:\/\/www.cefarm24.pl\/czytelnia\/wp-content\/uploads\/2021\/06\/bezpieczne-opalanie-e1624274538875.jpg\",\"datePublished\":\"2025-05-09T12:49:37+00:00\",\"dateModified\":\"2025-05-09T12:49:43+00:00\",\"description\":\"Jaki krem na lato do twarzy i cia\u0142a wybra\u0107? TOP 10 krem\u00f3w z filtrem SPF na lato zebrali\u015bmy w poni\u017cszym artykule!\",\"breadcrumb\":{\"@id\":\"https:\/\/www.cefarm24.pl\/czytelnia\/produkty\/top-10-kremow-z-filtrem-spf-na-lato-do-twarzy-i-ciala\/#breadcrumb\"},\"inLanguage\":\"pl-PL\",\"potentialAction\":[{\"@type\":\"ReadAction\",\"target\":[\"https:\/\/www.cefarm24.pl\/czytelnia\/produkty\/top-10-kremow-z-filtrem-spf-na-lato-do-twarzy-i-ciala\/\"]}]},{\"@type\":\"ImageObject\",\"inLanguage\":\"pl-PL\",\"@id\":\"https:\/\/www.cefarm24.pl\/czytelnia\/produkty\/top-10-kremow-z-filtrem-spf-na-lato-do-twarzy-i-ciala\/#primaryimage\",\"url\":\"https:\/\/www.cefarm24.pl\/czytelnia\/wp-content\/uploads\/2021\/06\/bezpieczne-opalanie-e1624274538875.jpg\",\"contentUrl\":\"https:\/\/www.cefarm24.pl\/czytelnia\/wp-content\/uploads\/2021\/06\/bezpieczne-opalanie-e1624274538875.jpg\",\"width\":1492,\"height\":960,\"caption\":\"bezpieczne opalanie\"},{\"@type\":\"BreadcrumbList\",\"@id\":\"https:\/\/www.cefarm24.pl\/czytelnia\/produkty\/top-10-kremow-z-filtrem-spf-na-lato-do-twarzy-i-ciala\/#breadcrumb\",\"itemListElement\":[{\"@type\":\"ListItem\",\"position\":1,\"name\":\"Strona g\u0142\u00f3wna\",\"item\":\"https:\/\/www.cefarm24.pl\/\"},{\"@type\":\"ListItem\",\"position\":2,\"name\":\"Czytelnia\",\"item\":\"https:\/\/www.cefarm24.pl\/czytelnia\/\"},{\"@type\":\"ListItem\",\"position\":3,\"name\":\"Produkty\",\"item\":\"https:\/\/www.cefarm24.pl\/czytelnia\/produkty\/\"},{\"@type\":\"ListItem\",\"position\":4,\"name\":\"TOP 10 krem\u00f3w z filtrem SPF na lato \u2013 do twarzy i cia\u0142a\"}]},{\"@type\":\"WebSite\",\"@id\":\"https:\/\/www.cefarm24.pl\/czytelnia\/#website\",\"url\":\"https:\/\/www.cefarm24.pl\/czytelnia\/\",\"name\":\"Czytelnia apteki Cefarm24\",\"description\":\"Porady zdrowotne, opisy chor\u00f3b, nowo\u015bci w ofercie lek\u00f3w i suplement\u00f3w. Czytaj i wiedz wi\u0119cej!\",\"publisher\":{\"@id\":\"https:\/\/www.cefarm24.pl\/czytelnia\/#organization\"},\"potentialAction\":[{\"@type\":\"SearchAction\",\"target\":{\"@type\":\"EntryPoint\",\"urlTemplate\":\"https:\/\/www.cefarm24.pl\/czytelnia\/?s={search_term_string}\"},\"query-input\":{\"@type\":\"PropertyValueSpecification\",\"valueRequired\":true,\"valueName\":\"search_term_string\"}}],\"inLanguage\":\"pl-PL\"},{\"@type\":\"Organization\",\"@id\":\"https:\/\/www.cefarm24.pl\/czytelnia\/#organization\",\"name\":\"Apteka Cefarm24\",\"url\":\"https:\/\/www.cefarm24.pl\/czytelnia\/\",\"logo\":{\"@type\":\"ImageObject\",\"inLanguage\":\"pl-PL\",\"@id\":\"https:\/\/www.cefarm24.pl\/czytelnia\/#\/schema\/logo\/image\/\",\"url\":\"https:\/\/www.cefarm24.pl\/czytelnia\/wp-content\/uploads\/2016\/04\/cefarm-logo.jpg\",\"contentUrl\":\"https:\/\/www.cefarm24.pl\/czytelnia\/wp-content\/uploads\/2016\/04\/cefarm-logo.jpg\",\"width\":310,\"height\":90,\"caption\":\"Apteka Cefarm24\"},\"image\":{\"@id\":\"https:\/\/www.cefarm24.pl\/czytelnia\/#\/schema\/logo\/image\/\"},\"sameAs\":[\"https:\/\/www.facebook.com\/cefarm24\/\"]},{\"@type\":\"Person\",\"@id\":\"https:\/\/www.cefarm24.pl\/czytelnia\/#\/schema\/person\/3256a37ca6ca30a3c80297c51d3e39c1\",\"name\":\"MonikaVerseo\",\"image\":{\"@type\":\"ImageObject\",\"inLanguage\":\"pl-PL\",\"@id\":\"https:\/\/www.cefarm24.pl\/czytelnia\/#\/schema\/person\/image\/\",\"url\":\"https:\/\/secure.gravatar.com\/avatar\/e89ca928265de87f0b06053b9d620cd2?s=96&d=mm&r=g\",\"contentUrl\":\"https:\/\/secure.gravatar.com\/avatar\/e89ca928265de87f0b06053b9d620cd2?s=96&d=mm&r=g\",\"caption\":\"MonikaVerseo\"}}]}<\/script>\n<!-- \/ Yoast SEO plugin. -->","yoast_head_json":{"title":"TOP 10 krem\u00f3w z filtrem SPF na lato \u2013 do twarzy i cia\u0142a - cefarm24.pl","description":"Jaki krem na lato do twarzy i cia\u0142a wybra\u0107? TOP 10 krem\u00f3w z filtrem SPF na lato zebrali\u015bmy w poni\u017cszym artykule!","robots":{"index":"index","follow":"follow","max-snippet":"max-snippet:-1","max-image-preview":"max-image-preview:large","max-video-preview":"max-video-preview:-1"},"canonical":"https:\/\/www.cefarm24.pl\/czytelnia\/produkty\/top-10-kremow-z-filtrem-spf-na-lato-do-twarzy-i-ciala\/","twitter_misc":{"Napisane przez":"MonikaVerseo","Szacowany czas czytania":"8 minut"},"schema":{"@context":"https:\/\/schema.org","@graph":[{"@type":"Article","@id":"https:\/\/www.cefarm24.pl\/czytelnia\/produkty\/top-10-kremow-z-filtrem-spf-na-lato-do-twarzy-i-ciala\/#article","isPartOf":{"@id":"https:\/\/www.cefarm24.pl\/czytelnia\/produkty\/top-10-kremow-z-filtrem-spf-na-lato-do-twarzy-i-ciala\/"},"author":{"name":"MonikaVerseo","@id":"https:\/\/www.cefarm24.pl\/czytelnia\/#\/schema\/person\/3256a37ca6ca30a3c80297c51d3e39c1"},"headline":"TOP 10 krem\u00f3w z filtrem SPF na lato \u2013 do twarzy i cia\u0142a","datePublished":"2025-05-09T12:49:37+00:00","dateModified":"2025-05-09T12:49:43+00:00","mainEntityOfPage":{"@id":"https:\/\/www.cefarm24.pl\/czytelnia\/produkty\/top-10-kremow-z-filtrem-spf-na-lato-do-twarzy-i-ciala\/"},"wordCount":1391,"publisher":{"@id":"https:\/\/www.cefarm24.pl\/czytelnia\/#organization"},"image":{"@id":"https:\/\/www.cefarm24.pl\/czytelnia\/produkty\/top-10-kremow-z-filtrem-spf-na-lato-do-twarzy-i-ciala\/#primaryimage"},"thumbnailUrl":"https:\/\/www.cefarm24.pl\/czytelnia\/wp-content\/uploads\/2021\/06\/bezpieczne-opalanie-e1624274538875.jpg","articleSection":["Produkty"],"inLanguage":"pl-PL"},{"@type":"WebPage","@id":"https:\/\/www.cefarm24.pl\/czytelnia\/produkty\/top-10-kremow-z-filtrem-spf-na-lato-do-twarzy-i-ciala\/","url":"https:\/\/www.cefarm24.pl\/czytelnia\/produkty\/top-10-kremow-z-filtrem-spf-na-lato-do-twarzy-i-ciala\/","name":"TOP 10 krem\u00f3w z filtrem SPF na lato \u2013 do twarzy i cia\u0142a - cefarm24.pl","isPartOf":{"@id":"https:\/\/www.cefarm24.pl\/czytelnia\/#website"},"primaryImageOfPage":{"@id":"https:\/\/www.cefarm24.pl\/czytelnia\/produkty\/top-10-kremow-z-filtrem-spf-na-lato-do-twarzy-i-ciala\/#primaryimage"},"image":{"@id":"https:\/\/www.cefarm24.pl\/czytelnia\/produkty\/top-10-kremow-z-filtrem-spf-na-lato-do-twarzy-i-ciala\/#primaryimage"},"thumbnailUrl":"https:\/\/www.cefarm24.pl\/czytelnia\/wp-content\/uploads\/2021\/06\/bezpieczne-opalanie-e1624274538875.jpg","datePublished":"2025-05-09T12:49:37+00:00","dateModified":"2025-05-09T12:49:43+00:00","description":"Jaki krem na lato do twarzy i cia\u0142a wybra\u0107? TOP 10 krem\u00f3w z filtrem SPF na lato zebrali\u015bmy w poni\u017cszym artykule!","breadcrumb":{"@id":"https:\/\/www.cefarm24.pl\/czytelnia\/produkty\/top-10-kremow-z-filtrem-spf-na-lato-do-twarzy-i-ciala\/#breadcrumb"},"inLanguage":"pl-PL","potentialAction":[{"@type":"ReadAction","target":["https:\/\/www.cefarm24.pl\/czytelnia\/produkty\/top-10-kremow-z-filtrem-spf-na-lato-do-twarzy-i-ciala\/"]}]},{"@type":"ImageObject","inLanguage":"pl-PL","@id":"https:\/\/www.cefarm24.pl\/czytelnia\/produkty\/top-10-kremow-z-filtrem-spf-na-lato-do-twarzy-i-ciala\/#primaryimage","url":"https:\/\/www.cefarm24.pl\/czytelnia\/wp-content\/uploads\/2021\/06\/bezpieczne-opalanie-e1624274538875.jpg","contentUrl":"https:\/\/www.cefarm24.pl\/czytelnia\/wp-content\/uploads\/2021\/06\/bezpieczne-opalanie-e1624274538875.jpg","width":1492,"height":960,"caption":"bezpieczne opalanie"},{"@type":"BreadcrumbList","@id":"https:\/\/www.cefarm24.pl\/czytelnia\/produkty\/top-10-kremow-z-filtrem-spf-na-lato-do-twarzy-i-ciala\/#breadcrumb","itemListElement":[{"@type":"ListItem","position":1,"name":"Strona g\u0142\u00f3wna","item":"https:\/\/www.cefarm24.pl\/"},{"@type":"ListItem","position":2,"name":"Czytelnia","item":"https:\/\/www.cefarm24.pl\/czytelnia\/"},{"@type":"ListItem","position":3,"name":"Produkty","item":"https:\/\/www.cefarm24.pl\/czytelnia\/produkty\/"},{"@type":"ListItem","position":4,"name":"TOP 10 krem\u00f3w z filtrem SPF na lato \u2013 do twarzy i cia\u0142a"}]},{"@type":"WebSite","@id":"https:\/\/www.cefarm24.pl\/czytelnia\/#website","url":"https:\/\/www.cefarm24.pl\/czytelnia\/","name":"Czytelnia apteki Cefarm24","description":"Porady zdrowotne, opisy chor\u00f3b, nowo\u015bci w ofercie lek\u00f3w i suplement\u00f3w. Czytaj i wiedz wi\u0119cej!","publisher":{"@id":"https:\/\/www.cefarm24.pl\/czytelnia\/#organization"},"potentialAction":[{"@type":"SearchAction","target":{"@type":"EntryPoint","urlTemplate":"https:\/\/www.cefarm24.pl\/czytelnia\/?s={search_term_string}"},"query-input":{"@type":"PropertyValueSpecification","valueRequired":true,"valueName":"search_term_string"}}],"inLanguage":"pl-PL"},{"@type":"Organization","@id":"https:\/\/www.cefarm24.pl\/czytelnia\/#organization","name":"Apteka Cefarm24","url":"https:\/\/www.cefarm24.pl\/czytelnia\/","logo":{"@type":"ImageObject","inLanguage":"pl-PL","@id":"https:\/\/www.cefarm24.pl\/czytelnia\/#\/schema\/logo\/image\/","url":"https:\/\/www.cefarm24.pl\/czytelnia\/wp-content\/uploads\/2016\/04\/cefarm-logo.jpg","contentUrl":"https:\/\/www.cefarm24.pl\/czytelnia\/wp-content\/uploads\/2016\/04\/cefarm-logo.jpg","width":310,"height":90,"caption":"Apteka Cefarm24"},"image":{"@id":"https:\/\/www.cefarm24.pl\/czytelnia\/#\/schema\/logo\/image\/"},"sameAs":["https:\/\/www.facebook.com\/cefarm24\/"]},{"@type":"Person","@id":"https:\/\/www.cefarm24.pl\/czytelnia\/#\/schema\/person\/3256a37ca6ca30a3c80297c51d3e39c1","name":"MonikaVerseo","image":{"@type":"ImageObject","inLanguage":"pl-PL","@id":"https:\/\/www.cefarm24.pl\/czytelnia\/#\/schema\/person\/image\/","url":"https:\/\/secure.gravatar.com\/avatar\/e89ca928265de87f0b06053b9d620cd2?s=96&d=mm&r=g","contentUrl":"https:\/\/secure.gravatar.com\/avatar\/e89ca928265de87f0b06053b9d620cd2?s=96&d=mm&r=g","caption":"MonikaVerseo"}}]}},"_links":{"self":[{"href":"https:\/\/www.cefarm24.pl\/czytelnia\/wp-json\/wp\/v2\/posts\/11507","targetHints":{"allow":["GET"]}}],"collection":[{"href":"https:\/\/www.cefarm24.pl\/czytelnia\/wp-json\/wp\/v2\/posts"}],"about":[{"href":"https:\/\/www.cefarm24.pl\/czytelnia\/wp-json\/wp\/v2\/types\/post"}],"author":[{"embeddable":true,"href":"https:\/\/www.cefarm24.pl\/czytelnia\/wp-json\/wp\/v2\/users\/11"}],"replies":[{"embeddable":true,"href":"https:\/\/www.cefarm24.pl\/czytelnia\/wp-json\/wp\/v2\/comments?post=11507"}],"version-history":[{"count":1,"href":"https:\/\/www.cefarm24.pl\/czytelnia\/wp-json\/wp\/v2\/posts\/11507\/revisions"}],"predecessor-version":[{"id":11508,"href":"https:\/\/www.cefarm24.pl\/czytelnia\/wp-json\/wp\/v2\/posts\/11507\/revisions\/11508"}],"wp:featuredmedia":[{"embeddable":true,"href":"https:\/\/www.cefarm24.pl\/czytelnia\/wp-json\/wp\/v2\/media\/5975"}],"wp:attachment":[{"href":"https:\/\/www.cefarm24.pl\/czytelnia\/wp-json\/wp\/v2\/media?parent=11507"}],"wp:term":[{"taxonomy":"category","embeddable":true,"href":"https:\/\/www.cefarm24.pl\/czytelnia\/wp-json\/wp\/v2\/categories?post=11507"},{"taxonomy":"post_tag","embeddable":true,"href":"https:\/\/www.cefarm24.pl\/czytelnia\/wp-json\/wp\/v2\/tags?post=11507"}],"curies":[{"name":"wp","href":"https:\/\/api.w.org\/{rel}","templated":true}]}}