{"id":11473,"date":"2025-04-13T19:00:02","date_gmt":"2025-04-13T17:00:02","guid":{"rendered":"https:\/\/www.cefarm24.pl\/czytelnia\/?p=11473"},"modified":"2025-04-13T19:03:03","modified_gmt":"2025-04-13T17:03:03","slug":"afazja-u-dzieci-przyczyny-objawy-i-metody-terapii","status":"publish","type":"post","link":"https:\/\/www.cefarm24.pl\/czytelnia\/zdrowie\/afazja-u-dzieci-przyczyny-objawy-i-metody-terapii\/","title":{"rendered":"Afazja u dzieci \u2013 przyczyny, objawy i metody terapii"},"content":{"rendered":"\n<p><strong>Afazja to stan utraty zdolno\u015bci korzystania z mowy b\u0105d\u017a jej rozumienia. Ma zwykle zwi\u0105zek z uszkodzeniem m\u00f3zgu, do czego mog\u0105 si\u0119 przyczynia\u0107 urazy lub niekt\u00f3re choroby. Ze wzgl\u0119du na objawy afazj\u0119 u dzieci mo\u017cna podzieli\u0107 na sensoryczn\u0105, motoryczn\u0105 oraz ruchowo-czuciow\u0105. Objaw\u00f3w afazji nie nale\u017cy lekcewa\u017cy\u0107 i powinny by\u0107 pilnie skonsultowane z pediatr\u0105.<\/strong><\/p>\n\n\n\n<p>O afazji mowa, gdy dziecko traci zdolno\u015b\u0107 prawid\u0142owego pos\u0142ugiwania si\u0119 mow\u0105, w tym ma trudno\u015bci z wypowiadaniem s\u0142\u00f3w b\u0105d\u017a logicznych zda\u0144, prawid\u0142owym nazywaniem znanych przedmiot\u00f3w czy powtarzaniem wypowiadanych przez opiekuna s\u0142\u00f3w. Afazja u dzieci wyst\u0119puje r\u00f3wnie\u017c w momencie, kiedy dziecko nie rozumie s\u0142\u00f3w wypowiadanych przez opiekuna. Wspomnianym zaburzeniom mog\u0105 towarzyszy\u0107 trudno\u015bci w nauce, czytaniu, pisaniu oraz og\u00f3lnie w codziennym funkcjonowaniu. Jakie s\u0105 przyczyny afazji i jak jeszcze afazja objawia si\u0119 u dzieci? Co zrobi\u0107 w przypadku zaobserwowania niepokoj\u0105cych objaw\u00f3w afazji u dziecka? Informacje na ten temat mo\u017cna znale\u017a\u0107 poni\u017cej. Podpowiadamy r\u00f3wnie\u017c, na czym polega leczenie afazji.<\/p>\n\n\n\n<p><strong>Spis tre\u015bci<\/strong><\/p>\n\n\n\n<ul class=\"wp-block-list\">\n<li>Czym jest afazja i jakie s\u0105 jej przyczyny?<\/li>\n\n\n\n<li>Rodzaje afazji<\/li>\n\n\n\n<li>Afazja u dzieci \u2013 objawy<\/li>\n\n\n\n<li>Afazja u dzieci \u2013 diagnostyka<\/li>\n\n\n\n<li>Afazja \u2013 leczenie u dzieci<\/li>\n\n\n\n<li>Czy afazja mo\u017ce si\u0119 cofn\u0105\u0107? Czy afazja u dzieci jest wyleczalna?<\/li>\n<\/ul>\n\n\n\n<h2 class=\"wp-block-heading\"><strong>Czym jest afazja i jakie s\u0105 jej przyczyny?<\/strong><\/h2><div class=\"article-box-container inside-article-box-container\"><div class=\"article-box-image-container\">\r\n                    <img decoding=\"async\" src=\"https:\/\/www.cefarm24.pl\/czytelnia\/wp-content\/uploads\/2021\/03\/fotolia_213351023_subscription_monthly_m.jpg__908x607_q85_crop_subsampling-2.jpg\" alt=\"Produkty wspomagaj\u0105ce w stosowaniu diety\" class=\"img-responsive\" \/>\r\n                <\/div><div class=\"article-box-content-container\">\r\n                    <p class=\"article-box-title\">Produkty wspomagaj\u0105ce w stosowaniu diety<\/p>\r\n                <div class=\"article-box-description\">Sprawd\u017a produkty wspomagaj\u0105ce stosowanie diety:<\/div><div class=\"article-box-buttons\"><div class=\"article-box-button\"><a href=\"https:\/\/www.cefarm24.pl\/odchudzanie-i-oczyszczanie.html\" target=\"_blank\" class=\"btn btn-article-box\">Odchudzanie i oczyszczanie<\/a><\/div><div class=\"article-box-button\"><a href=\"https:\/\/www.cefarm24.pl\/preparaty-wapnia-a.html\" target=\"_blank\" class=\"btn btn-article-box\">Preparaty wapnia<\/a><\/div><\/div><\/div><\/div>\n\n\n\n<p>Mianem afazji okre\u015bla si\u0119 utrat\u0119 zdolno\u015bci komunikacji j\u0119zykowej. Problem mo\u017ce wyst\u0119powa\u0107 zar\u00f3wno u os\u00f3b doros\u0142ych, jak i u dzieci, jednak w tym artykule skupimy si\u0119 na afazji u dzieci. Poprzez utrat\u0119 zdolno\u015bci j\u0119zykowych mo\u017cna rozumie\u0107 niezdolno\u015b\u0107 do rozumienia mowy i pos\u0142ugiwania si\u0119 ni\u0105. Dziecko zmagaj\u0105ce si\u0119 z afazj\u0105 mo\u017ce nie rozumie\u0107 s\u0142\u00f3w wypowiadanych przez inne osoby (np. rodzica czy nauczyciela), ale mo\u017ce r\u00f3wnie\u017c zmaga\u0107 si\u0119 z niemo\u017cno\u015bci\u0105 samodzielnej mowy, w tym np. z trudno\u015bciami z nazewnictwem przedmiot\u00f3w czy trudno\u015bciami z komponowaniem logicznych zda\u0144.<\/p>\n\n\n\n<p>Do afazji mo\u017ce prowadzi\u0107 wiele czynnik\u00f3w. Je\u015bli pacjent nie mia\u0142 wcze\u015bniej problem\u00f3w z mow\u0105, utrata zdolno\u015bci j\u0119zykowych mo\u017ce mie\u0107 zwi\u0105zek mi\u0119dzy innymi z chorob\u0105 uk\u0142adu nerwowego lub urazem mechanicznym, kt\u00f3re przyczyniaj\u0105 si\u0119 do uszkodzenia o\u015brodkowego uk\u0142adu nerwowego i tym samym do uszkodzenia o\u015brodk\u00f3w maj\u0105cych kluczowe znaczenie dla pos\u0142ugiwania si\u0119 mow\u0105 i rozumienia jej.&nbsp;<\/p>\n\n\n\n<p>Do najcz\u0119stszych przyczyn afazji zalicza si\u0119 urazy czaszkowo-m\u00f3zgowe (spowodowane np. wypadkiem), guzy m\u00f3zgu i udary. Dodatkowo za afazj\u0119 u dzieci mog\u0105 odpowiada\u0107 niekt\u00f3re choroby, takie jak zapalenie \u015blinianek przyusznych czy stany zapalne po infekcjach bakteryjnych lub wirusowych. Afazja u dzieci mo\u017ce si\u0119 rozwija\u0107 tak\u017ce w efekcie schorze\u0144 neurologicznych, padaczki, schorze\u0144 uk\u0142adu sercowo-naczyniowego czy zaburze\u0144 endokrynologicznych.&nbsp;<\/p>\n\n\n\n<h2 class=\"wp-block-heading\"><strong>Rodzaje afazji<\/strong><\/h2>\n\n\n\n<p>Afazj\u0119 mo\u017cna podzieli\u0107 na dwa g\u0142\u00f3wne rodzaje:<\/p>\n\n\n\n<ul class=\"wp-block-list\">\n<li>Afazja rozwojowa \u2013 inaczej afazja wrodzona, to rodzaj afazji wynikaj\u0105cej z uszkodzenia m\u00f3zgu ju\u017c na etapie oko\u0142oporodowym b\u0105d\u017a w pierwszych miesi\u0105cach \u017cycia dziecka. W tym przypadku rozw\u00f3j mowy i komunikacji z otoczeniem mo\u017ce by\u0107 \u201eod pocz\u0105tku\u201d zaburzony, co skutkuje niewykszta\u0142ceniem si\u0119 mowy lub jej wykszta\u0142ceniem jedynie w ograniczonym stopniu.<\/li>\n\n\n\n<li>Afazja nabyta \u2013 typ afazji wynikaj\u0105cy z uszkodzenia m\u00f3zgu u dzieci nieco starszych, kt\u00f3re wcze\u015bniej komunikowa\u0142y si\u0119 prawid\u0142owo. Takie dzieci trac\u0105 cz\u0119\u015bciowo lub ca\u0142kowicie nabyt\u0105 ju\u017c zdolno\u015b\u0107 mowy lub jej rozumienia wraz z uszkodzeniem m\u00f3zgu, do kt\u00f3rego dochodzi w zwi\u0105zku z chorob\u0105 czy wypadkiem.\u00a0<\/li>\n<\/ul>\n\n\n\n<p>Mo\u017cna wyr\u00f3\u017cni\u0107 ponadto r\u00f3\u017cne typy afazji:<\/p>\n\n\n\n<ul class=\"wp-block-list\">\n<li>Afazja ruchowa \u2013 zwana te\u017c afazj\u0105 motoryczn\u0105 lub afazj\u0105 ekspresyjn\u0105, to rodzaj afazji, w przypadku kt\u00f3rego u pacjenta dominuj\u0105 objawy upo\u015bledzenia zdolno\u015bci mowy.<\/li>\n\n\n\n<li>Afazja czuciowa \u2013 zwana te\u017c afazj\u0105 sensoryczn\u0105 lub afazj\u0105 percepcyjn\u0105, to rodzaj afazji, w przypadku kt\u00f3rego u pacjenta dominuj\u0105 objawy upo\u015bledzenia rozumienia mowy.<\/li>\n\n\n\n<li>Afazja ruchowo-czuciowa \u2013 zwana te\u017c afazj\u0105 mieszan\u0105 lub afazj\u0105 percepcyjno-ekspresyjn\u0105, to rodzaj afazji dotycz\u0105cy pacjent\u00f3w maj\u0105cych jednocze\u015bnie upo\u015bledzenie rozumienia mowy i zdolno\u015bci pos\u0142ugiwania si\u0119 mow\u0105.<\/li>\n<\/ul>\n\n\n\n<p>Dzieci z afazj\u0105 wrodzon\u0105 najcz\u0119\u015bciej maj\u0105 zaburzenia zwi\u0105zane zar\u00f3wno z percepcj\u0105 mowy, jak i jej ekspresj\u0105. W przypadku dzieci z afazj\u0105 nabyt\u0105 mo\u017ce natomiast doj\u015b\u0107 do utraty zar\u00f3wno zdolno\u015bci percepcyjnych, jak i ekspresyjnych, lub wy\u0142\u0105cznie jednych z nich. Warto doda\u0107, \u017ce wyr\u00f3\u017cnia si\u0119 dodatkowo niekiedy te\u017c afazj\u0119 globaln\u0105, o kt\u00f3rej mowa w przypadku ca\u0142kowitej niemo\u017cno\u015bci rozumienia mowy i m\u00f3wienia.&nbsp;<\/p>\n\n\n\n<h2 class=\"wp-block-heading\"><strong>Afazja u dzieci \u2013 objawy&nbsp;<\/strong><\/h2>\n\n\n\n<p>Nale\u017cy wiedzie\u0107, \u017ce afazja u dzieci mo\u017ce si\u0119 objawia\u0107 r\u00f3\u017cnorodnie. Objawy afazji u dzieci obejmuj\u0105 trudno\u015bci z m\u00f3wieniem b\u0105d\u017a rozumieniem mowy, a to mo\u017ce wp\u0142ywa\u0107 nie tylko na komunikacj\u0119 dziecka z otoczeniem, ale r\u00f3wnie\u017c rzutowa\u0107 na takie czynno\u015bci jak nauka, pisanie, \u015bpiewanie, czytanie czy powtarzanie.&nbsp;<\/p>\n\n\n\n<p>Jakie objawy afazji powinny sk\u0142oni\u0107 rodzica do konsultacji z lekarzem?&nbsp;<\/p>\n\n\n\n<ul class=\"wp-block-list\">\n<li>zaburzenia p\u0142ynno\u015bci lub tempa mowy,<\/li>\n\n\n\n<li>zast\u0119powanie znanych dziecku s\u0142\u00f3w ich opisami,<\/li>\n\n\n\n<li>przekr\u0119canie wyraz\u00f3w, zaburzenia artykulacji (niezrozumia\u0142a mowa),<\/li>\n\n\n\n<li>ubogi zas\u00f3b s\u0142ownictwa,<\/li>\n\n\n\n<li>trudno\u015bci z wypowiadaniem logicznych zda\u0144,<\/li>\n\n\n\n<li>trudno\u015bci z powtarzaniem s\u0142\u00f3w lub zda\u0144 po opiekunie,<\/li>\n\n\n\n<li>niezrozumienie s\u0142\u00f3w opiekuna lub s\u0142\u00f3w czytanych,<\/li>\n\n\n\n<li>problemy z pisaniem,<\/li>\n\n\n\n<li>trudno\u015bci z uczeniem si\u0119 nowych s\u0142\u00f3w i ich znaczenia.<\/li>\n<\/ul>\n\n\n\n<h2 class=\"wp-block-heading\"><strong>Afazja u dzieci \u2013 diagnostyka&nbsp;<\/strong><\/h2>\n\n\n\n<p>Rodzic, kt\u00f3ry zaobserwuje niepokoj\u0105ce objawy afazji u dziecka, powinien skonsultowa\u0107 problem z pediatr\u0105. Kluczowy w diagnostyce jest wywiad rodzinny oraz odr\u00f3\u017cnienie afazji od innych zaburze\u0144 mog\u0105cych objawia\u0107 si\u0119 podobnie, w tym np. r\u00f3\u017cnicowanie afazji i zaburze\u0144 ze spektrum autyzmu. Diagnostyka afazji wymaga niejednokrotnie wykonania specjalistycznych bada\u0144. Lekarz mo\u017ce zleci\u0107 mi\u0119dzy innymi rezonans magnetyczny lub tomografi\u0119 komputerow\u0105. W diagnostyce wykorzystuje si\u0119 r\u00f3wnie\u017c takie badania jak angiografia, EEG i EKG. Konieczna mo\u017ce by\u0107 r\u00f3wnie\u017c konsultacja psychologiczna lub psychiatryczna, a tak\u017ce konsultacja neurologiczna, laryngologiczna, a nawet okulistyczna czy konsultacje z innymi specjalistami, zale\u017cnie od indywidualnej oceny lekarza kieruj\u0105cego.&nbsp;<\/p>\n\n\n\n<h2 class=\"wp-block-heading\"><strong>Afazja \u2013 leczenie u dzieci<\/strong><\/h2>\n\n\n\n<p>Niestety trudno m\u00f3wi\u0107 o specjalistycznych lekach na afazj\u0119, co nie oznacza, \u017ce z problemem nie powinno si\u0119 walczy\u0107. Leczenie afazji dobiera si\u0119 do przyczyny wyst\u0119puj\u0105cych u dziecka dolegliwo\u015bci oraz ich charakteru i nasilenia. Wsparciem mo\u017ce si\u0119 okaza\u0107 terapia neurologopedyczna oraz rehabilitacja. Dziecko powinno pozostawa\u0107 pod opiek\u0105 neurologiczn\u0105, poza tym wa\u017cna jest te\u017c wsp\u00f3\u0142praca z psychologiem i fizjoterapeut\u0105. Rodzaj terapii dobiera si\u0119 indywidualnie, bior\u0105c pod uwag\u0119 wiele kwestii, w tym zw\u0142aszcza og\u00f3lny stan kliniczny pacjenta. Terapi\u0119 mo\u017cna wspomaga\u0107 preparatami wspieraj\u0105cymi prac\u0119 uk\u0142adu nerwowego lub lekami dobranymi do dolegliwo\u015bci towarzysz\u0105cych (np. preparaty przeciwdrgawkowe).<\/p>\n\n\n\n<h2 class=\"wp-block-heading\"><strong>Czy afazja mo\u017ce si\u0119 cofn\u0105\u0107? Czy afazja u dzieci jest wyleczalna?<\/strong><\/h2>\n\n\n\n<p>Niestety trudno jednoznacznie odpowiedzie\u0107 na pytanie, czy afazja mo\u017ce si\u0119 cofn\u0105\u0107. U niekt\u00f3rych pacjent\u00f3w problem utrzymuje si\u0119 nawet mimo wdro\u017conego leczenia, u innych ust\u0119puje cz\u0119\u015bciowo, a u jeszcze innych ust\u0119puje samoistnie. Wiele w tej kwestii zale\u017cy od przyczyny afazji oraz og\u00f3lnego stanu klinicznego pacjenta. To, czy afazja u dzieci jest wyleczalna, zale\u017cy r\u00f3wnie\u017c w wielu przypadkach od tego, jak szybko zostanie wdro\u017cona terapia i jak b\u0119dzie przebiega\u0142a wsp\u00f3\u0142praca na linii dziecko-specjalista-rodzic.&nbsp;<\/p>\n\n\n\n<p><em>Bibliografia:<\/em><\/p>\n\n\n\n<ul class=\"wp-block-list\">\n<li><em>https:\/\/child-neurology.eu\/neurologia_52-85-87.pdf [dost\u0119p 03.2025]<\/em><\/li>\n\n\n\n<li><em>https:\/\/www.afasie.nl\/aphasia\/pdf\/8\/brochure1.pdf [dost\u0119p 03.2025]<\/em><\/li>\n\n\n\n<li><em>https:\/\/pl.wikipedia.org\/wiki\/Afazja [dost\u0119p 03.2025]<\/em><\/li>\n\n\n\n<li><em>https:\/\/open.icm.edu.pl\/server\/api\/core\/bitstreams\/ef7b53cc-5b0e-4feb-a4c0-d8fd0983aac6\/content [dost\u0119p 03.2025]<\/em><\/li>\n<\/ul>\n","protected":false},"excerpt":{"rendered":"<p>Afazja to stan utraty zdolno\u015bci korzystania z mowy b\u0105d\u017a jej rozumienia. Ma zwykle zwi\u0105zek z uszkodzeniem m\u00f3zgu, do czego mog\u0105 si\u0119 przyczynia\u0107 urazy lub niekt\u00f3re choroby. Ze wzgl\u0119du na objawy afazj\u0119 u dzieci mo\u017cna podzieli\u0107 na sensoryczn\u0105, motoryczn\u0105 oraz ruchowo-czuciow\u0105. Objaw\u00f3w afazji nie nale\u017cy lekcewa\u017cy\u0107 i powinny by\u0107 pilnie skonsultowane z pediatr\u0105. O afazji mowa, [&hellip;]<\/p>\n","protected":false},"author":11,"featured_media":9117,"comment_status":"closed","ping_status":"closed","sticky":false,"template":"","format":"standard","meta":{"_acf_changed":false,"footnotes":""},"categories":[384],"tags":[],"class_list":["post-11473","post","type-post","status-publish","format-standard","has-post-thumbnail","hentry","category-zdrowie"],"acf":[],"yoast_head":"<!-- This site is optimized with the Yoast SEO plugin v24.6 - https:\/\/yoast.com\/wordpress\/plugins\/seo\/ -->\n<title>Afazja u dzieci \u2013 przyczyny, objawy i metody terapii - cefarm24.pl<\/title>\n<meta name=\"description\" content=\"Jakie s\u0105 przyczyny afazji i jak afazja objawia si\u0119 u dzieci? Informacje na ten temat mo\u017cna znale\u017a\u0107 w naszym artykule, zapraszamy.\" \/>\n<meta name=\"robots\" content=\"index, follow, max-snippet:-1, max-image-preview:large, max-video-preview:-1\" \/>\n<link rel=\"canonical\" href=\"https:\/\/www.cefarm24.pl\/czytelnia\/zdrowie\/afazja-u-dzieci-przyczyny-objawy-i-metody-terapii\/\" \/>\n<meta name=\"twitter:label1\" content=\"Napisane przez\" \/>\n\t<meta name=\"twitter:data1\" content=\"MonikaVerseo\" \/>\n\t<meta name=\"twitter:label2\" content=\"Szacowany czas czytania\" \/>\n\t<meta name=\"twitter:data2\" content=\"7 minut\" \/>\n<script type=\"application\/ld+json\" class=\"yoast-schema-graph\">{\"@context\":\"https:\/\/schema.org\",\"@graph\":[{\"@type\":\"Article\",\"@id\":\"https:\/\/www.cefarm24.pl\/czytelnia\/zdrowie\/afazja-u-dzieci-przyczyny-objawy-i-metody-terapii\/#article\",\"isPartOf\":{\"@id\":\"https:\/\/www.cefarm24.pl\/czytelnia\/zdrowie\/afazja-u-dzieci-przyczyny-objawy-i-metody-terapii\/\"},\"author\":{\"name\":\"MonikaVerseo\",\"@id\":\"https:\/\/www.cefarm24.pl\/czytelnia\/#\/schema\/person\/3256a37ca6ca30a3c80297c51d3e39c1\"},\"headline\":\"Afazja u dzieci \u2013 przyczyny, objawy i metody terapii\",\"datePublished\":\"2025-04-13T17:00:02+00:00\",\"dateModified\":\"2025-04-13T17:03:03+00:00\",\"mainEntityOfPage\":{\"@id\":\"https:\/\/www.cefarm24.pl\/czytelnia\/zdrowie\/afazja-u-dzieci-przyczyny-objawy-i-metody-terapii\/\"},\"wordCount\":1267,\"publisher\":{\"@id\":\"https:\/\/www.cefarm24.pl\/czytelnia\/#organization\"},\"image\":{\"@id\":\"https:\/\/www.cefarm24.pl\/czytelnia\/zdrowie\/afazja-u-dzieci-przyczyny-objawy-i-metody-terapii\/#primaryimage\"},\"thumbnailUrl\":\"https:\/\/www.cefarm24.pl\/czytelnia\/wp-content\/uploads\/2022\/05\/Pielegnacja-wrazliwej-skory-najmlodszych-dzieci_v2-scaled.jpg\",\"articleSection\":[\"Zdrowie\"],\"inLanguage\":\"pl-PL\"},{\"@type\":\"WebPage\",\"@id\":\"https:\/\/www.cefarm24.pl\/czytelnia\/zdrowie\/afazja-u-dzieci-przyczyny-objawy-i-metody-terapii\/\",\"url\":\"https:\/\/www.cefarm24.pl\/czytelnia\/zdrowie\/afazja-u-dzieci-przyczyny-objawy-i-metody-terapii\/\",\"name\":\"Afazja u dzieci \u2013 przyczyny, objawy i metody terapii - cefarm24.pl\",\"isPartOf\":{\"@id\":\"https:\/\/www.cefarm24.pl\/czytelnia\/#website\"},\"primaryImageOfPage\":{\"@id\":\"https:\/\/www.cefarm24.pl\/czytelnia\/zdrowie\/afazja-u-dzieci-przyczyny-objawy-i-metody-terapii\/#primaryimage\"},\"image\":{\"@id\":\"https:\/\/www.cefarm24.pl\/czytelnia\/zdrowie\/afazja-u-dzieci-przyczyny-objawy-i-metody-terapii\/#primaryimage\"},\"thumbnailUrl\":\"https:\/\/www.cefarm24.pl\/czytelnia\/wp-content\/uploads\/2022\/05\/Pielegnacja-wrazliwej-skory-najmlodszych-dzieci_v2-scaled.jpg\",\"datePublished\":\"2025-04-13T17:00:02+00:00\",\"dateModified\":\"2025-04-13T17:03:03+00:00\",\"description\":\"Jakie s\u0105 przyczyny afazji i jak afazja objawia si\u0119 u dzieci? Informacje na ten temat mo\u017cna znale\u017a\u0107 w naszym artykule, zapraszamy.\",\"breadcrumb\":{\"@id\":\"https:\/\/www.cefarm24.pl\/czytelnia\/zdrowie\/afazja-u-dzieci-przyczyny-objawy-i-metody-terapii\/#breadcrumb\"},\"inLanguage\":\"pl-PL\",\"potentialAction\":[{\"@type\":\"ReadAction\",\"target\":[\"https:\/\/www.cefarm24.pl\/czytelnia\/zdrowie\/afazja-u-dzieci-przyczyny-objawy-i-metody-terapii\/\"]}]},{\"@type\":\"ImageObject\",\"inLanguage\":\"pl-PL\",\"@id\":\"https:\/\/www.cefarm24.pl\/czytelnia\/zdrowie\/afazja-u-dzieci-przyczyny-objawy-i-metody-terapii\/#primaryimage\",\"url\":\"https:\/\/www.cefarm24.pl\/czytelnia\/wp-content\/uploads\/2022\/05\/Pielegnacja-wrazliwej-skory-najmlodszych-dzieci_v2-scaled.jpg\",\"contentUrl\":\"https:\/\/www.cefarm24.pl\/czytelnia\/wp-content\/uploads\/2022\/05\/Pielegnacja-wrazliwej-skory-najmlodszych-dzieci_v2-scaled.jpg\",\"width\":2560,\"height\":1012,\"caption\":\"Piel\u0119gnacja wra\u017cliwej sk\u00f3ry dzieci\"},{\"@type\":\"BreadcrumbList\",\"@id\":\"https:\/\/www.cefarm24.pl\/czytelnia\/zdrowie\/afazja-u-dzieci-przyczyny-objawy-i-metody-terapii\/#breadcrumb\",\"itemListElement\":[{\"@type\":\"ListItem\",\"position\":1,\"name\":\"Strona g\u0142\u00f3wna\",\"item\":\"https:\/\/www.cefarm24.pl\/\"},{\"@type\":\"ListItem\",\"position\":2,\"name\":\"Czytelnia\",\"item\":\"https:\/\/www.cefarm24.pl\/czytelnia\/\"},{\"@type\":\"ListItem\",\"position\":3,\"name\":\"Zdrowie\",\"item\":\"https:\/\/www.cefarm24.pl\/czytelnia\/zdrowie\/\"},{\"@type\":\"ListItem\",\"position\":4,\"name\":\"Afazja u dzieci \u2013 przyczyny, objawy i metody terapii\"}]},{\"@type\":\"WebSite\",\"@id\":\"https:\/\/www.cefarm24.pl\/czytelnia\/#website\",\"url\":\"https:\/\/www.cefarm24.pl\/czytelnia\/\",\"name\":\"Czytelnia apteki Cefarm24\",\"description\":\"Porady zdrowotne, opisy chor\u00f3b, nowo\u015bci w ofercie lek\u00f3w i suplement\u00f3w. Czytaj i wiedz wi\u0119cej!\",\"publisher\":{\"@id\":\"https:\/\/www.cefarm24.pl\/czytelnia\/#organization\"},\"potentialAction\":[{\"@type\":\"SearchAction\",\"target\":{\"@type\":\"EntryPoint\",\"urlTemplate\":\"https:\/\/www.cefarm24.pl\/czytelnia\/?s={search_term_string}\"},\"query-input\":{\"@type\":\"PropertyValueSpecification\",\"valueRequired\":true,\"valueName\":\"search_term_string\"}}],\"inLanguage\":\"pl-PL\"},{\"@type\":\"Organization\",\"@id\":\"https:\/\/www.cefarm24.pl\/czytelnia\/#organization\",\"name\":\"Apteka Cefarm24\",\"url\":\"https:\/\/www.cefarm24.pl\/czytelnia\/\",\"logo\":{\"@type\":\"ImageObject\",\"inLanguage\":\"pl-PL\",\"@id\":\"https:\/\/www.cefarm24.pl\/czytelnia\/#\/schema\/logo\/image\/\",\"url\":\"https:\/\/www.cefarm24.pl\/czytelnia\/wp-content\/uploads\/2016\/04\/cefarm-logo.jpg\",\"contentUrl\":\"https:\/\/www.cefarm24.pl\/czytelnia\/wp-content\/uploads\/2016\/04\/cefarm-logo.jpg\",\"width\":310,\"height\":90,\"caption\":\"Apteka Cefarm24\"},\"image\":{\"@id\":\"https:\/\/www.cefarm24.pl\/czytelnia\/#\/schema\/logo\/image\/\"},\"sameAs\":[\"https:\/\/www.facebook.com\/cefarm24\/\"]},{\"@type\":\"Person\",\"@id\":\"https:\/\/www.cefarm24.pl\/czytelnia\/#\/schema\/person\/3256a37ca6ca30a3c80297c51d3e39c1\",\"name\":\"MonikaVerseo\",\"image\":{\"@type\":\"ImageObject\",\"inLanguage\":\"pl-PL\",\"@id\":\"https:\/\/www.cefarm24.pl\/czytelnia\/#\/schema\/person\/image\/\",\"url\":\"https:\/\/secure.gravatar.com\/avatar\/e89ca928265de87f0b06053b9d620cd2?s=96&d=mm&r=g\",\"contentUrl\":\"https:\/\/secure.gravatar.com\/avatar\/e89ca928265de87f0b06053b9d620cd2?s=96&d=mm&r=g\",\"caption\":\"MonikaVerseo\"}}]}<\/script>\n<!-- \/ Yoast SEO plugin. -->","yoast_head_json":{"title":"Afazja u dzieci \u2013 przyczyny, objawy i metody terapii - cefarm24.pl","description":"Jakie s\u0105 przyczyny afazji i jak afazja objawia si\u0119 u dzieci? Informacje na ten temat mo\u017cna znale\u017a\u0107 w naszym artykule, zapraszamy.","robots":{"index":"index","follow":"follow","max-snippet":"max-snippet:-1","max-image-preview":"max-image-preview:large","max-video-preview":"max-video-preview:-1"},"canonical":"https:\/\/www.cefarm24.pl\/czytelnia\/zdrowie\/afazja-u-dzieci-przyczyny-objawy-i-metody-terapii\/","twitter_misc":{"Napisane przez":"MonikaVerseo","Szacowany czas czytania":"7 minut"},"schema":{"@context":"https:\/\/schema.org","@graph":[{"@type":"Article","@id":"https:\/\/www.cefarm24.pl\/czytelnia\/zdrowie\/afazja-u-dzieci-przyczyny-objawy-i-metody-terapii\/#article","isPartOf":{"@id":"https:\/\/www.cefarm24.pl\/czytelnia\/zdrowie\/afazja-u-dzieci-przyczyny-objawy-i-metody-terapii\/"},"author":{"name":"MonikaVerseo","@id":"https:\/\/www.cefarm24.pl\/czytelnia\/#\/schema\/person\/3256a37ca6ca30a3c80297c51d3e39c1"},"headline":"Afazja u dzieci \u2013 przyczyny, objawy i metody terapii","datePublished":"2025-04-13T17:00:02+00:00","dateModified":"2025-04-13T17:03:03+00:00","mainEntityOfPage":{"@id":"https:\/\/www.cefarm24.pl\/czytelnia\/zdrowie\/afazja-u-dzieci-przyczyny-objawy-i-metody-terapii\/"},"wordCount":1267,"publisher":{"@id":"https:\/\/www.cefarm24.pl\/czytelnia\/#organization"},"image":{"@id":"https:\/\/www.cefarm24.pl\/czytelnia\/zdrowie\/afazja-u-dzieci-przyczyny-objawy-i-metody-terapii\/#primaryimage"},"thumbnailUrl":"https:\/\/www.cefarm24.pl\/czytelnia\/wp-content\/uploads\/2022\/05\/Pielegnacja-wrazliwej-skory-najmlodszych-dzieci_v2-scaled.jpg","articleSection":["Zdrowie"],"inLanguage":"pl-PL"},{"@type":"WebPage","@id":"https:\/\/www.cefarm24.pl\/czytelnia\/zdrowie\/afazja-u-dzieci-przyczyny-objawy-i-metody-terapii\/","url":"https:\/\/www.cefarm24.pl\/czytelnia\/zdrowie\/afazja-u-dzieci-przyczyny-objawy-i-metody-terapii\/","name":"Afazja u dzieci \u2013 przyczyny, objawy i metody terapii - cefarm24.pl","isPartOf":{"@id":"https:\/\/www.cefarm24.pl\/czytelnia\/#website"},"primaryImageOfPage":{"@id":"https:\/\/www.cefarm24.pl\/czytelnia\/zdrowie\/afazja-u-dzieci-przyczyny-objawy-i-metody-terapii\/#primaryimage"},"image":{"@id":"https:\/\/www.cefarm24.pl\/czytelnia\/zdrowie\/afazja-u-dzieci-przyczyny-objawy-i-metody-terapii\/#primaryimage"},"thumbnailUrl":"https:\/\/www.cefarm24.pl\/czytelnia\/wp-content\/uploads\/2022\/05\/Pielegnacja-wrazliwej-skory-najmlodszych-dzieci_v2-scaled.jpg","datePublished":"2025-04-13T17:00:02+00:00","dateModified":"2025-04-13T17:03:03+00:00","description":"Jakie s\u0105 przyczyny afazji i jak afazja objawia si\u0119 u dzieci? Informacje na ten temat mo\u017cna znale\u017a\u0107 w naszym artykule, zapraszamy.","breadcrumb":{"@id":"https:\/\/www.cefarm24.pl\/czytelnia\/zdrowie\/afazja-u-dzieci-przyczyny-objawy-i-metody-terapii\/#breadcrumb"},"inLanguage":"pl-PL","potentialAction":[{"@type":"ReadAction","target":["https:\/\/www.cefarm24.pl\/czytelnia\/zdrowie\/afazja-u-dzieci-przyczyny-objawy-i-metody-terapii\/"]}]},{"@type":"ImageObject","inLanguage":"pl-PL","@id":"https:\/\/www.cefarm24.pl\/czytelnia\/zdrowie\/afazja-u-dzieci-przyczyny-objawy-i-metody-terapii\/#primaryimage","url":"https:\/\/www.cefarm24.pl\/czytelnia\/wp-content\/uploads\/2022\/05\/Pielegnacja-wrazliwej-skory-najmlodszych-dzieci_v2-scaled.jpg","contentUrl":"https:\/\/www.cefarm24.pl\/czytelnia\/wp-content\/uploads\/2022\/05\/Pielegnacja-wrazliwej-skory-najmlodszych-dzieci_v2-scaled.jpg","width":2560,"height":1012,"caption":"Piel\u0119gnacja wra\u017cliwej sk\u00f3ry dzieci"},{"@type":"BreadcrumbList","@id":"https:\/\/www.cefarm24.pl\/czytelnia\/zdrowie\/afazja-u-dzieci-przyczyny-objawy-i-metody-terapii\/#breadcrumb","itemListElement":[{"@type":"ListItem","position":1,"name":"Strona g\u0142\u00f3wna","item":"https:\/\/www.cefarm24.pl\/"},{"@type":"ListItem","position":2,"name":"Czytelnia","item":"https:\/\/www.cefarm24.pl\/czytelnia\/"},{"@type":"ListItem","position":3,"name":"Zdrowie","item":"https:\/\/www.cefarm24.pl\/czytelnia\/zdrowie\/"},{"@type":"ListItem","position":4,"name":"Afazja u dzieci \u2013 przyczyny, objawy i metody terapii"}]},{"@type":"WebSite","@id":"https:\/\/www.cefarm24.pl\/czytelnia\/#website","url":"https:\/\/www.cefarm24.pl\/czytelnia\/","name":"Czytelnia apteki Cefarm24","description":"Porady zdrowotne, opisy chor\u00f3b, nowo\u015bci w ofercie lek\u00f3w i suplement\u00f3w. Czytaj i wiedz wi\u0119cej!","publisher":{"@id":"https:\/\/www.cefarm24.pl\/czytelnia\/#organization"},"potentialAction":[{"@type":"SearchAction","target":{"@type":"EntryPoint","urlTemplate":"https:\/\/www.cefarm24.pl\/czytelnia\/?s={search_term_string}"},"query-input":{"@type":"PropertyValueSpecification","valueRequired":true,"valueName":"search_term_string"}}],"inLanguage":"pl-PL"},{"@type":"Organization","@id":"https:\/\/www.cefarm24.pl\/czytelnia\/#organization","name":"Apteka Cefarm24","url":"https:\/\/www.cefarm24.pl\/czytelnia\/","logo":{"@type":"ImageObject","inLanguage":"pl-PL","@id":"https:\/\/www.cefarm24.pl\/czytelnia\/#\/schema\/logo\/image\/","url":"https:\/\/www.cefarm24.pl\/czytelnia\/wp-content\/uploads\/2016\/04\/cefarm-logo.jpg","contentUrl":"https:\/\/www.cefarm24.pl\/czytelnia\/wp-content\/uploads\/2016\/04\/cefarm-logo.jpg","width":310,"height":90,"caption":"Apteka Cefarm24"},"image":{"@id":"https:\/\/www.cefarm24.pl\/czytelnia\/#\/schema\/logo\/image\/"},"sameAs":["https:\/\/www.facebook.com\/cefarm24\/"]},{"@type":"Person","@id":"https:\/\/www.cefarm24.pl\/czytelnia\/#\/schema\/person\/3256a37ca6ca30a3c80297c51d3e39c1","name":"MonikaVerseo","image":{"@type":"ImageObject","inLanguage":"pl-PL","@id":"https:\/\/www.cefarm24.pl\/czytelnia\/#\/schema\/person\/image\/","url":"https:\/\/secure.gravatar.com\/avatar\/e89ca928265de87f0b06053b9d620cd2?s=96&d=mm&r=g","contentUrl":"https:\/\/secure.gravatar.com\/avatar\/e89ca928265de87f0b06053b9d620cd2?s=96&d=mm&r=g","caption":"MonikaVerseo"}}]}},"_links":{"self":[{"href":"https:\/\/www.cefarm24.pl\/czytelnia\/wp-json\/wp\/v2\/posts\/11473","targetHints":{"allow":["GET"]}}],"collection":[{"href":"https:\/\/www.cefarm24.pl\/czytelnia\/wp-json\/wp\/v2\/posts"}],"about":[{"href":"https:\/\/www.cefarm24.pl\/czytelnia\/wp-json\/wp\/v2\/types\/post"}],"author":[{"embeddable":true,"href":"https:\/\/www.cefarm24.pl\/czytelnia\/wp-json\/wp\/v2\/users\/11"}],"replies":[{"embeddable":true,"href":"https:\/\/www.cefarm24.pl\/czytelnia\/wp-json\/wp\/v2\/comments?post=11473"}],"version-history":[{"count":1,"href":"https:\/\/www.cefarm24.pl\/czytelnia\/wp-json\/wp\/v2\/posts\/11473\/revisions"}],"predecessor-version":[{"id":11474,"href":"https:\/\/www.cefarm24.pl\/czytelnia\/wp-json\/wp\/v2\/posts\/11473\/revisions\/11474"}],"wp:featuredmedia":[{"embeddable":true,"href":"https:\/\/www.cefarm24.pl\/czytelnia\/wp-json\/wp\/v2\/media\/9117"}],"wp:attachment":[{"href":"https:\/\/www.cefarm24.pl\/czytelnia\/wp-json\/wp\/v2\/media?parent=11473"}],"wp:term":[{"taxonomy":"category","embeddable":true,"href":"https:\/\/www.cefarm24.pl\/czytelnia\/wp-json\/wp\/v2\/categories?post=11473"},{"taxonomy":"post_tag","embeddable":true,"href":"https:\/\/www.cefarm24.pl\/czytelnia\/wp-json\/wp\/v2\/tags?post=11473"}],"curies":[{"name":"wp","href":"https:\/\/api.w.org\/{rel}","templated":true}]}}