{"id":10481,"date":"2024-11-05T14:47:19","date_gmt":"2024-11-05T13:47:19","guid":{"rendered":"https:\/\/www.cefarm24.pl\/czytelnia\/?p=10481"},"modified":"2024-11-12T15:15:49","modified_gmt":"2024-11-12T14:15:49","slug":"bol-gardla-przyczyny-i-objawy-jak-szybko-pozbyc-sie-bolu-gardla","status":"publish","type":"post","link":"https:\/\/www.cefarm24.pl\/czytelnia\/przeziebienia-i-bol\/bol-gardla-przyczyny-i-objawy-jak-szybko-pozbyc-sie-bolu-gardla\/","title":{"rendered":"B\u00f3l gard\u0142a &#8211; przyczyny i objawy. Jak szybko pozby\u0107 si\u0119 b\u00f3lu gard\u0142a?"},"content":{"rendered":"\n<h2 class=\"wp-block-heading\">B\u00f3l gard\u0142a to jedna z najbardziej dokuczliwych dolegliwo\u015bci, kt\u00f3re mog\u0105 si\u0119 pojawia\u0107 podczas choroby u os\u00f3b w ka\u017cdym wieku \u2013 utrudniaj\u0105c im codzienne funkcjonowanie, a zw\u0142aszcza prze\u0142ykanie i m\u00f3wienie. W przypadku b\u00f3lu gard\u0142a najcz\u0119\u015bciej stosuje si\u0119 domowe sposoby i leki dost\u0119pne bez recepty, jednak niekiedy mo\u017ce okaza\u0107 si\u0119 konieczne wdro\u017cenia leczenia specjalistycznego.<\/h2><div class=\"article-box-container inside-article-box-container\"><div class=\"article-box-image-container\">\r\n                    <img decoding=\"async\" src=\"https:\/\/www.cefarm24.pl\/czytelnia\/wp-content\/uploads\/2021\/03\/kaszel-scaled.jpg\" alt=\"Produkty na b\u00f3l gard\u0142a\" class=\"img-responsive\" \/>\r\n                <\/div><div class=\"article-box-content-container\">\r\n                    <p class=\"article-box-title\">Produkty na b\u00f3l gard\u0142a<\/p>\r\n                <div class=\"article-box-description\"><\/div><div class=\"article-box-buttons\"><div class=\"article-box-button\"><a href=\"https:\/\/www.cefarm24.pl\/bol-gardla-i-chrypka-a.html\" target=\"_blank\" class=\"btn btn-article-box\">B\u00f3l gard\u0142a i chrypka<\/a><\/div><div class=\"article-box-button\"><a href=\"https:\/\/www.cefarm24.pl\/bol-i-goraczka-c.html\" target=\"_blank\" class=\"btn btn-article-box\">B\u00f3l i gor\u0105czka<\/a><\/div><div class=\"article-box-button\"><a href=\"https:\/\/www.cefarm24.pl\/wzmocnienie-odpornosci-c.html\" target=\"_blank\" class=\"btn btn-article-box\">Wzmocnienie odporno\u015bci<\/a><\/div><\/div><\/div><\/div>\n\n\n\n<p>Najcz\u0119\u015bciej dolegliwo\u015bci b\u00f3lowe gard\u0142a staj\u0105 si\u0119 problemem w sezonie jesienno-zimowym, jednak mo\u017cna si\u0119 z nimi zmaga\u0107 niemal przez ca\u0142y rok, zale\u017cnie od odpowiadaj\u0105cej za nie przyczyny. Dolegliwo\u015bci b\u00f3lowe gard\u0142a maj\u0105 najcz\u0119\u015bciej zwi\u0105zek z infekcj\u0105 wirusow\u0105, chocia\u017c niejednokrotnie towarzysz\u0105 te\u017c innym chorobom i stanom, w tym niekoniecznie infekcyjnym \u2013 mog\u0105 przyk\u0142adowo towarzyszy\u0107 niekt\u00f3rym chorobom serca.<\/p>\n\n\n\n<p>B\u00f3l gard\u0142a mo\u017cna najog\u00f3lniej podzieli\u0107 na ostry i przewlek\u0142y, a za oba rodzaje mog\u0105 odpowiada\u0107 inne czynniki. Do najpowszechniej wsp\u00f3\u0142wyst\u0119puj\u0105cych z b\u00f3lem gard\u0142a dolegliwo\u015bci mo\u017cna zaliczy\u0107 chrypk\u0119, kaszel, a tak\u017ce nie\u017cyt nosa oraz podwy\u017cszon\u0105 temperatur\u0119 cia\u0142a. Z artyku\u0142u dowiesz si\u0119 wi\u0119cej na temat przyczyn b\u00f3lu gard\u0142a oraz metod leczenia tej dolegliwo\u015bci. Wskazujemy te\u017c domowe sposoby na b\u00f3l gard\u0142a, a tak\u017ce podpowiadamy, kiedy b\u00f3l gard\u0142a powinien niepokoi\u0107.<\/p>\n\n\n\n<h3 class=\"wp-block-heading\">B\u00f3l gard\u0142a &#8211; czym jest i jak do niego dochodzi?<\/h3>\n\n\n\n<p>Mianem b\u00f3lu gard\u0142a okre\u015bla si\u0119 dyskomfort odczuwany przez pacjenta, kt\u00f3ry jest zwi\u0105zany ze stanem zapalnym \u015bluz\u00f3wki gard\u0142a. Najcz\u0119\u015bciej do stanu zapalnego gard\u0142a przyczyniaj\u0105 si\u0119 czynniki infekcyjne, w tym zw\u0142aszcza infekcje wirusowe, jednak b\u00f3l gard\u0142a mo\u017ce mie\u0107 te\u017c pochodzenie nieinfekcyjne, w tym wynika\u0107 z podra\u017cnie\u0144 termicznych lub mechanicznych, a tak\u017ce z szeregu teoretycznie niepowi\u0105zanych chor\u00f3b, jak przyk\u0142adowo refluks czy choroby serca. Pacjent najcz\u0119\u015bciej odczuwa drapanie, pieczenie lub b\u00f3l gard\u0142a, kt\u00f3re mog\u0105 mie\u0107 r\u00f3\u017cne nasilenie. Gdy stan zapalny jest powa\u017cny, pojawiaj\u0105 si\u0119 trudno\u015bci z prze\u0142ykaniem pokarm\u00f3w i napoj\u00f3w, a nawet m\u00f3wieniem.<\/p>\n\n\n\n<h3 class=\"wp-block-heading\">Ostry b\u00f3l gard\u0142a &#8211; przyczyny i objawy<\/h3>\n\n\n\n<p>Ostry b\u00f3l gard\u0142a najcz\u0119\u015bciej jest efektem infekcji wywo\u0142ywanych przez wirusy, ale mo\u017ce mie\u0107 r\u00f3wnie\u017c zwi\u0105zek z infekcj\u0105 bakteryjn\u0105, a nawet grzybicz\u0105. Ostry b\u00f3l gard\u0142a mo\u017ce si\u0119 r\u00f3wnie\u017c wi\u0105za\u0107 z urazem termicznym lub mechanicznym, poza tym niekiedy zmagaj\u0105 si\u0119 z nim pacjenci z ropniem oko\u0142omigda\u0142kowym. Ten rodzaj b\u00f3lu gard\u0142a objawia si\u0119 zazwyczaj w postaci silnego b\u00f3lu i trudno\u015bci z prze\u0142ykaniem. Niejednokrotnie towarzysz\u0105 mu r\u00f3wnie\u017c inne objawy typowo infekcyjne, w tym podwy\u017cszona temperatura cia\u0142a, kaszel, katar czy z\u0142e samopoczucie. Dolegliwo\u015bci b\u00f3lowe zwi\u0105zane z ostrym b\u00f3lem gard\u0142a najcz\u0119\u015bciej utrzymuj\u0105 si\u0119 kilka dni do tygodnia \u2013 bywa jednak, \u017ce pacjent zmaga si\u0119 z nimi d\u0142u\u017cej.<\/p>\n\n\n\n<h3 class=\"wp-block-heading\">Przewlek\u0142y b\u00f3l gard\u0142a &#8211; jak si\u0119 objawia i co do niego prowadzi?<\/h3>\n\n\n\n<p>Drugim rodzajem dolegliwo\u015bci b\u00f3lowych gard\u0142a jest przewlek\u0142y b\u00f3l gard\u0142a. Najcz\u0119\u015bciej jest on opisywany przez pacjent\u00f3w jako b\u00f3l o charakterze nawracaj\u0105cym, kt\u00f3rego objawy mog\u0105 by\u0107 uci\u0105\u017cliwe tylko o okre\u015blonych porach dnia, np. po przebudzeniu. Pacjenci z przewlek\u0142ym b\u00f3lem gard\u0142a mog\u0105 si\u0119 zmaga\u0107 d\u0142ugotrwale, w tym cz\u0119sto wr\u0119cz miesi\u0105cami lub nawet latami.<\/p>\n\n\n\n<p>Dolegliwo\u015bci o charakterze przewlek\u0142ym towarzysz\u0105 mi\u0119dzy innymi d\u0142ugotrwa\u0142emu kontaktowi z czynnikami dra\u017cni\u0105cymi \u2013 ten rodzaju b\u00f3lu gard\u0142a nie jest zatem obcy palaczom i alkoholikom, a tak\u017ce osobom d\u0142ugotrwale nara\u017conym na opary chemiczne i zanieczyszczenie \u015brodowiska. Przewlek\u0142y b\u00f3l gard\u0142a towarzyszy te\u017c chronicznym stanom zapalnym (np. \u015bluz\u00f3wki, migda\u0142k\u00f3w podniebiennych czy zatok przynosowych), poza tym mo\u017ce si\u0119 wi\u0105za\u0107 z takimi chorobami jak alergia, cukrzyca, refluks, a nawet choroby nerek czy serca. Ten rodzaj b\u00f3lu niekiedy wyst\u0119puje przy nowotworach.<\/p>\n\n\n\t\t\n\n\t\t\t\t\t\n\t\t<div id=\"cefarm24-products-block_56f4e8c02214522c509520d10494709b\" class=\"cefarm24-block cefarm24-block--products\">\n\t\t\t<div class=\"cefarm24-block__inner-container\">+\n\t\t\t\t<ul class=\"list list--products\">\n\t\t\t\t\t\t\t\t\t\t<li class=\"item\">\n\t\t\t\t\t\t<a class=\"image\" href=\"https:\/\/www.cefarm24.pl\/rodzina-zdrowia-tymianek-i-podbial-x-24-pastylki-do-ssania.html\">\n\t\t\t\t\t\t\t<img decoding=\"async\" src=\"https:\/\/www.cefarm24.pl\/rodzina-zdrowia-tymianek-i-podbial-x-24-pastylki-do-ssania.jpg?8TB31\" alt=\"Rodzina Zdrowia Tymianek i podbia\u0142 x 24 pastylki do ssania\" \/>\n\t\t\t\t\t\t<\/a>\n\t\t\t\t\t\t<strong class=\"title\"><a href=\"https:\/\/www.cefarm24.pl\/rodzina-zdrowia-tymianek-i-podbial-x-24-pastylki-do-ssania.html\">Rodzina Zdrowia Tymianek i podbia\u0142 x 24 pastylki do ssania<\/a><\/strong>\n\t\t\t\t\t\t<span class=\"price\">10,20&nbsp;PLN<\/span>\n\t\t\t\t\t\t<a class=\"more\" href=\"https:\/\/www.cefarm24.pl\/rodzina-zdrowia-tymianek-i-podbial-x-24-pastylki-do-ssania.html\">Sprawd\u017a<\/a>\n\t\t\t\t\t<\/li>\n\t\t\t\t\t\t\t\t\t\t<li class=\"item\">\n\t\t\t\t\t\t<a class=\"image\" href=\"https:\/\/www.cefarm24.pl\/propolis-forte-spray-20-ml.html\">\n\t\t\t\t\t\t\t<img decoding=\"async\" src=\"https:\/\/www.cefarm24.pl\/propolis-forte-spray-20-ml.jpg\" alt=\"Propolis Forte spray 20 ml\" \/>\n\t\t\t\t\t\t<\/a>\n\t\t\t\t\t\t<strong class=\"title\"><a href=\"https:\/\/www.cefarm24.pl\/propolis-forte-spray-20-ml.html\">Propolis Forte spray 20 ml<\/a><\/strong>\n\t\t\t\t\t\t<span class=\"price\">23,39&nbsp;PLN<\/span>\n\t\t\t\t\t\t<a class=\"more\" href=\"https:\/\/www.cefarm24.pl\/propolis-forte-spray-20-ml.html\">Sprawd\u017a<\/a>\n\t\t\t\t\t<\/li>\n\t\t\t\t\t\t\t\t\t\t<li class=\"item\">\n\t\t\t\t\t\t<a class=\"image\" href=\"https:\/\/www.cefarm24.pl\/rodzina-zdrowia-apitabs-x-24-pastylki-do-ssania.html\">\n\t\t\t\t\t\t\t<img decoding=\"async\" src=\"https:\/\/www.cefarm24.pl\/rodzina-zdrowia-apitabs-x-24-pastylki-do-ssania.jpg\" alt=\"Rodzina Zdrowia Apitabs x 24 pastylki do ssania\" \/>\n\t\t\t\t\t\t<\/a>\n\t\t\t\t\t\t<strong class=\"title\"><a href=\"https:\/\/www.cefarm24.pl\/rodzina-zdrowia-apitabs-x-24-pastylki-do-ssania.html\">Rodzina Zdrowia Apitabs x 24 pastylki do ssania<\/a><\/strong>\n\t\t\t\t\t\t<span class=\"price\">8,84&nbsp;PLN<\/span>\n\t\t\t\t\t\t<a class=\"more\" href=\"https:\/\/www.cefarm24.pl\/rodzina-zdrowia-apitabs-x-24-pastylki-do-ssania.html\">Sprawd\u017a<\/a>\n\t\t\t\t\t<\/li>\n\t\t\t\t\t\t\t\t\t\t<li class=\"item\">\n\t\t\t\t\t\t<a class=\"image\" href=\"https:\/\/www.cefarm24.pl\/domowa-apteczka-tretussin-med-syrop-o-smaku-czarnej-porzeczki-250-ml.html\">\n\t\t\t\t\t\t\t<img decoding=\"async\" src=\"https:\/\/www.cefarm24.pl\/domowa-apteczka-tretussin-med-syrop-o-smaku-czarnej-porzeczki-250-ml.jpg?956e6\" alt=\"Domowa Apteczka Tretussin Med syrop o smaku czarnej porzeczki 250 ml\" \/>\n\t\t\t\t\t\t<\/a>\n\t\t\t\t\t\t<strong class=\"title\"><a href=\"https:\/\/www.cefarm24.pl\/domowa-apteczka-tretussin-med-syrop-o-smaku-czarnej-porzeczki-250-ml.html\">Domowa Apteczka Tretussin Med syrop o smaku czarnej porzeczki 250 ml<\/a><\/strong>\n\t\t\t\t\t\t<span class=\"price\">33,99&nbsp;PLN<\/span>\n\t\t\t\t\t\t<a class=\"more\" href=\"https:\/\/www.cefarm24.pl\/domowa-apteczka-tretussin-med-syrop-o-smaku-czarnej-porzeczki-250-ml.html\">Sprawd\u017a<\/a>\n\t\t\t\t\t<\/li>\n\t\t\t\t\t\t\t\t\t\t<li class=\"item\">\n\t\t\t\t\t\t<a class=\"image\" href=\"https:\/\/www.cefarm24.pl\/garda-vocal-x-16-pastylek-do-ssania.html\">\n\t\t\t\t\t\t\t<img decoding=\"async\" src=\"https:\/\/www.cefarm24.pl\/garda-vocal-x-16-pastylek-do-ssania.jpg\" alt=\"Garda Vocal x 16 pastylek do ssania\" \/>\n\t\t\t\t\t\t<\/a>\n\t\t\t\t\t\t<strong class=\"title\"><a href=\"https:\/\/www.cefarm24.pl\/garda-vocal-x-16-pastylek-do-ssania.html\">Garda Vocal x 16 pastylek do ssania<\/a><\/strong>\n\t\t\t\t\t\t<span class=\"price\">8,79&nbsp;PLN<\/span>\n\t\t\t\t\t\t<a class=\"more\" href=\"https:\/\/www.cefarm24.pl\/garda-vocal-x-16-pastylek-do-ssania.html\">Sprawd\u017a<\/a>\n\t\t\t\t\t<\/li>\n\t\t\t\t\t\t\t\t\t\t<li class=\"item\">\n\t\t\t\t\t\t<a class=\"image\" href=\"https:\/\/www.cefarm24.pl\/tabletki-emskie-z-wadowic-x-12-pastylek-do-ssania.html\">\n\t\t\t\t\t\t\t<img decoding=\"async\" src=\"https:\/\/www.cefarm24.pl\/tabletki-emskie-z-wadowic-x-12-pastylek-do-ssania.jpg?7e8bu\" alt=\"Tabletki emskie z wadowic x 12 pastylek do ssania\" \/>\n\t\t\t\t\t\t<\/a>\n\t\t\t\t\t\t<strong class=\"title\"><a href=\"https:\/\/www.cefarm24.pl\/tabletki-emskie-z-wadowic-x-12-pastylek-do-ssania.html\">Tabletki emskie z wadowic x 12 pastylek do ssania<\/a><\/strong>\n\t\t\t\t\t\t<span class=\"price\">6,33&nbsp;PLN<\/span>\n\t\t\t\t\t\t<a class=\"more\" href=\"https:\/\/www.cefarm24.pl\/tabletki-emskie-z-wadowic-x-12-pastylek-do-ssania.html\">Sprawd\u017a<\/a>\n\t\t\t\t\t<\/li>\n\t\t\t\t\t\t\t\t\t\t<li class=\"item\">\n\t\t\t\t\t\t<a class=\"image\" href=\"https:\/\/www.cefarm24.pl\/garda-med-x-60-pastylek-do-ssania.html\">\n\t\t\t\t\t\t\t<img decoding=\"async\" src=\"https:\/\/www.cefarm24.pl\/garda-med-x-60-pastylek-do-ssania.jpg\" alt=\"Garda Med x 60 pastylek do ssania\" \/>\n\t\t\t\t\t\t<\/a>\n\t\t\t\t\t\t<strong class=\"title\"><a href=\"https:\/\/www.cefarm24.pl\/garda-med-x-60-pastylek-do-ssania.html\">Garda Med x 60 pastylek do ssania<\/a><\/strong>\n\t\t\t\t\t\t<span class=\"price\">19,89&nbsp;PLN<\/span>\n\t\t\t\t\t\t<a class=\"more\" href=\"https:\/\/www.cefarm24.pl\/garda-med-x-60-pastylek-do-ssania.html\">Sprawd\u017a<\/a>\n\t\t\t\t\t<\/li>\n\t\t\t\t\t\t\t\t\t\t<li class=\"item\">\n\t\t\t\t\t\t<a class=\"image\" href=\"https:\/\/www.cefarm24.pl\/gardlox-7-syrop-ziolowy-bez-cukru-120-ml.html\">\n\t\t\t\t\t\t\t<img decoding=\"async\" src=\"https:\/\/www.cefarm24.pl\/gardlox-7-syrop-ziolowy-bez-cukru-120-ml.jpg?7p5pU\" alt=\"Gardlox 7 syrop zio\u0142owy bez cukru 120 ml\" \/>\n\t\t\t\t\t\t<\/a>\n\t\t\t\t\t\t<strong class=\"title\"><a href=\"https:\/\/www.cefarm24.pl\/gardlox-7-syrop-ziolowy-bez-cukru-120-ml.html\">Gardlox 7 syrop zio\u0142owy bez cukru 120 ml<\/a><\/strong>\n\t\t\t\t\t\t<span class=\"price\">10,89&nbsp;PLN<\/span>\n\t\t\t\t\t\t<a class=\"more\" href=\"https:\/\/www.cefarm24.pl\/gardlox-7-syrop-ziolowy-bez-cukru-120-ml.html\">Sprawd\u017a<\/a>\n\t\t\t\t\t<\/li>\n\t\t\t\t\t\t\t\t\t<\/ul>\n\t\t\t<\/div>\n\t\t<\/div>\n\t\t\n\n\n<h3 class=\"wp-block-heading\">Jak choroba zaczyna si\u0119 od b\u00f3lu gard\u0142a? Przyczyny b\u00f3lu gard\u0142a<\/h3>\n\n\n\n<p>W poprzednich akapitach cz\u0119\u015bciowo wspomniano ju\u017c, jakie mog\u0105 by\u0107 przyczyny b\u00f3lu gard\u0142a. Mo\u017cna do nich zaliczy\u0107 np. wirusowe zapalenie gard\u0142a i bakteryjne zapalenie gard\u0142a, ale te\u017c wiele czynnik\u00f3w nieinfekcyjnych niewymienionych powy\u017cej. Jakie mog\u0105 by\u0107 zatem przyczyny b\u00f3lu gard\u0142a?<\/p>\n\n\n\n<ul class=\"wp-block-list\">\n<li>Zapalenie gard\u0142a o pod\u0142o\u017cu wirusowym:<ul><li>przezi\u0119bienie (najcz\u0119\u015bciej odpowiadaj\u0105 za nie rinowirusy),<\/li><\/ul><ul><li>grypa,<\/li><\/ul>\n<ul class=\"wp-block-list\">\n<li>mononukleoza.<\/li>\n<\/ul>\n<\/li>\n\n\n\n<li>Bakteryjne zapalenie gard\u0142a:<ul><li>angina,<\/li><\/ul>\n<ul class=\"wp-block-list\">\n<li>bakteryjne infekcje migda\u0142k\u00f3w.<\/li>\n<\/ul>\n<\/li>\n\n\n\n<li>Grzybicze zapalenie gard\u0142a (najcz\u0119\u015bciej zwi\u0105zane z infekcj\u0105 Candida).<\/li>\n\n\n\n<li>Niekt\u00f3re choroby zaka\u017ane:<ul><li>ospa wietrzna,<\/li><\/ul><ul><li>odra,<\/li><\/ul>\n<ul class=\"wp-block-list\">\n<li>p\u0142onica.<\/li>\n<\/ul>\n<\/li>\n\n\n\n<li>Alergia.<\/li>\n\n\n\n<li>Podra\u017cnienia wywo\u0142ane np. przez:<ul><li>wysok\u0105 temperatur\u0119,<\/li><\/ul><ul><li>ostre przyprawy,<\/li><\/ul><ul><li>dym tytoniowy,<\/li><\/ul><ul><li>zanieczyszczenia powietrza,<\/li><\/ul><ul><li>cia\u0142o obce,<\/li><\/ul><ul><li>chemikalia,<\/li><\/ul>\n<ul class=\"wp-block-list\">\n<li>nadmierne obci\u0105\u017canie narz\u0105du g\u0142osu.<\/li>\n<\/ul>\n<\/li>\n\n\n\n<li>Inne choroby:<ul><li>refluks \u017co\u0142\u0105dkowo-prze\u0142ykowy,<\/li><\/ul><ul><li>choroby serca,<\/li><\/ul><ul><li>ropie\u0144 oko\u0142omigda\u0142kowy,<\/li><\/ul><ul><li>choroby autoimmunologiczne (np. zesp\u00f3\u0142 Sj\u00f6grena),<\/li><\/ul><ul><li>niekt\u00f3re nowotwory (np. nowotw\u00f3r migda\u0142k\u00f3w podniebiennych),<\/li><\/ul><ul><li>choroby nerek,<\/li><\/ul>\n<ul class=\"wp-block-list\">\n<li>cukrzyca.<\/li>\n<\/ul>\n<\/li>\n<\/ul>\n\n\n\n<p>Wy\u017cej wymieniono czynniki najcz\u0119\u015bciej odpowiadaj\u0105ce za dolegliwo\u015bci b\u00f3lowe gard\u0142a, cho\u0107 wci\u0105\u017c nie s\u0105 to wszystkie przyczyny, kt\u00f3re mog\u0105 prowadzi\u0107 do wyst\u0105pienia tego objawu. Cz\u0119sto do rzetelnej diagnozy jest potrzebna poszerzona diagnostyka, wi\u0119c je\u015bli towarzysz\u0105 Ci dolegliwo\u015bci b\u00f3lowe gard\u0142a o nieznanej przyczynie, s\u0105 nasilone, d\u0142ugotrwale si\u0119 utrzymuj\u0105 lub wsp\u00f3\u0142istniej\u0105 z nimi inne niepokoj\u0105ce symptomy, najlepiej skonsultuj si\u0119 z lekarzem.<\/p>\n\n\n\n<h3 class=\"wp-block-heading\">B\u00f3l gard\u0142a &#8211; objawy i objawy towarzysz\u0105ce<\/h3>\n\n\n\n<p>Objawy b\u00f3lu gard\u0142a s\u0105 odczuwane przez pacjent\u00f3w w r\u00f3\u017cny spos\u00f3b. Zwykle s\u0105 okre\u015blane jako uczucie dyskomfortu, uczucie sucho\u015bci lub drapania w gardle, a tak\u017ce jako b\u00f3l o charakterze piek\u0105cym, ostrym, a niekiedy nawet t\u0119pym. Dolegliwo\u015bci b\u00f3lowe mog\u0105 si\u0119 nasila\u0107 przy piciu i jedzeniu oraz wr\u0119cz powodowa\u0107 trudno\u015bci w prze\u0142ykaniu i w m\u00f3wieniu. Niejednokrotnie b\u00f3lowi gard\u0142a towarzyszy powi\u0119kszenie migda\u0142k\u00f3w lub okolicznych w\u0119z\u0142\u00f3w ch\u0142onnych, zaczerwienienie \u015bluz\u00f3wki, a tak\u017ce zmiana tonu g\u0142osu b\u0105d\u017a chrypka. Do innych objaw\u00f3w, kt\u00f3re mog\u0105 \u2013 ale nie musz\u0105 \u2013 towarzyszy\u0107 b\u00f3lowi gard\u0142a, mo\u017cna zaliczy\u0107 podwy\u017cszon\u0105 temperatur\u0119 cia\u0142a, kaszel, og\u00f3lne os\u0142abienie i z\u0142e samopoczucie, a nawet b\u00f3le g\u0142owy i nie tylko. Niekiedy ju\u017c po samych objawach mo\u017cna podejrzewa\u0107, jaka jest przyczyna dolegliwo\u015bci. Przyk\u0142adowo silny b\u00f3l gard\u0142a i gor\u0105czka oraz nalot na migda\u0142kach mog\u0105 wskazywa\u0107 na angin\u0119 bakteryjn\u0105. Co oznacza b\u00f3l gard\u0142a bez gor\u0105czki? Zwykle jego przyczyn\u0105 jest wirusowe zapalenie gard\u0142a.<\/p>\n\n\n\n<p>Ile trwa b\u00f3l gard\u0142a? Czas trwania dolegliwo\u015bci b\u00f3lowych gard\u0142a zale\u017cy od przyczyny odpowiadaj\u0105cej za obserwowane objawy, og\u00f3lnego stanu pacjenta i funkcjonowania jego uk\u0142adu odporno\u015bciowego, a tak\u017ce od wdro\u017conych dzia\u0142a\u0144 zaradczych (np. odpowiednio dobrane leczenie). Ostry b\u00f3l gard\u0142a pochodzenia wirusowego zwykle trwa 3\u20137 dni, jednak z zapaleniem bakteryjnym mo\u017cna si\u0119 zmaga\u0107 d\u0142u\u017cej, w tym nawet 2 tygodnie, zw\u0142aszcza je\u015bli antybiotykoterapia nie zostanie wdro\u017cona odpowiednio wcze\u015bnie. B\u00f3l gard\u0142a o charakterze przewlek\u0142ym mo\u017ce si\u0119 utrzymywa\u0107 jeszcze d\u0142u\u017cej, w tym nawet miesi\u0105cami czy latami. Czy b\u00f3l gard\u0142a przejdzie sam? W wielu przypadkach dolegliwo\u015bci b\u00f3lowe gard\u0142a ust\u0119puj\u0105 z czasem samoczynnie (np. infekcja wirusowa), zdarza si\u0119 jednak, \u017ce nie ob\u0119dzie si\u0119 bez leczenia specjalistycznego celuj\u0105cego nie tyle w sam objaw i jego \u0142agodzenie, a w jego przyczyn\u0119 (np. antybiotykoterapia czy leczenie choroby refluksowej).<\/p>\n\n\n\n<h3 class=\"wp-block-heading\">Jak szybko pozby\u0107 si\u0119 b\u00f3lu gard\u0142a? Domowe sposoby<\/h3>\n\n\n\n<p>W przypadku dolegliwo\u015bci b\u00f3lowych gard\u0142a mo\u017cna dzia\u0142a\u0107 domowymi sposobami. Nie zast\u0105pi\u0105 one co prawda specjalistycznej pomocy medycznej, ale ta nie zawsze jest konieczno\u015bci\u0105 przy zwyk\u0142ych b\u00f3lach gard\u0142a. Je\u015bli stan pacjenta nie jest powa\u017cny, z powodzeniem mo\u017cna postawi\u0107 np. na ciep\u0142e ok\u0142ady na szyj\u0119, kt\u00f3re przynios\u0105 ulg\u0119 przy dolegliwo\u015bciach b\u00f3lowych. Warto te\u017c regularnie si\u0119 nawadnia\u0107. Co pi\u0107 na b\u00f3l gard\u0142a? Polecane s\u0105 m.in. napary zio\u0142owe (np. napar z lipy czy napar z czarnego bzu) oraz herbatki owocowe z miodem i imbirem (mi\u00f3d dzia\u0142a koj\u0105co i antybakteryjnie, a imbir ma dzia\u0142anie przeciwzapalne). Mo\u017cesz r\u00f3wnie\u017c postawi\u0107 na domowe roztwory do p\u0142ukania gard\u0142a. Bardzo dobrze sprawdza si\u0119 p\u0142ukanie gard\u0142a roztworem soli kuchennej, poza tym do p\u0142ukania gard\u0142a mo\u017cna wykorzysta\u0107 zio\u0142a \u2013 nadaj\u0105 si\u0119 do tego np. mi\u0119ta, sza\u0142wia czy tymianek. Opcj\u0105 jest te\u017c p\u0142ukanie gard\u0142a roztworem sody oczyszczonej, co \u0142agodzi podra\u017cnienia \u015bluz\u00f3wki.<\/p>\n\n\n\n<p>Je\u015bli mowa o domowych sposobach na b\u00f3l gard\u0142a, wiele os\u00f3b poleca r\u00f3wnie\u017c inhalacje. Ju\u017c sama inhalacja z soli fizjologicznej sprawdzi si\u0119 bardzo dobrze, nawil\u017caj\u0105c \u015bluz\u00f3wk\u0119. Mo\u017cesz r\u00f3wnie\u017c wybra\u0107 inhalacje z pary wodnej i olejk\u00f3w eterycznych (tzw. \u201epar\u00f3wki\u201d nad misk\u0105 z ciep\u0142\u0105 wod\u0105). Gdy boli Ci\u0119 gard\u0142o, unikaj ponadto substancji dra\u017cni\u0105cych, w tym ostrych przypraw, dymu tytoniowego i alkoholu, kt\u00f3re mog\u0142yby dodatkowo podra\u017cnia\u0107 \u015bluz\u00f3wk\u0119. Zadbaj za to o odpoczynek i daj swojemu organizmowi czas na regeneracj\u0119. Wypoczywaj\u0105c, dopilnuj r\u00f3wnie\u017c odpowiedniej wilgotno\u015bci powietrza w sypialni \u2013 suche powietrze wp\u0142ywa bowiem niekorzystnie na kondycj\u0119 \u015bluz\u00f3wki, nasilaj\u0105c dolegliwo\u015bci.<\/p>\n\n\n\n<h3 class=\"wp-block-heading\">Co mocnego na b\u00f3l gard\u0142a z apteki?<\/h3>\n\n\n\n<p>Samoleczenie b\u00f3lu gard\u0142a najcz\u0119\u015bciej ogranicza si\u0119 do dzia\u0142a\u0144 objawowych. Je\u015bli domowe sposoby na b\u00f3l gard\u0142a zawiod\u0105, mo\u017cna postawi\u0107 na leki na b\u00f3l gard\u0142a dost\u0119pne w aptece bez recepty. Do wyboru s\u0105 w tym przypadku m.in. spraye do gard\u0142a, pastylki do ssania, a tak\u017ce roztwory do p\u0142ukania gard\u0142a. Preparaty dost\u0119pne bez recepty dzia\u0142aj\u0105 np. przeciwb\u00f3lowo i przeciwzapalnie lub znieczulaj\u0105co, poza tym niekt\u00f3re z nich maj\u0105 w\u0142a\u015bciwo\u015bci antyseptyczne, nawil\u017caj\u0105ce \u015bluz\u00f3wk\u0119, \u0142agodz\u0105ce podra\u017cnienia i koj\u0105ce, a nawet wspomagaj\u0105ce regeneracj\u0119 b\u0142ony \u015bluzowej czy powlekaj\u0105ce j\u0105 warstw\u0105 ochronn\u0105. W lekach bez recepty na b\u00f3l gard\u0142a zwykle znajduj\u0105 si\u0119 takie sk\u0142adniki aktywne jak np. benzydamina, lidokaina, chlorchinaldol, salicylan choliny czy flurbiprofen. W niekt\u00f3rych medykamentach znajdziesz te\u017c mentol lub eukaliptus, a tak\u017ce propolis czy wyci\u0105gi z porostu islandzkiego b\u0105d\u017a prawo\u015blazu.<\/p>\n\n\n\n<p>Zanim si\u0119gniesz po jakikolwiek lek na b\u00f3l gard\u0142a, upewnij si\u0119, czy mo\u017cesz z niego korzysta\u0107 w bezpieczny spos\u00f3b (brak przeciwwskaza\u0144 do stosowania danego medykamentu). Zawsze te\u017c u\u017cywaj leku na b\u00f3l gard\u0142a w spos\u00f3b zgodny z zalecanym i w dawkach nie wi\u0119kszych od rekomendowanych. Przekroczenie dawki mo\u017ce prowadzi\u0107 do objaw\u00f3w niepo\u017c\u0105danych, niekiedy nawet powa\u017cnych.<\/p>\n\n\n\n<h3 class=\"wp-block-heading\">B\u00f3l gard\u0142a w ci\u0105\u017cy &#8211; co pomo\u017ce?<\/h3>\n\n\n\n<p>Szczeg\u00f3lnie problematyczny jest b\u00f3l gard\u0142a w ci\u0105\u017cy. Jak ju\u017c doskonale wiemy, zapalenie gard\u0142a mo\u017ce dawa\u0107 bardzo nasilone objawy, niejednokrotnie utrudniaj\u0105c prze\u0142ykanie czy m\u00f3wienie. Kobiety w ci\u0105\u017cy nie mog\u0105 jednak stosowa\u0107 dowolnych lek\u00f3w, gdy\u017c wiele medykament\u00f3w nie jest bezpiecznych dla dziecka lub dla samego przebiegu ci\u0105\u017cy. Co zatem stosowa\u0107 na b\u00f3l gard\u0142a w ci\u0105\u017cy? Najbezpieczniej postawi\u0107 na domowe sposoby oraz leki dedykowane specjalnie pacjentkom spodziewaj\u0105cym si\u0119 dziecka. W aptece mo\u017cna znale\u017a\u0107 dobre tabletki na gard\u0142o dla kobiet w ci\u0105\u017cy, bazuj\u0105ce na sk\u0142adnikach pochodzenia naturalnego (propolis, porost islandzki, sza\u0142wia, rumianek), jednak je\u015bli oka\u017c\u0105 si\u0119 one niewystarczaj\u0105ce, najlepiej dla pewno\u015bci skonsultowa\u0107 si\u0119 z lekarzem. W razie potrzeby dobierze on ci\u0119\u017carnej mo\u017cliwie najbezpieczniejsze leczenie.<\/p>\n\n\n\n<h3 class=\"wp-block-heading\">B\u00f3l gard\u0142a u niemowlak\u00f3w i dziecka starszego &#8211; co poda\u0107?<\/h3>\n\n\n\n<p>Z podobn\u0105 rozwag\u0105 nale\u017cy post\u0119powa\u0107, je\u015bli problemem jest b\u00f3l gard\u0142a u niemowlaka lub zapalenie gard\u0142a u nieco starszego dziecka. Zdecydowanie najcz\u0119\u015bciej za b\u00f3l gard\u0142a u dzieci odpowiadaj\u0105 infekcje wirusowe (g\u0142\u00f3wnie rinowirusy, ale te\u017c adenowirusy i nie tylko). Dziecku towarzyszy w\u00f3wczas b\u00f3l gard\u0142a i drapanie w gardle b\u0105d\u017a pieczenie gard\u0142a, a tak\u017ce trudno\u015bci z prze\u0142ykaniem, rozpulchnienie \u015bluz\u00f3wki gard\u0142a, a niekiedy te\u017c podwy\u017cszona temperatura, nie\u017cyt nosa czy kaszel.<\/p>\n\n\n\n<p>Dzieciom \u2013 podobnie jak pacjentkom w ci\u0105\u017cy \u2013 nie mo\u017cna podawa\u0107 wielu lek\u00f3w. Medykamenty dla os\u00f3b doros\u0142ych mog\u0105 by\u0107 dla nich niedostosowane substancj\u0105 czynn\u0105, dawk\u0105 lub form\u0105 podania (np. pastylki do ssania mog\u0105 sta\u0107 si\u0119 u ma\u0142ych dzieci przyczyn\u0105 zad\u0142awienia). Co zastosowa\u0107 na b\u00f3l gard\u0142a u niemowlaka i starszego dziecka? Najlepiej sprawdzaj\u0105 si\u0119 medykamenty w p\u0142ynie b\u0105d\u017a w syropie, ewentualnie dzia\u0142aj\u0105cy miejscowo spray na gard\u0142o dla dzieci. Maluchom nieco starszym mo\u017cna natomiast poda\u0107 lizaki na b\u00f3l gard\u0142a, a dopiero dzieciom jeszcze starszym pastylki do ssania lub p\u0142yn do p\u0142ukania gard\u0142a.<\/p>\n\n\n\n<h3 class=\"wp-block-heading\">Kiedy b\u00f3l gard\u0142a powinien niepokoi\u0107?<\/h3>\n\n\n\n<p>W wielu przypadkach z dolegliwo\u015bciami b\u00f3lowymi gard\u0142a mo\u017cna si\u0119 upora\u0107 samodzielnie, stawiaj\u0105c na domowe sposoby b\u0105d\u017a leki dost\u0119pne bez recepty. Nie zawsze jednak dzia\u0142ania na w\u0142asn\u0105 r\u0119k\u0119 mog\u0105 si\u0119 okaza\u0107 wystarczaj\u0105ce. Je\u015bli np. za b\u00f3l gard\u0142a odpowiada angina bakteryjna, niezb\u0119dne mo\u017ce by\u0107 wdro\u017cenie antybiotykoterapii. Jak odr\u00f3\u017cni\u0107 angin\u0119 od zapalenia gard\u0142a? Nie zawsze pacjent jest w stanie samodzielnie odr\u00f3\u017cni\u0107 objawy. W przypadku anginy jednak cz\u0119sto zdarza si\u0119, \u017ce b\u00f3l gard\u0142a jest bardzo silny \u2013 znacznie silniejszy ni\u017c przy \u201etypowych\u201d infekcjach wirusowych i niejednokrotnie wr\u0119cz utrudniaj\u0105cy jedzenie i prze\u0142ykanie \u015bliny. W czasie anginy uwag\u0119 zwraca r\u00f3wnie\u017c charakterystyczne zabarwienie migda\u0142k\u00f3w i \u0142uk\u00f3w podniebiennych zwi\u0105zane z nadmiernym przekrwieniem tkanek. Obrz\u0119kowi migda\u0142k\u00f3w towarzyszy te\u017c bia\u0142y nalot na migda\u0142kach oraz wysi\u0119k i powi\u0119kszone w\u0119z\u0142y ch\u0142onne. Anginie bakteryjnej towarzyszy r\u00f3wnie\u017c gor\u0105czka powy\u017cej 38 stopni.<\/p>\n\n\n\n<p>Czy b\u00f3l gard\u0142a przejdzie bez antybiotyku? Gdy za dolegliwo\u015bci b\u00f3lowe gard\u0142a odpowiadaj\u0105 infekcje wirusowe, nie ma podstaw do stosowania antybiotyku, gdy\u017c antybiotyki to leki dzia\u0142aj\u0105ce na bakterie, a nie na wirusy. W przypadku infekcji wirusowej dzia\u0142amy objawowo, czyli \u0142agodzimy dolegliwo\u015bci, kt\u00f3re si\u0119 pojawiaj\u0105. Kiedy antybiotyk na gard\u0142o b\u0119dzie niezb\u0119dny? Je\u015bli lekarz stwierdzi infekcj\u0119 bakteryjn\u0105, w tym np. angin\u0119 bakteryjn\u0105, wdro\u017cenie antybiotykoterapii mo\u017ce okaza\u0107 si\u0119 niezb\u0119dne. Pami\u0119tajmy jednocze\u015bnie, \u017ce antybiotyki nie s\u0105 jedynymi specjalistycznymi lekami, kt\u00f3re mog\u0105 pom\u00f3c w przypadku dolegliwo\u015bci b\u00f3lowych gard\u0142a (niekoniecznie infekcyjnych).<\/p>\n\n\n\n<p>Je\u015bli niepokoj\u0105 Ci\u0119 objawy, z kt\u00f3rymi si\u0119 zmagasz (np. b\u00f3l gard\u0142a jest silny, utrzymuje si\u0119 d\u0142ugotrwale, jest oporny na stosowane leczenie, towarzysz\u0105 mu inne symptomy), zg\u0142o\u015b si\u0119 do lekarza, gdy\u017c lekcewa\u017cenie obserwowanych dolegliwo\u015bci mo\u017ce mie\u0107 powa\u017cne skutki, prowadz\u0105c do r\u00f3\u017cnych powik\u0142a\u0144, w tym nawet do tych bardzo powa\u017cnych. Czym grozi nieleczone zapalenie gard\u0142a? Zale\u017cy to oczywi\u015bcie od przyczyny odpowiadaj\u0105cej za dolegliwo\u015bci pacjenta. W niekt\u00f3rych przypadkach mo\u017ce na przyk\u0142ad doj\u015b\u0107 do rozprzestrzenienia si\u0119 infekcji, zapalenia ucha \u015brodkowego czy pojawienia si\u0119 ropnia oko\u0142omigda\u0142kowego. Nieleczone zapalenie gard\u0142a mo\u017ce niekiedy nawet prowadzi\u0107 do takich powik\u0142a\u0144 jak gor\u0105czka reumatyczna czy choroby nerek.<\/p>\n\n\n\n<p><strong>Bibliografia<\/strong><\/p>\n\n\n\n<ul class=\"wp-block-list has-small-font-size\">\n<li>Zalesska-Kr\u0119cicka M., Zarys otolaryngologii: podr\u0119cznik dla student\u00f3w i lekarzy, Akademia Medyczna im. Piast\u00f3w \u015al\u0105skich, 2008<\/li>\n\n\n\n<li>Latkowski J.B., Olszewski J.,&nbsp;Ucho, nos, gard\u0142o i krta\u0144., Wydawnictwo Lekarskie PZWL, 2007<\/li>\n\n\n\n<li>Kalicki B., Milart J., Wachnicka-B\u0105k A., Placzy\u0144ska M., Jung A., B\u00f3l gard\u0142a \u2013 kiedy leczenie objawowe jest niewystarczaj\u0105ce, Pediatr Med Rodz, 2012, Vol 8 Nr 2, p. 107-110 [dost\u0119p online 10.2024]<\/li>\n\n\n\n<li>https:\/\/pl.wikipedia.org\/wiki\/Ostre_zapalenie_gard%C5%82a [dost\u0119p online 10.2024]<\/li>\n\n\n\n<li>https:\/\/pl.wikipedia.org\/wiki\/Przewlek%C5%82e_zapalenie_gard%C5%82a [dost\u0119p online 10.2024]<\/li>\n\n\n\n<li>Wa\u015bniewska-Okupniak E., B\u00f3l gard\u0142a, Choroby laryngologiczne w POZ, Lekarz POZ 5\/2020, s. 253-257 [dost\u0119p online 10.2024]<\/li>\n\n\n\n<li>Grucha\u0142a K., Post\u0119powanie w b\u00f3lu gard\u0142a wyst\u0119puj\u0105cym w przezi\u0119bieniu i zapaleniu gard\u0142a, Lek w Polsce, VOL 24 NR 09\u201914 (280) [dost\u0119p online 10.2024]<\/li>\n\n\n\n<li>Gowin E., Horst-Sikorska W., Leczenie zapalenia gard\u0142a bez antybiotyku \u2013 czy to mo\u017cliwe?, Artyku\u0142 Pogl\u0105dowy, Farmacja wsp\u00f3\u0142czesna 2012; 5: 83-89 [dost\u0119p online 10.2024]<\/li>\n<\/ul>\n\n\n\n<p><strong><strong>Autor artyku\u0142u: tech. farm. Izabela Soroka<\/strong><\/strong><\/p>\n","protected":false},"excerpt":{"rendered":"<p>B\u00f3l gard\u0142a to jedna z najbardziej dokuczliwych dolegliwo\u015bci, kt\u00f3re mog\u0105 si\u0119 pojawia\u0107 podczas choroby u os\u00f3b w ka\u017cdym wieku \u2013 utrudniaj\u0105c im codzienne funkcjonowanie, a zw\u0142aszcza prze\u0142ykanie i m\u00f3wienie. W przypadku b\u00f3lu gard\u0142a najcz\u0119\u015bciej stosuje si\u0119 domowe sposoby i leki dost\u0119pne bez recepty, jednak niekiedy mo\u017ce okaza\u0107 si\u0119 konieczne wdro\u017cenia leczenia specjalistycznego. Produkty na b\u00f3l [&hellip;]<\/p>\n","protected":false},"author":8,"featured_media":5613,"comment_status":"closed","ping_status":"closed","sticky":false,"template":"","format":"standard","meta":{"_acf_changed":false,"footnotes":""},"categories":[7,381],"tags":[],"class_list":["post-10481","post","type-post","status-publish","format-standard","has-post-thumbnail","hentry","category-przeziebienia-i-bol","category-home"],"acf":[],"yoast_head":"<!-- This site is optimized with the Yoast SEO plugin v24.6 - https:\/\/yoast.com\/wordpress\/plugins\/seo\/ -->\n<title>B\u00f3l gard\u0142a - przyczyny i objawy. Jak szybko pozby\u0107 si\u0119 b\u00f3lu gard\u0142a? - Czytelnia apteki Cefarm24<\/title>\n<meta name=\"description\" content=\"B\u00f3l gard\u0142a to jedna z najbardziej dokuczliwych dolegliwo\u015bci, kt\u00f3re mog\u0105 si\u0119 pojawia\u0107 podczas choroby u os\u00f3b w ka\u017cdym wieku\" \/>\n<meta name=\"robots\" content=\"index, follow, max-snippet:-1, max-image-preview:large, max-video-preview:-1\" \/>\n<link rel=\"canonical\" href=\"https:\/\/www.cefarm24.pl\/czytelnia\/przeziebienia-i-bol\/bol-gardla-przyczyny-i-objawy-jak-szybko-pozbyc-sie-bolu-gardla\/\" \/>\n<meta name=\"twitter:label1\" content=\"Napisane przez\" \/>\n\t<meta name=\"twitter:data1\" content=\"Piotr Olszak\" \/>\n\t<meta name=\"twitter:label2\" content=\"Szacowany czas czytania\" \/>\n\t<meta name=\"twitter:data2\" content=\"13 minut\" \/>\n<script type=\"application\/ld+json\" class=\"yoast-schema-graph\">{\"@context\":\"https:\/\/schema.org\",\"@graph\":[{\"@type\":\"Article\",\"@id\":\"https:\/\/www.cefarm24.pl\/czytelnia\/przeziebienia-i-bol\/bol-gardla-przyczyny-i-objawy-jak-szybko-pozbyc-sie-bolu-gardla\/#article\",\"isPartOf\":{\"@id\":\"https:\/\/www.cefarm24.pl\/czytelnia\/przeziebienia-i-bol\/bol-gardla-przyczyny-i-objawy-jak-szybko-pozbyc-sie-bolu-gardla\/\"},\"author\":{\"name\":\"Piotr Olszak\",\"@id\":\"https:\/\/www.cefarm24.pl\/czytelnia\/#\/schema\/person\/63d0abc8a3a9107ada6efcb1ac481c3f\"},\"headline\":\"B\u00f3l gard\u0142a &#8211; przyczyny i objawy. Jak szybko pozby\u0107 si\u0119 b\u00f3lu gard\u0142a?\",\"datePublished\":\"2024-11-05T13:47:19+00:00\",\"dateModified\":\"2024-11-12T14:15:49+00:00\",\"mainEntityOfPage\":{\"@id\":\"https:\/\/www.cefarm24.pl\/czytelnia\/przeziebienia-i-bol\/bol-gardla-przyczyny-i-objawy-jak-szybko-pozbyc-sie-bolu-gardla\/\"},\"wordCount\":2787,\"publisher\":{\"@id\":\"https:\/\/www.cefarm24.pl\/czytelnia\/#organization\"},\"image\":{\"@id\":\"https:\/\/www.cefarm24.pl\/czytelnia\/przeziebienia-i-bol\/bol-gardla-przyczyny-i-objawy-jak-szybko-pozbyc-sie-bolu-gardla\/#primaryimage\"},\"thumbnailUrl\":\"https:\/\/www.cefarm24.pl\/czytelnia\/wp-content\/uploads\/2021\/03\/kaszel-scaled.jpg\",\"articleSection\":[\"Przezi\u0119bienia i b\u00f3l\",\"Strona g\u0142\u00f3wna\"],\"inLanguage\":\"pl-PL\"},{\"@type\":\"WebPage\",\"@id\":\"https:\/\/www.cefarm24.pl\/czytelnia\/przeziebienia-i-bol\/bol-gardla-przyczyny-i-objawy-jak-szybko-pozbyc-sie-bolu-gardla\/\",\"url\":\"https:\/\/www.cefarm24.pl\/czytelnia\/przeziebienia-i-bol\/bol-gardla-przyczyny-i-objawy-jak-szybko-pozbyc-sie-bolu-gardla\/\",\"name\":\"B\u00f3l gard\u0142a - przyczyny i objawy. Jak szybko pozby\u0107 si\u0119 b\u00f3lu gard\u0142a? - Czytelnia apteki Cefarm24\",\"isPartOf\":{\"@id\":\"https:\/\/www.cefarm24.pl\/czytelnia\/#website\"},\"primaryImageOfPage\":{\"@id\":\"https:\/\/www.cefarm24.pl\/czytelnia\/przeziebienia-i-bol\/bol-gardla-przyczyny-i-objawy-jak-szybko-pozbyc-sie-bolu-gardla\/#primaryimage\"},\"image\":{\"@id\":\"https:\/\/www.cefarm24.pl\/czytelnia\/przeziebienia-i-bol\/bol-gardla-przyczyny-i-objawy-jak-szybko-pozbyc-sie-bolu-gardla\/#primaryimage\"},\"thumbnailUrl\":\"https:\/\/www.cefarm24.pl\/czytelnia\/wp-content\/uploads\/2021\/03\/kaszel-scaled.jpg\",\"datePublished\":\"2024-11-05T13:47:19+00:00\",\"dateModified\":\"2024-11-12T14:15:49+00:00\",\"description\":\"B\u00f3l gard\u0142a to jedna z najbardziej dokuczliwych dolegliwo\u015bci, kt\u00f3re mog\u0105 si\u0119 pojawia\u0107 podczas choroby u os\u00f3b w ka\u017cdym wieku\",\"breadcrumb\":{\"@id\":\"https:\/\/www.cefarm24.pl\/czytelnia\/przeziebienia-i-bol\/bol-gardla-przyczyny-i-objawy-jak-szybko-pozbyc-sie-bolu-gardla\/#breadcrumb\"},\"inLanguage\":\"pl-PL\",\"potentialAction\":[{\"@type\":\"ReadAction\",\"target\":[\"https:\/\/www.cefarm24.pl\/czytelnia\/przeziebienia-i-bol\/bol-gardla-przyczyny-i-objawy-jak-szybko-pozbyc-sie-bolu-gardla\/\"]}]},{\"@type\":\"ImageObject\",\"inLanguage\":\"pl-PL\",\"@id\":\"https:\/\/www.cefarm24.pl\/czytelnia\/przeziebienia-i-bol\/bol-gardla-przyczyny-i-objawy-jak-szybko-pozbyc-sie-bolu-gardla\/#primaryimage\",\"url\":\"https:\/\/www.cefarm24.pl\/czytelnia\/wp-content\/uploads\/2021\/03\/kaszel-scaled.jpg\",\"contentUrl\":\"https:\/\/www.cefarm24.pl\/czytelnia\/wp-content\/uploads\/2021\/03\/kaszel-scaled.jpg\",\"width\":2560,\"height\":1707,\"caption\":\"Suchy kaszel u doros\u0142ych i dzieci\"},{\"@type\":\"BreadcrumbList\",\"@id\":\"https:\/\/www.cefarm24.pl\/czytelnia\/przeziebienia-i-bol\/bol-gardla-przyczyny-i-objawy-jak-szybko-pozbyc-sie-bolu-gardla\/#breadcrumb\",\"itemListElement\":[{\"@type\":\"ListItem\",\"position\":1,\"name\":\"Strona g\u0142\u00f3wna\",\"item\":\"https:\/\/www.cefarm24.pl\/\"},{\"@type\":\"ListItem\",\"position\":2,\"name\":\"Czytelnia\",\"item\":\"https:\/\/www.cefarm24.pl\/czytelnia\/\"},{\"@type\":\"ListItem\",\"position\":3,\"name\":\"Przezi\u0119bienia i b\u00f3l\",\"item\":\"https:\/\/www.cefarm24.pl\/czytelnia\/przeziebienia-i-bol\/\"},{\"@type\":\"ListItem\",\"position\":4,\"name\":\"B\u00f3l gard\u0142a &#8211; przyczyny i objawy. Jak szybko pozby\u0107 si\u0119 b\u00f3lu gard\u0142a?\"}]},{\"@type\":\"WebSite\",\"@id\":\"https:\/\/www.cefarm24.pl\/czytelnia\/#website\",\"url\":\"https:\/\/www.cefarm24.pl\/czytelnia\/\",\"name\":\"Czytelnia apteki Cefarm24\",\"description\":\"Porady zdrowotne, opisy chor\u00f3b, nowo\u015bci w ofercie lek\u00f3w i suplement\u00f3w. Czytaj i wiedz wi\u0119cej!\",\"publisher\":{\"@id\":\"https:\/\/www.cefarm24.pl\/czytelnia\/#organization\"},\"potentialAction\":[{\"@type\":\"SearchAction\",\"target\":{\"@type\":\"EntryPoint\",\"urlTemplate\":\"https:\/\/www.cefarm24.pl\/czytelnia\/?s={search_term_string}\"},\"query-input\":{\"@type\":\"PropertyValueSpecification\",\"valueRequired\":true,\"valueName\":\"search_term_string\"}}],\"inLanguage\":\"pl-PL\"},{\"@type\":\"Organization\",\"@id\":\"https:\/\/www.cefarm24.pl\/czytelnia\/#organization\",\"name\":\"Apteka Cefarm24\",\"url\":\"https:\/\/www.cefarm24.pl\/czytelnia\/\",\"logo\":{\"@type\":\"ImageObject\",\"inLanguage\":\"pl-PL\",\"@id\":\"https:\/\/www.cefarm24.pl\/czytelnia\/#\/schema\/logo\/image\/\",\"url\":\"https:\/\/www.cefarm24.pl\/czytelnia\/wp-content\/uploads\/2016\/04\/cefarm-logo.jpg\",\"contentUrl\":\"https:\/\/www.cefarm24.pl\/czytelnia\/wp-content\/uploads\/2016\/04\/cefarm-logo.jpg\",\"width\":310,\"height\":90,\"caption\":\"Apteka Cefarm24\"},\"image\":{\"@id\":\"https:\/\/www.cefarm24.pl\/czytelnia\/#\/schema\/logo\/image\/\"},\"sameAs\":[\"https:\/\/www.facebook.com\/cefarm24\/\"]},{\"@type\":\"Person\",\"@id\":\"https:\/\/www.cefarm24.pl\/czytelnia\/#\/schema\/person\/63d0abc8a3a9107ada6efcb1ac481c3f\",\"name\":\"Piotr Olszak\",\"image\":{\"@type\":\"ImageObject\",\"inLanguage\":\"pl-PL\",\"@id\":\"https:\/\/www.cefarm24.pl\/czytelnia\/#\/schema\/person\/image\/\",\"url\":\"https:\/\/secure.gravatar.com\/avatar\/11e17193e3c05ec87123f4e88a073353?s=96&d=mm&r=g\",\"contentUrl\":\"https:\/\/secure.gravatar.com\/avatar\/11e17193e3c05ec87123f4e88a073353?s=96&d=mm&r=g\",\"caption\":\"Piotr Olszak\"}}]}<\/script>\n<!-- \/ Yoast SEO plugin. -->","yoast_head_json":{"title":"B\u00f3l gard\u0142a - przyczyny i objawy. Jak szybko pozby\u0107 si\u0119 b\u00f3lu gard\u0142a? - Czytelnia apteki Cefarm24","description":"B\u00f3l gard\u0142a to jedna z najbardziej dokuczliwych dolegliwo\u015bci, kt\u00f3re mog\u0105 si\u0119 pojawia\u0107 podczas choroby u os\u00f3b w ka\u017cdym wieku","robots":{"index":"index","follow":"follow","max-snippet":"max-snippet:-1","max-image-preview":"max-image-preview:large","max-video-preview":"max-video-preview:-1"},"canonical":"https:\/\/www.cefarm24.pl\/czytelnia\/przeziebienia-i-bol\/bol-gardla-przyczyny-i-objawy-jak-szybko-pozbyc-sie-bolu-gardla\/","twitter_misc":{"Napisane przez":"Piotr Olszak","Szacowany czas czytania":"13 minut"},"schema":{"@context":"https:\/\/schema.org","@graph":[{"@type":"Article","@id":"https:\/\/www.cefarm24.pl\/czytelnia\/przeziebienia-i-bol\/bol-gardla-przyczyny-i-objawy-jak-szybko-pozbyc-sie-bolu-gardla\/#article","isPartOf":{"@id":"https:\/\/www.cefarm24.pl\/czytelnia\/przeziebienia-i-bol\/bol-gardla-przyczyny-i-objawy-jak-szybko-pozbyc-sie-bolu-gardla\/"},"author":{"name":"Piotr Olszak","@id":"https:\/\/www.cefarm24.pl\/czytelnia\/#\/schema\/person\/63d0abc8a3a9107ada6efcb1ac481c3f"},"headline":"B\u00f3l gard\u0142a &#8211; przyczyny i objawy. Jak szybko pozby\u0107 si\u0119 b\u00f3lu gard\u0142a?","datePublished":"2024-11-05T13:47:19+00:00","dateModified":"2024-11-12T14:15:49+00:00","mainEntityOfPage":{"@id":"https:\/\/www.cefarm24.pl\/czytelnia\/przeziebienia-i-bol\/bol-gardla-przyczyny-i-objawy-jak-szybko-pozbyc-sie-bolu-gardla\/"},"wordCount":2787,"publisher":{"@id":"https:\/\/www.cefarm24.pl\/czytelnia\/#organization"},"image":{"@id":"https:\/\/www.cefarm24.pl\/czytelnia\/przeziebienia-i-bol\/bol-gardla-przyczyny-i-objawy-jak-szybko-pozbyc-sie-bolu-gardla\/#primaryimage"},"thumbnailUrl":"https:\/\/www.cefarm24.pl\/czytelnia\/wp-content\/uploads\/2021\/03\/kaszel-scaled.jpg","articleSection":["Przezi\u0119bienia i b\u00f3l","Strona g\u0142\u00f3wna"],"inLanguage":"pl-PL"},{"@type":"WebPage","@id":"https:\/\/www.cefarm24.pl\/czytelnia\/przeziebienia-i-bol\/bol-gardla-przyczyny-i-objawy-jak-szybko-pozbyc-sie-bolu-gardla\/","url":"https:\/\/www.cefarm24.pl\/czytelnia\/przeziebienia-i-bol\/bol-gardla-przyczyny-i-objawy-jak-szybko-pozbyc-sie-bolu-gardla\/","name":"B\u00f3l gard\u0142a - przyczyny i objawy. Jak szybko pozby\u0107 si\u0119 b\u00f3lu gard\u0142a? - Czytelnia apteki Cefarm24","isPartOf":{"@id":"https:\/\/www.cefarm24.pl\/czytelnia\/#website"},"primaryImageOfPage":{"@id":"https:\/\/www.cefarm24.pl\/czytelnia\/przeziebienia-i-bol\/bol-gardla-przyczyny-i-objawy-jak-szybko-pozbyc-sie-bolu-gardla\/#primaryimage"},"image":{"@id":"https:\/\/www.cefarm24.pl\/czytelnia\/przeziebienia-i-bol\/bol-gardla-przyczyny-i-objawy-jak-szybko-pozbyc-sie-bolu-gardla\/#primaryimage"},"thumbnailUrl":"https:\/\/www.cefarm24.pl\/czytelnia\/wp-content\/uploads\/2021\/03\/kaszel-scaled.jpg","datePublished":"2024-11-05T13:47:19+00:00","dateModified":"2024-11-12T14:15:49+00:00","description":"B\u00f3l gard\u0142a to jedna z najbardziej dokuczliwych dolegliwo\u015bci, kt\u00f3re mog\u0105 si\u0119 pojawia\u0107 podczas choroby u os\u00f3b w ka\u017cdym wieku","breadcrumb":{"@id":"https:\/\/www.cefarm24.pl\/czytelnia\/przeziebienia-i-bol\/bol-gardla-przyczyny-i-objawy-jak-szybko-pozbyc-sie-bolu-gardla\/#breadcrumb"},"inLanguage":"pl-PL","potentialAction":[{"@type":"ReadAction","target":["https:\/\/www.cefarm24.pl\/czytelnia\/przeziebienia-i-bol\/bol-gardla-przyczyny-i-objawy-jak-szybko-pozbyc-sie-bolu-gardla\/"]}]},{"@type":"ImageObject","inLanguage":"pl-PL","@id":"https:\/\/www.cefarm24.pl\/czytelnia\/przeziebienia-i-bol\/bol-gardla-przyczyny-i-objawy-jak-szybko-pozbyc-sie-bolu-gardla\/#primaryimage","url":"https:\/\/www.cefarm24.pl\/czytelnia\/wp-content\/uploads\/2021\/03\/kaszel-scaled.jpg","contentUrl":"https:\/\/www.cefarm24.pl\/czytelnia\/wp-content\/uploads\/2021\/03\/kaszel-scaled.jpg","width":2560,"height":1707,"caption":"Suchy kaszel u doros\u0142ych i dzieci"},{"@type":"BreadcrumbList","@id":"https:\/\/www.cefarm24.pl\/czytelnia\/przeziebienia-i-bol\/bol-gardla-przyczyny-i-objawy-jak-szybko-pozbyc-sie-bolu-gardla\/#breadcrumb","itemListElement":[{"@type":"ListItem","position":1,"name":"Strona g\u0142\u00f3wna","item":"https:\/\/www.cefarm24.pl\/"},{"@type":"ListItem","position":2,"name":"Czytelnia","item":"https:\/\/www.cefarm24.pl\/czytelnia\/"},{"@type":"ListItem","position":3,"name":"Przezi\u0119bienia i b\u00f3l","item":"https:\/\/www.cefarm24.pl\/czytelnia\/przeziebienia-i-bol\/"},{"@type":"ListItem","position":4,"name":"B\u00f3l gard\u0142a &#8211; przyczyny i objawy. Jak szybko pozby\u0107 si\u0119 b\u00f3lu gard\u0142a?"}]},{"@type":"WebSite","@id":"https:\/\/www.cefarm24.pl\/czytelnia\/#website","url":"https:\/\/www.cefarm24.pl\/czytelnia\/","name":"Czytelnia apteki Cefarm24","description":"Porady zdrowotne, opisy chor\u00f3b, nowo\u015bci w ofercie lek\u00f3w i suplement\u00f3w. Czytaj i wiedz wi\u0119cej!","publisher":{"@id":"https:\/\/www.cefarm24.pl\/czytelnia\/#organization"},"potentialAction":[{"@type":"SearchAction","target":{"@type":"EntryPoint","urlTemplate":"https:\/\/www.cefarm24.pl\/czytelnia\/?s={search_term_string}"},"query-input":{"@type":"PropertyValueSpecification","valueRequired":true,"valueName":"search_term_string"}}],"inLanguage":"pl-PL"},{"@type":"Organization","@id":"https:\/\/www.cefarm24.pl\/czytelnia\/#organization","name":"Apteka Cefarm24","url":"https:\/\/www.cefarm24.pl\/czytelnia\/","logo":{"@type":"ImageObject","inLanguage":"pl-PL","@id":"https:\/\/www.cefarm24.pl\/czytelnia\/#\/schema\/logo\/image\/","url":"https:\/\/www.cefarm24.pl\/czytelnia\/wp-content\/uploads\/2016\/04\/cefarm-logo.jpg","contentUrl":"https:\/\/www.cefarm24.pl\/czytelnia\/wp-content\/uploads\/2016\/04\/cefarm-logo.jpg","width":310,"height":90,"caption":"Apteka Cefarm24"},"image":{"@id":"https:\/\/www.cefarm24.pl\/czytelnia\/#\/schema\/logo\/image\/"},"sameAs":["https:\/\/www.facebook.com\/cefarm24\/"]},{"@type":"Person","@id":"https:\/\/www.cefarm24.pl\/czytelnia\/#\/schema\/person\/63d0abc8a3a9107ada6efcb1ac481c3f","name":"Piotr Olszak","image":{"@type":"ImageObject","inLanguage":"pl-PL","@id":"https:\/\/www.cefarm24.pl\/czytelnia\/#\/schema\/person\/image\/","url":"https:\/\/secure.gravatar.com\/avatar\/11e17193e3c05ec87123f4e88a073353?s=96&d=mm&r=g","contentUrl":"https:\/\/secure.gravatar.com\/avatar\/11e17193e3c05ec87123f4e88a073353?s=96&d=mm&r=g","caption":"Piotr Olszak"}}]}},"_links":{"self":[{"href":"https:\/\/www.cefarm24.pl\/czytelnia\/wp-json\/wp\/v2\/posts\/10481","targetHints":{"allow":["GET"]}}],"collection":[{"href":"https:\/\/www.cefarm24.pl\/czytelnia\/wp-json\/wp\/v2\/posts"}],"about":[{"href":"https:\/\/www.cefarm24.pl\/czytelnia\/wp-json\/wp\/v2\/types\/post"}],"author":[{"embeddable":true,"href":"https:\/\/www.cefarm24.pl\/czytelnia\/wp-json\/wp\/v2\/users\/8"}],"replies":[{"embeddable":true,"href":"https:\/\/www.cefarm24.pl\/czytelnia\/wp-json\/wp\/v2\/comments?post=10481"}],"version-history":[{"count":2,"href":"https:\/\/www.cefarm24.pl\/czytelnia\/wp-json\/wp\/v2\/posts\/10481\/revisions"}],"predecessor-version":[{"id":10485,"href":"https:\/\/www.cefarm24.pl\/czytelnia\/wp-json\/wp\/v2\/posts\/10481\/revisions\/10485"}],"wp:featuredmedia":[{"embeddable":true,"href":"https:\/\/www.cefarm24.pl\/czytelnia\/wp-json\/wp\/v2\/media\/5613"}],"wp:attachment":[{"href":"https:\/\/www.cefarm24.pl\/czytelnia\/wp-json\/wp\/v2\/media?parent=10481"}],"wp:term":[{"taxonomy":"category","embeddable":true,"href":"https:\/\/www.cefarm24.pl\/czytelnia\/wp-json\/wp\/v2\/categories?post=10481"},{"taxonomy":"post_tag","embeddable":true,"href":"https:\/\/www.cefarm24.pl\/czytelnia\/wp-json\/wp\/v2\/tags?post=10481"}],"curies":[{"name":"wp","href":"https:\/\/api.w.org\/{rel}","templated":true}]}}